{"id":58434,"date":"2023-09-06T10:27:14","date_gmt":"2023-09-06T15:27:14","guid":{"rendered":"http:\/\/losperiodistas.com.mx\/portal\/?p=58434"},"modified":"2023-09-06T10:27:16","modified_gmt":"2023-09-06T15:27:16","slug":"monologos-de-menade-y-si-es-mujer-y-si-es","status":"publish","type":"post","link":"https:\/\/losperiodistas.com.mx\/portal\/monologos-de-menade-y-si-es-mujer-y-si-es\/","title":{"rendered":"Mon\u00f3logos de M\u00e9nade | \u00bfY si es mujer? \u00bfY si es\u2026?"},"content":{"rendered":"\n<p class=\"has-medium-font-size\">\u00bfQue deber\u00eda tener una mujer que busque la candidatura a la gubernatura como prioridad, por el simple hecho de ser mujer, aparte de matriz y vagina? No hagan esc\u00e1ndalo, as\u00ed se llaman.<\/p>\n\n\n\n<figure class=\"wp-block-image size-large is-style-default\"><img fetchpriority=\"high\" decoding=\"async\" width=\"1024\" height=\"576\" src=\"https:\/\/losperiodistas.com.mx\/portal\/wp-content\/uploads\/2023\/09\/\u00bfY-si-es-mujer-1024x576.jpg\" alt=\"\" class=\"wp-image-58435\" srcset=\"https:\/\/losperiodistas.com.mx\/portal\/wp-content\/uploads\/2023\/09\/\u00bfY-si-es-mujer-1024x576.jpg 1024w, https:\/\/losperiodistas.com.mx\/portal\/wp-content\/uploads\/2023\/09\/\u00bfY-si-es-mujer-300x169.jpg 300w, https:\/\/losperiodistas.com.mx\/portal\/wp-content\/uploads\/2023\/09\/\u00bfY-si-es-mujer-768x432.jpg 768w, https:\/\/losperiodistas.com.mx\/portal\/wp-content\/uploads\/2023\/09\/\u00bfY-si-es-mujer.jpg 1200w\" sizes=\"(max-width: 1024px) 100vw, 1024px\" \/><\/figure>\n\n\n\n<p><\/p>\n\n\n\n<p class=\"has-vivid-red-color has-text-color\" style=\"font-size:26px\"><strong><em>Por Itandehui Rodr\u00edguez Mart\u00ednez<\/em><\/strong><\/p>\n\n\n\n<p>@Itandehui_RoMa<\/p>\n\n\n\n<p>Un buen amigo me plante\u00f3 estas dos preguntas, de esos que me retan a pensarle \u201cfuera de la caja\u201d y cuyo nombre no les compartir\u00e9 porque dice que luego \u201cle pegan\u201d por mi culpa. \u00bfY s\u00ed es mujer? \u00bfY s\u00ed es\u2026? As\u00ed empez\u00f3 su argumentaci\u00f3n y fuimos descartando nombre por nombre hasta dar con uno.<\/p>\n\n\n\n<p>Sigue sin quedarme claro el tema de los bloques de competitividad, porque a cada explicaci\u00f3n, le encuentro num\u00e9ricamente muchos \u201cno\u201d. Pero vienen los \u201cs\u00ed\u201d y no afirmativos, sino interrogativos.<\/p>\n\n\n\n<p>Se requiere de una mujer que realmente enarbole la causa feminista. La de las mujeres es una agenda que ya da tiempo ni lugar a pausas.<\/p>\n\n\n\n<p>\u00bfY s\u00ed es Claudia? \u00bfClaudia Rivera es realmente feminista? \u00a1No lo s\u00e9 Rick\u2026! Reza el dicho: \u201cdime con qui\u00e9n andas y te dir\u00e9 qui\u00e9n eres\u201d y Claudia anda defendi\u00e9ndose de denuncias por violencia no solo de g\u00e9nero, sino de acoso laboral. Y no, no fue ella, las autoridades judiciales lo dejaron en claro, pero son tantas de gente tan cercana que cuando el r\u00edo suena\u2026<\/p>\n\n\n\n<p>Aprovecho para abrir un par\u00e9ntesis y contarles un chisme. Pues resulta que, los ex secretarios de Claudia Rivera est\u00e1n abriendo grupos de whatsapp integrando a sus ex empleados y dando por sentado que forman parte de la estructura territorial poque&nbsp;<strong>EST\u00c1 BUSCANDO REALMENTE LA ALCALD\u00cdA, NO LA GUBERNATURA.&nbsp;<\/strong>Nom\u00e1s le est\u00e1 tirando al sol para alcanzar a la luna.<\/p>\n\n\n\n<p>Volvamos al punto.<\/p>\n\n\n\n<p>\u00bfY s\u00ed es Olivia? \u00bfOlivia Salom\u00f3n es feminista? Puede ser, solo que lo feminista le sali\u00f3 luego de que enviud\u00f3 y est\u00e1 bien, nunca es tarde para comenzar a deconstruirse y a cambiar, pero hay tantas voces hablando de la manera en que ha terminado relaciones con asesores en distintas materias, que no suena muy bien la historia. Porque todas terminan en lo mismo\u2026 violencia.<\/p>\n\n\n\n<p>\u00bfY s\u00ed es mujer? \u00bfY s\u00ed es\u2026 la secretaria del Bienestar?<\/p>\n\n\n\n<p>Otra que levanta la mano y que parece que s\u00ed representa la causa de las mujeres es la secretaria del Bienestar, Lizeth S\u00e1nchez Garc\u00eda, conocida por sus cuates y por todos los que no lo somos como Liz S\u00e1nchez.<\/p>\n\n\n\n<p>Es una mujer que viene de la iniciativa privada y que incursion\u00f3 en la pol\u00edtica.<\/p>\n\n\n\n<p>Ya fue diputada Local, diputada Federal, tuvo cargos en el PT y, adem\u00e1s, es secretaria&nbsp;<a href=\"https:\/\/sb.puebla.gob.mx\/\">de Bienestar<\/a>. Es decir, tiene experiencia en dos de tres poderes.<\/p>\n\n\n\n<p>Conoce las necesidades, la radiograf\u00eda y la geograf\u00eda de Puebla.<\/p>\n\n\n\n<p>Es una mujer de verdadera izquierda que, s\u00ed bien no es la m\u00e1s conocida, \u201cencaja\u201d a la perfecci\u00f3n con las necesidades de Morena, de cara a la elecci\u00f3n de 2024.<\/p>\n\n\n\n<p>Adem\u00e1s, se destap\u00f3 en febrero de este a\u00f1o y cuenta con el aprecio del gobernador Sergio Salom\u00f3n C\u00e9spedes.<\/p>\n\n\n\n<p>Te recomiendo leer:&nbsp;<a href=\"https:\/\/www.apartadomex.com\/opinion\/monologos-de-menade\/el-legado-de-lopez-obrador\/18664\/\">El legado de L\u00f3pez Obrador<\/a>.<\/p>\n\n\n\n<h2 class=\"wp-block-heading\">\u00bfY s\u00ed es mujer? \u00bfQu\u00e9 caracter\u00edsticas debe tener?<\/h2>\n\n\n\n<p>Una candidata o candidato con poco conocimiento, vale m\u00e1s para la 4T que uno muy conocido, por una sencilla raz\u00f3n, sus negativos no afectan a la marca y \u201cla dejan\u201d hacer lo que sabe, ganar.<\/p>\n\n\n\n<p>Para la 4T es mejor una candidata o candidato con menor conocimiento pues su competitividad es mayor. Si no me creen, preg\u00fantenle a Claudia Rivera, nadie la conoc\u00eda, se mont\u00f3 en la ola y gan\u00f3.<\/p>\n\n\n\n<p>Aclaro, nunca dije que eso es garant\u00eda de tener buenos gobernantes. Hoy una constante, lamentablemente es que para ser gobernante no hay que saber gobernar.<\/p>\n\n\n\n<p>Por su parte, la oposici\u00f3n requiere de candidatos muy competitivos, como Eduardo Rivera, para poder dar la pelea, por una raz\u00f3n bien sencilla, no conozco a un grupo de personas, salvo los beneficiarios, econ\u00f3mica y pol\u00edticamente hablando por esos tiempos que digan: \u201c\u00a1A\u00f1oro los tiempos en que gobernaba el PRI!\u201d o \u201c\u00a1C\u00f3mo quisiera que volviera el morenovallismo!\u201d -que no es lo mismo que el panismo-. Tampoco es como que extra\u00f1emos mucho al barbosismo, aclaro, salvo, como ya dije, los beneficiarios econ\u00f3micos\u2026 Obviamente.<\/p>\n\n\n\n<p>Pero volvamos a Liz S\u00e1nchez, es joven, es de gesto amable, una poblana con una carrera no tan larga pero muy completa y, al parecer, es m\u00e1s aliada de las mujeres que otras mujeres.<\/p>\n\n\n\n<p>Hace tiempo escrib\u00ed una columna que se titul\u00f3:&nbsp;<a href=\"https:\/\/www.apartadomex.com\/opinion\/monologos-de-menade\/llegar-y-no-incidir-es-como-no-llegar\/4588\/\">Llegar y no incidir es como no llegar<\/a>\u2026 sigo pensando lo mismo. Por eso es que es tan importante que, si Morena define que en Puebla va una mujer, tenga presente la agenda de las mujeres. Y aunque sea hombre, deben tener en claro que \u00e9sa es una de las grandes prioridades.<\/p>\n\n\n\n<p>No te pierdas:<\/p>\n\n\n\n<blockquote class=\"wp-block-quote is-layout-flow wp-block-quote-is-layout-flow\"><p><a href=\"https:\/\/www.apartadomex.com\/opinion\/monologos-de-menade\/el-machismo-en-un-dia-de-conquista-feminista\/4858\/\">El machismo en un d\u00eda de conquista feminista<\/a><\/p><\/blockquote>\n","protected":false},"excerpt":{"rendered":"<p>\u00bfQue deber\u00eda tener una mujer que busque la candidatura a la gubernatura como prioridad, por el simple hecho de ser [&hellip;]<\/p>\n","protected":false},"author":1,"featured_media":58435,"comment_status":"open","ping_status":"open","sticky":false,"template":"","format":"standard","meta":{"site-sidebar-layout":"default","site-content-layout":"","ast-site-content-layout":"default","site-content-style":"default","site-sidebar-style":"default","ast-global-header-display":"","ast-banner-title-visibility":"","ast-main-header-display":"","ast-hfb-above-header-display":"","ast-hfb-below-header-display":"","ast-hfb-mobile-header-display":"","site-post-title":"","ast-breadcrumbs-content":"","ast-featured-img":"","footer-sml-layout":"","theme-transparent-header-meta":"","adv-header-id-meta":"","stick-header-meta":"","header-above-stick-meta":"","header-main-stick-meta":"","header-below-stick-meta":"","astra-migrate-meta-layouts":"default","ast-page-background-enabled":"default","ast-page-background-meta":{"desktop":{"background-color":"var(--ast-global-color-4)","background-image":"","background-repeat":"repeat","background-position":"center center","background-size":"auto","background-attachment":"scroll","background-type":"","background-media":"","overlay-type":"","overlay-color":"","overlay-opacity":"","overlay-gradient":""},"tablet":{"background-color":"","background-image":"","background-repeat":"repeat","background-position":"center center","background-size":"auto","background-attachment":"scroll","background-type":"","background-media":"","overlay-type":"","overlay-color":"","overlay-opacity":"","overlay-gradient":""},"mobile":{"background-color":"","background-image":"","background-repeat":"repeat","background-position":"center center","background-size":"auto","background-attachment":"scroll","background-type":"","background-media":"","overlay-type":"","overlay-color":"","overlay-opacity":"","overlay-gradient":""}},"ast-content-background-meta":{"desktop":{"background-color":"var(--ast-global-color-5)","background-image":"","background-repeat":"repeat","background-position":"center center","background-size":"auto","background-attachment":"scroll","background-type":"","background-media":"","overlay-type":"","overlay-color":"","overlay-opacity":"","overlay-gradient":""},"tablet":{"background-color":"var(--ast-global-color-5)","background-image":"","background-repeat":"repeat","background-position":"center center","background-size":"auto","background-attachment":"scroll","background-type":"","background-media":"","overlay-type":"","overlay-color":"","overlay-opacity":"","overlay-gradient":""},"mobile":{"background-color":"var(--ast-global-color-5)","background-image":"","background-repeat":"repeat","background-position":"center center","background-size":"auto","background-attachment":"scroll","background-type":"","background-media":"","overlay-type":"","overlay-color":"","overlay-opacity":"","overlay-gradient":""}},"footnotes":""},"categories":[8,22],"tags":[5486,18700,725],"class_list":["post-58434","post","type-post","status-publish","format-standard","has-post-thumbnail","hentry","category-noticias","category-opinion-invitada","tag-elecciones-2024","tag-liz-sanchez","tag-morena-puebla"],"_links":{"self":[{"href":"https:\/\/losperiodistas.com.mx\/portal\/wp-json\/wp\/v2\/posts\/58434","targetHints":{"allow":["GET"]}}],"collection":[{"href":"https:\/\/losperiodistas.com.mx\/portal\/wp-json\/wp\/v2\/posts"}],"about":[{"href":"https:\/\/losperiodistas.com.mx\/portal\/wp-json\/wp\/v2\/types\/post"}],"author":[{"embeddable":true,"href":"https:\/\/losperiodistas.com.mx\/portal\/wp-json\/wp\/v2\/users\/1"}],"replies":[{"embeddable":true,"href":"https:\/\/losperiodistas.com.mx\/portal\/wp-json\/wp\/v2\/comments?post=58434"}],"version-history":[{"count":1,"href":"https:\/\/losperiodistas.com.mx\/portal\/wp-json\/wp\/v2\/posts\/58434\/revisions"}],"predecessor-version":[{"id":58436,"href":"https:\/\/losperiodistas.com.mx\/portal\/wp-json\/wp\/v2\/posts\/58434\/revisions\/58436"}],"wp:featuredmedia":[{"embeddable":true,"href":"https:\/\/losperiodistas.com.mx\/portal\/wp-json\/wp\/v2\/media\/58435"}],"wp:attachment":[{"href":"https:\/\/losperiodistas.com.mx\/portal\/wp-json\/wp\/v2\/media?parent=58434"}],"wp:term":[{"taxonomy":"category","embeddable":true,"href":"https:\/\/losperiodistas.com.mx\/portal\/wp-json\/wp\/v2\/categories?post=58434"},{"taxonomy":"post_tag","embeddable":true,"href":"https:\/\/losperiodistas.com.mx\/portal\/wp-json\/wp\/v2\/tags?post=58434"}],"curies":[{"name":"wp","href":"https:\/\/api.w.org\/{rel}","templated":true}]}}