{"id":58431,"date":"2023-09-06T10:12:06","date_gmt":"2023-09-06T15:12:06","guid":{"rendered":"http:\/\/losperiodistas.com.mx\/portal\/?p=58431"},"modified":"2023-09-06T10:12:10","modified_gmt":"2023-09-06T15:12:10","slug":"wola-persisten-abusos-de-fuerzas-armadas-en-mexico-dw","status":"publish","type":"post","link":"https:\/\/losperiodistas.com.mx\/portal\/wola-persisten-abusos-de-fuerzas-armadas-en-mexico-dw\/","title":{"rendered":"WOLA: persisten abusos de fuerzas armadas en M\u00e9xico | DW"},"content":{"rendered":"\n<p class=\"has-vivid-green-cyan-background-color has-background has-medium-font-size\">Las fuerzas armadas en M\u00e9xico no reportan adecuadamente las detenciones y persisten abusos a derechos humanos perpetrados por sus miembros, denuncia un informe de la Oficina de Washington en Latinoam\u00e9rica (WOLA).<\/p>\n\n\n\n<div class=\"wp-block-image is-style-default\"><figure class=\"aligncenter size-large\"><img fetchpriority=\"high\" decoding=\"async\" width=\"1024\" height=\"448\" src=\"https:\/\/losperiodistas.com.mx\/portal\/wp-content\/uploads\/2023\/09\/63036674_1004-1024x448.jpg\" alt=\"\" class=\"wp-image-58432\" srcset=\"https:\/\/losperiodistas.com.mx\/portal\/wp-content\/uploads\/2023\/09\/63036674_1004-1024x448.jpg 1024w, https:\/\/losperiodistas.com.mx\/portal\/wp-content\/uploads\/2023\/09\/63036674_1004-300x131.jpg 300w, https:\/\/losperiodistas.com.mx\/portal\/wp-content\/uploads\/2023\/09\/63036674_1004-768x336.jpg 768w, https:\/\/losperiodistas.com.mx\/portal\/wp-content\/uploads\/2023\/09\/63036674_1004.jpg 1200w\" sizes=\"(max-width: 1024px) 100vw, 1024px\" \/><figcaption>\u00abEl Estado mexicano est\u00e1 concentrando cada vez m\u00e1s poder en instituciones conocidas precisamente por su opacidad, y lo est\u00e1 haciendo sin controles civiles adecuados, en un proceso que ser\u00e1 dif\u00edcil de revertir\u00bb, advierte WOLA.<small>Imagen:\u00a0Artur Widak\/NurPhoto\/picture alliance<\/small><\/figcaption><\/figure><\/div>\n\n\n\n<p class=\"has-vivid-red-color has-text-color has-medium-font-size\"><strong>DW<\/strong><\/p>\n\n\n\n<p>El informe, que recoge datos sobre detenciones y presuntos abusos realizados por las fuerzas del orden, alerta que el Gobierno de&nbsp;<a href=\"https:\/\/www.dw.com\/es\/andr%C3%A9s-manuel-l%C3%B3pez-obrador\/t-17412982\">Andr\u00e9s Manuel L\u00f3pez Obrador<\/a>&nbsp;ha impulsado una&nbsp;<a href=\"https:\/\/www.dw.com\/es\/amnist%C3%ADa-internacional-rechaza-la-militarizaci%C3%B3n-de-m%C3%A9xico\/a-63076200\">\u00abamplia militarizaci\u00f3n\u00bb<\/a>&nbsp;en el pa\u00eds, sin que exista un suficiente escrutinio o control civil.<\/p>\n\n\n\n<p>\u00abEl Estado mexicano est\u00e1 concentrando cada vez m\u00e1s poder en instituciones conocidas precisamente por su opacidad, y lo est\u00e1 haciendo sin controles civiles adecuados, en un proceso que ser\u00e1 dif\u00edcil de revertir\u00bb, advierte Stephanie Brewer, directora para&nbsp;<a href=\"https:\/\/www.dw.com\/es\/m%C3%A9xico\/t-17409380\">M\u00e9xico<\/a>&nbsp;en WOLA, en un comunicado.<\/p>\n\n\n\n<p>El reporte denuncia que la Secretar\u00eda de la Defensa Nacional (Sedena) no est\u00e1 registrando todas las detenciones que realiza en el Registro Nacional de Detenciones (RND), algo que debe hacer por ley.<\/p>\n\n\n\n<p>Seg\u00fan datos obtenidos por WOLA, la Sedena y la Secretar\u00eda de Marina (Semar) detuvieron a un total de 9.366 personas en 2022. Sin embargo, en el RND solo se reportaron 2.066 detenciones en el mismo periodo, lo que implica un \u00abaparente subregistro importante\u00bb sobre las detenciones militares.<\/p>\n\n\n\n<figure class=\"wp-block-embed is-type-rich is-provider-twitter wp-block-embed-twitter\"><div class=\"wp-block-embed__wrapper\">\nhttps:\/\/twitter.com\/WOLA_org\/status\/1699376720472580370?ref_src=twsrc%5Etfw%7Ctwcamp%5Etweetembed%7Ctwterm%5E1699376720472580370%7Ctwgr%5E63e15445137cd485ec89769abfc8074bf6d3627e%7Ctwcon%5Es1_c10&#038;ref_url=https%3A%2F%2Fwww.dw.com%2Fes%2Fwola-persisten-abusos-de-fuerzas-armadas-en-mC3A9xico%2Fa-66734921\n<\/div><\/figure>\n\n\n\n<p>Con respecto al uso excesivo de la fuerza por parte de fuerzas del estado, WOLA destac\u00f3 en el informe que ni la&nbsp;<a href=\"https:\/\/www.dw.com\/es\/sedena-funcionarios-del-gobierno-de-michoac%C3%A1n-y-alcalde-de-buenavista-protegen-a-carteles-unidos\/a-66128516\">Sedena<\/a>&nbsp;ni la Semar producen informes p\u00fablicos al respecto, como tambi\u00e9n est\u00e1 contemplado por la ley.<\/p>\n\n\n\n<h2 class=\"wp-block-heading\">Reducci\u00f3n en violaciones de derechos humanos, pero&#8230;<\/h2>\n\n\n\n<p>El reporte tambi\u00e9n denuncia que, a pesar de que ha habido una \u00abreducci\u00f3n en los niveles\u00bb de violaciones a los derechos humanos por parte de las fuerzas armadas desde que tom\u00f3 el poder L\u00f3pez Obrador en diciembre del 2018, estas \u00absiguen ocurriendo\u00bb.<\/p>\n\n\n\n<p>Entre abril del 2018 y marzo del 2023 se han abierto 3.256 expedientes federales en las fiscal\u00edas estatales por presuntas torturas por parte de las fuerzas armadas y 2.727 expedientes por tratos o penas crueles, inhumanas o degradantes, seg\u00fan recoge el informe.<\/p>\n\n\n\n<p>El informe tambi\u00e9n recuerda que se siguen cometiendo ejecuciones arbitrarias por parte de las fuerzas federales y recoge varios casos que han resonado en los \u00faltimos a\u00f1os en el pa\u00eds.<\/p>\n\n\n\n<p>Entre ellos,&nbsp;<a href=\"https:\/\/www.dw.com\/es\/cndh-se%C3%B1ala-al-ej%C3%A9rcito-de-m%C3%A9xico-por-matar-a-cinco-j%C3%B3venes\/a-65087279\">la muerte de cinco j\u00f3venes en Nuevo Laredo (Tamaulipas)<\/a>&nbsp;cuando un grupo de soldados dispar\u00f3 hacia la camioneta en la que viajaban en febrero de este a\u00f1o. O&nbsp;la muerte de un estudiante de 19 a\u00f1os en Irapuato, Guanajuato, por un disparo de un miembro de la Guardia Nacional en abril de 2022.<\/p>\n\n\n\n<p>\u00abMientras que el Gobierno federal suele afirmar que ya no se violan los derechos humanos\u00bb los datos que recoge el informe apuntan a la \u00abcontinuaci\u00f3n de abusos por parte de las fuerzas federales\u00bb, destacaron los autores de la investigaci\u00f3n.<\/p>\n\n\n\n<p>En una serie de recomendaciones, la organizaci\u00f3n pidi\u00f3 al Gobierno mexicano que fortalezca las herramientas de rendici\u00f3n de cuentas y mejore los resultados de las investigaciones penales para que no se caiga en la impunidad.<\/p>\n\n\n\n<p>rml (efe, WOLA)<\/p>\n\n\n\n<p>Fuente: <a href=\"https:\/\/www.dw.com\/es\/wola-persisten-abusos-de-fuerzas-armadas-en-m%C3%A9xico\/a-66734921\">https:\/\/www.dw.com\/es\/wola-persisten-abusos-de-fuerzas-armadas-en-m%C3%A9xico\/a-66734921<\/a><\/p>\n","protected":false},"excerpt":{"rendered":"<p>Las fuerzas armadas en M\u00e9xico no reportan adecuadamente las detenciones y persisten abusos a derechos humanos perpetrados por sus miembros, [&hellip;]<\/p>\n","protected":false},"author":1,"featured_media":58432,"comment_status":"open","ping_status":"open","sticky":false,"template":"","format":"standard","meta":{"site-sidebar-layout":"default","site-content-layout":"","ast-site-content-layout":"default","site-content-style":"default","site-sidebar-style":"default","ast-global-header-display":"","ast-banner-title-visibility":"","ast-main-header-display":"","ast-hfb-above-header-display":"","ast-hfb-below-header-display":"","ast-hfb-mobile-header-display":"","site-post-title":"","ast-breadcrumbs-content":"","ast-featured-img":"","footer-sml-layout":"","theme-transparent-header-meta":"","adv-header-id-meta":"","stick-header-meta":"","header-above-stick-meta":"","header-main-stick-meta":"","header-below-stick-meta":"","astra-migrate-meta-layouts":"default","ast-page-background-enabled":"default","ast-page-background-meta":{"desktop":{"background-color":"var(--ast-global-color-4)","background-image":"","background-repeat":"repeat","background-position":"center center","background-size":"auto","background-attachment":"scroll","background-type":"","background-media":"","overlay-type":"","overlay-color":"","overlay-opacity":"","overlay-gradient":""},"tablet":{"background-color":"","background-image":"","background-repeat":"repeat","background-position":"center center","background-size":"auto","background-attachment":"scroll","background-type":"","background-media":"","overlay-type":"","overlay-color":"","overlay-opacity":"","overlay-gradient":""},"mobile":{"background-color":"","background-image":"","background-repeat":"repeat","background-position":"center center","background-size":"auto","background-attachment":"scroll","background-type":"","background-media":"","overlay-type":"","overlay-color":"","overlay-opacity":"","overlay-gradient":""}},"ast-content-background-meta":{"desktop":{"background-color":"var(--ast-global-color-5)","background-image":"","background-repeat":"repeat","background-position":"center center","background-size":"auto","background-attachment":"scroll","background-type":"","background-media":"","overlay-type":"","overlay-color":"","overlay-opacity":"","overlay-gradient":""},"tablet":{"background-color":"var(--ast-global-color-5)","background-image":"","background-repeat":"repeat","background-position":"center center","background-size":"auto","background-attachment":"scroll","background-type":"","background-media":"","overlay-type":"","overlay-color":"","overlay-opacity":"","overlay-gradient":""},"mobile":{"background-color":"var(--ast-global-color-5)","background-image":"","background-repeat":"repeat","background-position":"center center","background-size":"auto","background-attachment":"scroll","background-type":"","background-media":"","overlay-type":"","overlay-color":"","overlay-opacity":"","overlay-gradient":""}},"footnotes":""},"categories":[8],"tags":[3712,18699,18698],"class_list":["post-58431","post","type-post","status-publish","format-standard","has-post-thumbnail","hentry","category-noticias","tag-derechos-humanos","tag-militarizacio-mexico","tag-wola"],"_links":{"self":[{"href":"https:\/\/losperiodistas.com.mx\/portal\/wp-json\/wp\/v2\/posts\/58431","targetHints":{"allow":["GET"]}}],"collection":[{"href":"https:\/\/losperiodistas.com.mx\/portal\/wp-json\/wp\/v2\/posts"}],"about":[{"href":"https:\/\/losperiodistas.com.mx\/portal\/wp-json\/wp\/v2\/types\/post"}],"author":[{"embeddable":true,"href":"https:\/\/losperiodistas.com.mx\/portal\/wp-json\/wp\/v2\/users\/1"}],"replies":[{"embeddable":true,"href":"https:\/\/losperiodistas.com.mx\/portal\/wp-json\/wp\/v2\/comments?post=58431"}],"version-history":[{"count":1,"href":"https:\/\/losperiodistas.com.mx\/portal\/wp-json\/wp\/v2\/posts\/58431\/revisions"}],"predecessor-version":[{"id":58433,"href":"https:\/\/losperiodistas.com.mx\/portal\/wp-json\/wp\/v2\/posts\/58431\/revisions\/58433"}],"wp:featuredmedia":[{"embeddable":true,"href":"https:\/\/losperiodistas.com.mx\/portal\/wp-json\/wp\/v2\/media\/58432"}],"wp:attachment":[{"href":"https:\/\/losperiodistas.com.mx\/portal\/wp-json\/wp\/v2\/media?parent=58431"}],"wp:term":[{"taxonomy":"category","embeddable":true,"href":"https:\/\/losperiodistas.com.mx\/portal\/wp-json\/wp\/v2\/categories?post=58431"},{"taxonomy":"post_tag","embeddable":true,"href":"https:\/\/losperiodistas.com.mx\/portal\/wp-json\/wp\/v2\/tags?post=58431"}],"curies":[{"name":"wp","href":"https:\/\/api.w.org\/{rel}","templated":true}]}}