{"id":58425,"date":"2023-09-06T08:29:10","date_gmt":"2023-09-06T13:29:10","guid":{"rendered":"http:\/\/losperiodistas.com.mx\/portal\/?p=58425"},"modified":"2023-09-06T08:29:12","modified_gmt":"2023-09-06T13:29:12","slug":"jennifer-hermoso-denuncia-a-rubiales-ante-la-audiencia-nacional-nius","status":"publish","type":"post","link":"https:\/\/losperiodistas.com.mx\/portal\/jennifer-hermoso-denuncia-a-rubiales-ante-la-audiencia-nacional-nius\/","title":{"rendered":"Jennifer Hermoso denuncia a Rubiales ante la Audiencia Nacional\u00a0| NIUS"},"content":{"rendered":"\n<ul class=\"has-blush-bordeaux-gradient-background has-background has-medium-font-size wp-block-list\"><li>La Fiscal\u00eda General del Estado para proteger la privacidad de la v\u00edctima<\/li><li>Despu\u00e9s de formalizar Hermoso la denuncia, la Fiscal\u00eda de la Audiencia Nacional presentar\u00e1 una querella contra Rubiales<\/li><\/ul>\n\n\n\n<figure class=\"wp-block-image size-large is-style-default\"><img fetchpriority=\"high\" decoding=\"async\" width=\"1024\" height=\"575\" src=\"https:\/\/losperiodistas.com.mx\/portal\/wp-content\/uploads\/2023\/09\/sydney-australia-august-20-president-of-the-royal-spanish-football-federation-luis-rubiales-r-kisses_aeb0-1024x575.jpg\" alt=\"\" class=\"wp-image-58426\" srcset=\"https:\/\/losperiodistas.com.mx\/portal\/wp-content\/uploads\/2023\/09\/sydney-australia-august-20-president-of-the-royal-spanish-football-federation-luis-rubiales-r-kisses_aeb0-1024x575.jpg 1024w, https:\/\/losperiodistas.com.mx\/portal\/wp-content\/uploads\/2023\/09\/sydney-australia-august-20-president-of-the-royal-spanish-football-federation-luis-rubiales-r-kisses_aeb0-300x169.jpg 300w, https:\/\/losperiodistas.com.mx\/portal\/wp-content\/uploads\/2023\/09\/sydney-australia-august-20-president-of-the-royal-spanish-football-federation-luis-rubiales-r-kisses_aeb0-768x431.jpg 768w, https:\/\/losperiodistas.com.mx\/portal\/wp-content\/uploads\/2023\/09\/sydney-australia-august-20-president-of-the-royal-spanish-football-federation-luis-rubiales-r-kisses_aeb0.jpg 1200w\" sizes=\"(max-width: 1024px) 100vw, 1024px\" \/><\/figure>\n\n\n\n<p><\/p>\n\n\n\n<p class=\"has-vivid-red-color has-text-color has-medium-font-size\"><strong>REDACCI\u00d3N NIUS<\/strong><\/p>\n\n\n\n<p>La\u00a0<a href=\"https:\/\/www.niusdiario.es\/deportes\/20230901\/fuente-perdon-aplausos-rubiales-criticas-merecidas_18_010355881.html\">futbolista Jennifer Hermoso<\/a>\u00a0present\u00f3 el lunes una\u00a0<strong>denuncia ante la Fiscal\u00eda de la Audiencia Nacional contra Luis Rubiales<\/strong>, seg\u00fan han informado fuentes judiciales, que precisan que la declaraci\u00f3n tuvo lugar en la Fiscal\u00eda General del Estado para proteger la privacidad de la v\u00edctima.<\/p>\n\n\n\n<p>Hermoso ha&nbsp;<strong>formalizado su denuncia&nbsp;<\/strong>contra el presidente de la Real Federaci\u00f3n Espa\u00f1ola de F\u00fatbol (RFEF), suspendido por la FIFA, por el beso que le dio tras ganar la final del mundial el pasado mes de agosto en S\u00eddney. Sin este paso, era improbable que pudiera seguir adelante el procedimiento por un posible delito de agresi\u00f3n sexual.<\/p>\n\n\n\n<h4 class=\"has-cyan-bluish-gray-background-color has-background wp-block-heading\">M\u00c1S<\/h4>\n\n\n\n<ul class=\"wp-block-list\"><li><a href=\"https:\/\/www.niusdiario.es\/deportes\/20230906\/jorge-vilda-creo-cesado-injustamente_18_010387850.html#utm_source=apoyo_editorial_articulo\">Jorge Vilda: \u00abCreo que he sido cesado injustamente\u00bb<\/a><\/li><li><a href=\"https:\/\/www.niusdiario.es\/deportes\/20230905\/rfef-pide-disculpas-futbol-mundial-sociedad-comportamiento-inaceptable-rubiales_18_010385014.html#utm_source=apoyo_editorial_articulo\">La RFEF pide \u00abdisculpas al f\u00fatbol mundial y a la sociedad\u00bb por el \u00abcomportamiento inaceptable\u00bb de Rubiales<\/a><\/li><li><a href=\"https:\/\/www.niusdiario.es\/deportes\/20230905\/jorge-destituido-vilda-seleccionador-femenino-espana-caso-rubiales_18_010384995.html#utm_source=apoyo_editorial_articulo\">Jorge Vilda ha sido destituido como seleccionador de Espa\u00f1a<\/a><\/li><\/ul>\n\n\n\n<p>Fuentes fiscales han informado de que la jugadora de la selecci\u00f3n femenina compareci\u00f3 ayer, martes, ante la teniente fiscal de la Audiencia Nacional Marta Dur\u00e1ntez en la Fiscal\u00eda General del Estado para denunciar formalmente a Rubiales.<\/p>\n\n\n\n<p>Tras la denuncia, la Fiscal\u00eda de la Audiencia Nacional, que fue la que ofreci\u00f3 a Hermoso la posibilidad de denunciar a Rubiales por un delito de agresi\u00f3n sexual,\u00a0<strong>presentar\u00e1 pr\u00f3ximamente una querella contra \u00e9l<\/strong>.<\/p>\n\n\n\n<p>Avanza por lo tanto la v\u00eda penal contra Rubiales, despu\u00e9s de que la administrativa quedara frenada en el Tribunal Administrativo del Deporte. El TAD no consider\u00f3 abrir expediente al presidente de la RFEF por falta muy grave, algo que hab\u00eda permitido al Gobierno inhabilitarlo,&nbsp;<strong>sino solo por dos faltas graves.<\/strong><\/p>\n\n\n\n<p>La \u00fanica medida en vigor contra Rubiales es por lo tanto la inhabilitaci\u00f3n por 90 d\u00edas de la FIFA. El Gobierno, a trav\u00e9s del Consejo Superior de Deportes, ha pedido al TAD otra inhabilitaci\u00f3n cautelar, pero a\u00fan no ha recibido respuesta. Los responsables interinos de la RFEF han pedido la dimisi\u00f3n de Rubiales, pero no dan se\u00f1ales de pretender plantearle una moci\u00f3n de censura ni de convocar elecciones para renovar la instituci\u00f3n.<\/p>\n\n\n\n<p>Fuente: <a href=\"https:\/\/www.niusdiario.es\/sociedad\/igualdad\/20230906\/jennifer-hermoso-denuncia-rubiales-audiencia-nacional_18_010393321.html\">https:\/\/www.niusdiario.es\/sociedad\/igualdad\/20230906\/jennifer-hermoso-denuncia-rubiales-audiencia-nacional_18_010393321.html<\/a><\/p>\n","protected":false},"excerpt":{"rendered":"<p>La Fiscal\u00eda General del Estado para proteger la privacidad de la v\u00edctima Despu\u00e9s de formalizar Hermoso la denuncia, la Fiscal\u00eda [&hellip;]<\/p>\n","protected":false},"author":1,"featured_media":58426,"comment_status":"open","ping_status":"open","sticky":false,"template":"","format":"standard","meta":{"site-sidebar-layout":"default","site-content-layout":"","ast-site-content-layout":"default","site-content-style":"default","site-sidebar-style":"default","ast-global-header-display":"","ast-banner-title-visibility":"","ast-main-header-display":"","ast-hfb-above-header-display":"","ast-hfb-below-header-display":"","ast-hfb-mobile-header-display":"","site-post-title":"","ast-breadcrumbs-content":"","ast-featured-img":"","footer-sml-layout":"","theme-transparent-header-meta":"","adv-header-id-meta":"","stick-header-meta":"","header-above-stick-meta":"","header-main-stick-meta":"","header-below-stick-meta":"","astra-migrate-meta-layouts":"default","ast-page-background-enabled":"default","ast-page-background-meta":{"desktop":{"background-color":"var(--ast-global-color-4)","background-image":"","background-repeat":"repeat","background-position":"center center","background-size":"auto","background-attachment":"scroll","background-type":"","background-media":"","overlay-type":"","overlay-color":"","overlay-opacity":"","overlay-gradient":""},"tablet":{"background-color":"","background-image":"","background-repeat":"repeat","background-position":"center center","background-size":"auto","background-attachment":"scroll","background-type":"","background-media":"","overlay-type":"","overlay-color":"","overlay-opacity":"","overlay-gradient":""},"mobile":{"background-color":"","background-image":"","background-repeat":"repeat","background-position":"center center","background-size":"auto","background-attachment":"scroll","background-type":"","background-media":"","overlay-type":"","overlay-color":"","overlay-opacity":"","overlay-gradient":""}},"ast-content-background-meta":{"desktop":{"background-color":"var(--ast-global-color-5)","background-image":"","background-repeat":"repeat","background-position":"center center","background-size":"auto","background-attachment":"scroll","background-type":"","background-media":"","overlay-type":"","overlay-color":"","overlay-opacity":"","overlay-gradient":""},"tablet":{"background-color":"var(--ast-global-color-5)","background-image":"","background-repeat":"repeat","background-position":"center center","background-size":"auto","background-attachment":"scroll","background-type":"","background-media":"","overlay-type":"","overlay-color":"","overlay-opacity":"","overlay-gradient":""},"mobile":{"background-color":"var(--ast-global-color-5)","background-image":"","background-repeat":"repeat","background-position":"center center","background-size":"auto","background-attachment":"scroll","background-type":"","background-media":"","overlay-type":"","overlay-color":"","overlay-opacity":"","overlay-gradient":""}},"footnotes":""},"categories":[8],"tags":[18697,18377,18696,18285],"class_list":["post-58425","post","type-post","status-publish","format-standard","has-post-thumbnail","hentry","category-noticias","tag-beso-no-consentido","tag-caso-rubiales","tag-futbol-femeni","tag-jenni-hermoso"],"_links":{"self":[{"href":"https:\/\/losperiodistas.com.mx\/portal\/wp-json\/wp\/v2\/posts\/58425","targetHints":{"allow":["GET"]}}],"collection":[{"href":"https:\/\/losperiodistas.com.mx\/portal\/wp-json\/wp\/v2\/posts"}],"about":[{"href":"https:\/\/losperiodistas.com.mx\/portal\/wp-json\/wp\/v2\/types\/post"}],"author":[{"embeddable":true,"href":"https:\/\/losperiodistas.com.mx\/portal\/wp-json\/wp\/v2\/users\/1"}],"replies":[{"embeddable":true,"href":"https:\/\/losperiodistas.com.mx\/portal\/wp-json\/wp\/v2\/comments?post=58425"}],"version-history":[{"count":1,"href":"https:\/\/losperiodistas.com.mx\/portal\/wp-json\/wp\/v2\/posts\/58425\/revisions"}],"predecessor-version":[{"id":58427,"href":"https:\/\/losperiodistas.com.mx\/portal\/wp-json\/wp\/v2\/posts\/58425\/revisions\/58427"}],"wp:featuredmedia":[{"embeddable":true,"href":"https:\/\/losperiodistas.com.mx\/portal\/wp-json\/wp\/v2\/media\/58426"}],"wp:attachment":[{"href":"https:\/\/losperiodistas.com.mx\/portal\/wp-json\/wp\/v2\/media?parent=58425"}],"wp:term":[{"taxonomy":"category","embeddable":true,"href":"https:\/\/losperiodistas.com.mx\/portal\/wp-json\/wp\/v2\/categories?post=58425"},{"taxonomy":"post_tag","embeddable":true,"href":"https:\/\/losperiodistas.com.mx\/portal\/wp-json\/wp\/v2\/tags?post=58425"}],"curies":[{"name":"wp","href":"https:\/\/api.w.org\/{rel}","templated":true}]}}