{"id":58418,"date":"2023-09-06T07:55:23","date_gmt":"2023-09-06T12:55:23","guid":{"rendered":"http:\/\/losperiodistas.com.mx\/portal\/?p=58418"},"modified":"2023-09-06T07:55:25","modified_gmt":"2023-09-06T12:55:25","slug":"mexico-y-espana-hermanadas-por-devocion-a-la-virgen-de-guadalupe-vatican-news","status":"publish","type":"post","link":"https:\/\/losperiodistas.com.mx\/portal\/mexico-y-espana-hermanadas-por-devocion-a-la-virgen-de-guadalupe-vatican-news\/","title":{"rendered":"M\u00e9xico y Espa\u00f1a hermanadas por devoci\u00f3n a la Virgen de Guadalupe | Vatican News"},"content":{"rendered":"\n<p class=\"has-luminous-vivid-amber-background-color has-background has-medium-font-size\">Con la celebraci\u00f3n de una santa misa en la Bas\u00edlica de Guadalupe, en M\u00e9xico y la entrega oficial de la imagen de la Virgen de Guadalupe de Extremadura, en Espa\u00f1a, el domingo pasado se concret\u00f3 el hermanamiento de los dos templos guadalupanos<\/p>\n\n\n\n<figure class=\"wp-block-image size-large is-style-default\"><img fetchpriority=\"high\" decoding=\"async\" width=\"1024\" height=\"576\" src=\"https:\/\/losperiodistas.com.mx\/portal\/wp-content\/uploads\/2023\/09\/cq5dam.thumbnail.cropped.1500.844-1024x576.jpeg\" alt=\"\" class=\"wp-image-58419\" srcset=\"https:\/\/losperiodistas.com.mx\/portal\/wp-content\/uploads\/2023\/09\/cq5dam.thumbnail.cropped.1500.844-1024x576.jpeg 1024w, https:\/\/losperiodistas.com.mx\/portal\/wp-content\/uploads\/2023\/09\/cq5dam.thumbnail.cropped.1500.844-300x169.jpeg 300w, https:\/\/losperiodistas.com.mx\/portal\/wp-content\/uploads\/2023\/09\/cq5dam.thumbnail.cropped.1500.844-768x432.jpeg 768w, https:\/\/losperiodistas.com.mx\/portal\/wp-content\/uploads\/2023\/09\/cq5dam.thumbnail.cropped.1500.844.jpeg 1280w\" sizes=\"(max-width: 1024px) 100vw, 1024px\" \/><figcaption>M\u00e9xico y Espa\u00f1a hermanadas por devoci\u00f3n a la Virgen de Guadalupe\u00a0<\/figcaption><\/figure>\n\n\n\n<p class=\"has-vivid-red-color has-text-color has-medium-font-size\"><strong>VATICAN NEWS<\/strong><\/p>\n\n\n\n<p>Tal como informa la revista de la arquidi\u00f3cesis de M\u00e9xico,&nbsp;<em><a href=\"https:\/\/desdelafe.mx\/noticias\/iglesia-en-el-mundo\/mexico-y-espana-se-hermanan-gracias-a-la-devocion-por-la-virgen-de-guadalupe\/\" target=\"_blank\" rel=\"noreferrer noopener\">Desde la Fe<\/a><\/em>, la celebraci\u00f3n Eucar\u00edstica, presidida por el cardenal Carlos Aguiar Retes, arzobispo primado de M\u00e9xico, y concelebrada por monse\u00f1or Francisco Cerro Ch\u00e1vez, arzobispo de Toledo y primado de Espa\u00f1a, fue con motivo de la fiesta patronal de la Morenita de Villuercas, cuya festividad se celebra el 6 de septiembre.<\/p>\n\n\n\n<p>Durante su homil\u00eda, el cardenal Carlos Aguiar hizo del conocimiento de toda la comunidad la entrega formal de la imagen de la Virgen de Guadalupe de Extremadura a M\u00e9xico, por parte del arzobispo de Toledo, para ser venerada en la Bas\u00edlica de Guadalupe de la misma forma en que se venera en Espa\u00f1a a la \u201cMorenita del Tepeyac\u201d desde febrero pasado, cuando se firm\u00f3 una declaraci\u00f3n conjunta para el hermanamiento de ambos santuarios. El&nbsp;rzobispo de M\u00e9xico afirm\u00f3:<\/p>\n\n\n\n<blockquote class=\"wp-block-quote is-layout-flow wp-block-quote-is-layout-flow\"><p>\u201cDe esta manera, deseamos que las diversas advocaciones, a lo largo de la historia, que ha recibido \u2018la Madre del verdadero Dios por quien se vive\u2019 sean reconocidas y veneradas, sabiendo que es la misma Virgen Mar\u00eda, que concibi\u00f3 en su seno a Jes\u00fas, pero que cumple en diferentes pa\u00edses y lugares una misi\u00f3n espec\u00edfica para orientar y auxiliar a los disc\u00edpulos de su Hijo Jes\u00fas\u201d<\/p><\/blockquote>\n\n\n\n<p>En su turno, el arzobispo de Toledo dijo que, as\u00ed como en la Bas\u00edlica de Espa\u00f1a se celebrar\u00e1 cada 12 de diciembre la fiesta lit\u00fargica de la Virgen del Tepeyac, tambi\u00e9n cada 6 de septiembre se celebrar\u00e1 en la Insigne y Nacional Bas\u00edlica de Guadalupe la fiesta lit\u00fargica de la Virgen de Extremadura. Adem\u00e1s, pidi\u00f3 que, llegadas ambas fechas, en ambos santuarios se rece por la paz y por los pueblos hermanos de M\u00e9xico y Espa\u00f1a.<\/p>\n\n\n\n<p>Monse\u00f1or Francisco Cerro Ch\u00e1vez extern\u00f3 que el pueblo mexicano \u2013 que un d\u00eda recibi\u00f3 la fe por parte de doce franciscanos \u2013 \u201clos doce ap\u00f3stoles de M\u00e9xico\u201d, hoy es un referente de fe, esperanza y caridad para la Iglesia entera.<\/p>\n\n\n\n<blockquote class=\"wp-block-quote is-layout-flow wp-block-quote-is-layout-flow\"><p>\u201cGracias, hermanos mexicanos, por seguir alent\u00e1ndonos a amar mucho a la Virgen Santa Mar\u00eda y a amar tambi\u00e9n a la Iglesia Madre. Que la Morenita del Tepeyac y la Morenita de las Villuercas sigan sosteni\u00e9ndonos para a ser hijos verdaderos de tan buena Madre\u201d<\/p><\/blockquote>\n\n\n\n<h2 class=\"wp-block-heading\"><strong>Se venerar\u00e1n dos V\u00edrgenes de Guadalupe en el Tepeyac<\/strong><\/h2>\n\n\n\n<p>De esta manera que ahora los fieles podr\u00e1n venerar en la Insigne y Nacional Bas\u00edlica de Guadalupe dos im\u00e1genes de la Virgen de Guadalupe: la plasmada milagrosamente en la tilma de san Juan Diego y la de la Patrona de Extremadura, a la que se le venera en Espa\u00f1a.<\/p>\n\n\n\n<p>Esto es parte del acuerdo de hermanamiento entre los dos santuarios dedicados a la Virgen de Guadalupe, en la Ciudad de M\u00e9xico y en Extremadura, Espa\u00f1a, firmado en febrero de este 2023 en la Bas\u00edlica de Nuestra Se\u00f1ora de Guadalupe de Extremadura, por el cardenal Carlos Aguiar Retes y monse\u00f1or Francisco Cerro Chaves.<\/p>\n\n\n\n<h2 class=\"wp-block-heading\"><strong>Rezar por los pueblos hermanos de M\u00e9xico y Espa\u00f1a<\/strong><\/h2>\n\n\n\n<p>De este modo, se cumple el compromiso que estableci\u00f3 que la Virgen de Extremadura sea venerada en la bas\u00edlica mexicana y que la Morenita del Tepeyac sea venerada en la bas\u00edlica extreme\u00f1a, a fin de que en ambos santuarios se rece por los pueblos hermanos de M\u00e9xico y Espa\u00f1a.<\/p>\n\n\n\n<p>Los compromisos establecidos en el acuerdo de hermanamiento signado por los arzobispos Aguiar Retes y Cerro Ch\u00e1vez en febrero de 2023, tienen como finalidad promover y divulgar el amor a \u201cla Beat\u00edsima siempre Virgen Mar\u00eda, Madre de Dios y Madre nuestra\u201d, invocadas en M\u00e9xico y en Espa\u00f1a con el nombre singular de Guadalupe.<\/p>\n\n\n\n<p>Fuente: <a href=\"https:\/\/www.vaticannews.va\/es\/iglesia\/news\/2023-09\/mexico-y-espana-hermanadas-por-devocion-a-la-virgen-de-guadalupe.html\">https:\/\/www.vaticannews.va\/es\/iglesia\/news\/2023-09\/mexico-y-espana-hermanadas-por-devocion-a-la-virgen-de-guadalupe.html<\/a><\/p>\n","protected":false},"excerpt":{"rendered":"<p>Con la celebraci\u00f3n de una santa misa en la Bas\u00edlica de Guadalupe, en M\u00e9xico y la entrega oficial de la [&hellip;]<\/p>\n","protected":false},"author":1,"featured_media":58419,"comment_status":"open","ping_status":"open","sticky":false,"template":"","format":"standard","meta":{"site-sidebar-layout":"default","site-content-layout":"","ast-site-content-layout":"default","site-content-style":"default","site-sidebar-style":"default","ast-global-header-display":"","ast-banner-title-visibility":"","ast-main-header-display":"","ast-hfb-above-header-display":"","ast-hfb-below-header-display":"","ast-hfb-mobile-header-display":"","site-post-title":"","ast-breadcrumbs-content":"","ast-featured-img":"","footer-sml-layout":"","theme-transparent-header-meta":"","adv-header-id-meta":"","stick-header-meta":"","header-above-stick-meta":"","header-main-stick-meta":"","header-below-stick-meta":"","astra-migrate-meta-layouts":"default","ast-page-background-enabled":"default","ast-page-background-meta":{"desktop":{"background-color":"var(--ast-global-color-4)","background-image":"","background-repeat":"repeat","background-position":"center center","background-size":"auto","background-attachment":"scroll","background-type":"","background-media":"","overlay-type":"","overlay-color":"","overlay-opacity":"","overlay-gradient":""},"tablet":{"background-color":"","background-image":"","background-repeat":"repeat","background-position":"center center","background-size":"auto","background-attachment":"scroll","background-type":"","background-media":"","overlay-type":"","overlay-color":"","overlay-opacity":"","overlay-gradient":""},"mobile":{"background-color":"","background-image":"","background-repeat":"repeat","background-position":"center center","background-size":"auto","background-attachment":"scroll","background-type":"","background-media":"","overlay-type":"","overlay-color":"","overlay-opacity":"","overlay-gradient":""}},"ast-content-background-meta":{"desktop":{"background-color":"var(--ast-global-color-5)","background-image":"","background-repeat":"repeat","background-position":"center center","background-size":"auto","background-attachment":"scroll","background-type":"","background-media":"","overlay-type":"","overlay-color":"","overlay-opacity":"","overlay-gradient":""},"tablet":{"background-color":"var(--ast-global-color-5)","background-image":"","background-repeat":"repeat","background-position":"center center","background-size":"auto","background-attachment":"scroll","background-type":"","background-media":"","overlay-type":"","overlay-color":"","overlay-opacity":"","overlay-gradient":""},"mobile":{"background-color":"var(--ast-global-color-5)","background-image":"","background-repeat":"repeat","background-position":"center center","background-size":"auto","background-attachment":"scroll","background-type":"","background-media":"","overlay-type":"","overlay-color":"","overlay-opacity":"","overlay-gradient":""}},"footnotes":""},"categories":[8],"tags":[18690,18691,18692],"class_list":["post-58418","post","type-post","status-publish","format-standard","has-post-thumbnail","hentry","category-noticias","tag-morenita-de-villuercas","tag-morenita-del-tepeyac","tag-virgenes-de-guadalupe"],"_links":{"self":[{"href":"https:\/\/losperiodistas.com.mx\/portal\/wp-json\/wp\/v2\/posts\/58418","targetHints":{"allow":["GET"]}}],"collection":[{"href":"https:\/\/losperiodistas.com.mx\/portal\/wp-json\/wp\/v2\/posts"}],"about":[{"href":"https:\/\/losperiodistas.com.mx\/portal\/wp-json\/wp\/v2\/types\/post"}],"author":[{"embeddable":true,"href":"https:\/\/losperiodistas.com.mx\/portal\/wp-json\/wp\/v2\/users\/1"}],"replies":[{"embeddable":true,"href":"https:\/\/losperiodistas.com.mx\/portal\/wp-json\/wp\/v2\/comments?post=58418"}],"version-history":[{"count":1,"href":"https:\/\/losperiodistas.com.mx\/portal\/wp-json\/wp\/v2\/posts\/58418\/revisions"}],"predecessor-version":[{"id":58420,"href":"https:\/\/losperiodistas.com.mx\/portal\/wp-json\/wp\/v2\/posts\/58418\/revisions\/58420"}],"wp:featuredmedia":[{"embeddable":true,"href":"https:\/\/losperiodistas.com.mx\/portal\/wp-json\/wp\/v2\/media\/58419"}],"wp:attachment":[{"href":"https:\/\/losperiodistas.com.mx\/portal\/wp-json\/wp\/v2\/media?parent=58418"}],"wp:term":[{"taxonomy":"category","embeddable":true,"href":"https:\/\/losperiodistas.com.mx\/portal\/wp-json\/wp\/v2\/categories?post=58418"},{"taxonomy":"post_tag","embeddable":true,"href":"https:\/\/losperiodistas.com.mx\/portal\/wp-json\/wp\/v2\/tags?post=58418"}],"curies":[{"name":"wp","href":"https:\/\/api.w.org\/{rel}","templated":true}]}}