{"id":58415,"date":"2023-09-06T07:40:00","date_gmt":"2023-09-06T12:40:00","guid":{"rendered":"http:\/\/losperiodistas.com.mx\/portal\/?p=58415"},"modified":"2023-09-06T07:40:02","modified_gmt":"2023-09-06T12:40:02","slug":"en-lo-oscurito-morena-cuenta-boletas-de-la-encuesta-para-elegir-corcholata-el-financiero","status":"publish","type":"post","link":"https:\/\/losperiodistas.com.mx\/portal\/en-lo-oscurito-morena-cuenta-boletas-de-la-encuesta-para-elegir-corcholata-el-financiero\/","title":{"rendered":"\u2018En lo oscurito\u2019, Morena cuenta boletas de la encuesta para elegir \u2018corcholata\u2019 | El Financiero"},"content":{"rendered":"\n<h2 class=\"has-vivid-cyan-blue-background-color has-background has-medium-font-size wp-block-heading\">Representantes de aspirantes s\u00f3lo verifican los sellos y las firmas de seguridad, no el sentido del voto, se\u00f1ala Delgado<\/h2>\n\n\n\n<figure class=\"wp-block-image size-large is-style-default\"><img fetchpriority=\"high\" decoding=\"async\" width=\"1024\" height=\"661\" src=\"https:\/\/losperiodistas.com.mx\/portal\/wp-content\/uploads\/2023\/09\/Captura-de-Pantalla-2023-09-06-a-las-6.34.40-1024x661.jpg\" alt=\"\" class=\"wp-image-58416\" srcset=\"https:\/\/losperiodistas.com.mx\/portal\/wp-content\/uploads\/2023\/09\/Captura-de-Pantalla-2023-09-06-a-las-6.34.40-1024x661.jpg 1024w, https:\/\/losperiodistas.com.mx\/portal\/wp-content\/uploads\/2023\/09\/Captura-de-Pantalla-2023-09-06-a-las-6.34.40-300x194.jpg 300w, https:\/\/losperiodistas.com.mx\/portal\/wp-content\/uploads\/2023\/09\/Captura-de-Pantalla-2023-09-06-a-las-6.34.40-768x496.jpg 768w, https:\/\/losperiodistas.com.mx\/portal\/wp-content\/uploads\/2023\/09\/Captura-de-Pantalla-2023-09-06-a-las-6.34.40-1536x991.jpg 1536w, https:\/\/losperiodistas.com.mx\/portal\/wp-content\/uploads\/2023\/09\/Captura-de-Pantalla-2023-09-06-a-las-6.34.40.jpg 1832w\" sizes=\"(max-width: 1024px) 100vw, 1024px\" \/><figcaption>Morena mont\u00f3 un gran operativo de seguridad para el traslado, verificaci\u00f3n y conteo de las boletas [Fotograf\u00eda. Twitter\/@IrvingPineda]<\/figcaption><\/figure>\n\n\n\n<p class=\"has-vivid-red-color has-text-color has-medium-font-size\"><strong>V\u00cdCTOR S\u00c1NCHEZ \/ EL FINANCIERO<\/strong><\/p>\n\n\n\n<p>Los&nbsp;<strong>representantes de las corcholatas de Morena no est\u00e1n presentes<\/strong><a href=\"https:\/\/www.elfinanciero.com.mx\/nacional\/2023\/09\/05\/como-sera-el-conteo-de-boletas-en-la-encuesta-de-morena-esto-explica-mario-delgado\/\" target=\"_blank\" rel=\"noreferrer noopener\">&nbsp;en el conteo de las boletas<\/a>de los ciudadanos encuestados que expresaron su preferencia por alguna de ellas, aclar\u00f3 el dirigente nacional de&nbsp;<strong>Morena, Mario Delgado.<\/strong><\/p>\n\n\n\n<p>Explic\u00f3 que los representantes de los aspirantes presidenciales\u00a0<strong>s\u00f3lo verifican los sellos y las firmas de seguridad\u00a0<\/strong>que contiene el reverso de cada una de las boletas, pero no pueden ver el lado que contiene a qu\u00e9 aspirante marc\u00f3 el encuestado.<\/p>\n\n\n\n<p>Precis\u00f3 queen el conteo s\u00f3lo est\u00e1nlos representantes de<strong>\u00a0las empresas encuestadoras<\/strong>\u00a0<strong>y un representante del Consejo Nacional de Morena<\/strong>, y despu\u00e9s sostendr\u00e1n una reuni\u00f3n privada con los aspirantes presidenciales para darles a conocer<strong>\u00a0los resultados<\/strong>, antes de anunciarlos a los medios de comunicaci\u00f3n,\u00a0<strong>este mi\u00e9rcoles a las 5 de la tarde.<\/strong><\/p>\n\n\n\n<p>En entrevista, al iniciar el traslado de los paquetes de las b\u00f3vedas de las empresas de resguardo de valores al edificio del<strong>\u00a0World Trade Center\u00a0<\/strong>donde se inici\u00f3 el conteo ayer,\u00a0<a href=\"https:\/\/www.elfinanciero.com.mx\/nacional\/2023\/08\/30\/encuesta-de-morena-equipo-de-ebrard-dice-que-se-aplicara-un-dia-mas\/\" target=\"_blank\" rel=\"noreferrer noopener\">Delgado Carrillo<\/a>\u00a0explic\u00f3 que esta medida es para evitar que se filtre informaci\u00f3n, que se den resultados parciales y los aspirantes comiencen a dar tendencias, que, al final, no correspondan con los resultados.<\/p>\n\n\n\n<p>\u201cLos representantes de los aspirantes pueden ver la boleta, pero por atr\u00e1s nada m\u00e1s, donde est\u00e1 el folio y donde est\u00e1n las firmas. No pueden ver la intenci\u00f3n que viene contenida en cada boleta\u201d, detall\u00f3.<\/p>\n\n\n\n<p>Coment\u00f3 que, una vez que los representantes revisen las boletas, \u201cse van a depositar en una urna y esas se las tenemos que dar a la empresa encuestadora que, con la presencia de\u00a0<strong>un escrutador del Consejo Nacional y una grabaci\u00f3n, se empezar\u00e1 a hacer la captura. Cada uno, voto por voto, va a ser videograbado\u201d.<\/strong><\/p>\n\n\n\n<p>\u201cNo habr\u00e1 ning\u00fan representante, porque si no sabr\u00edan el resultado antes y no pueden conocerlo. Todo el proceso de revisi\u00f3n, auditor\u00eda y dem\u00e1s est\u00e1n a cargo de los representantes de los aspirantes, boleta por boleta, pero ya en la captura de la intenci\u00f3n del voto, eso es responsabilidad de la empresa\u201d, indic\u00f3.<\/p>\n\n\n\n<p>Sobre<a href=\"https:\/\/www.elfinanciero.com.mx\/nacional\/2023\/09\/04\/marcelo-ebrard-se-queja-de-encuesta-de-morena-para-candidato-a-la-presidencia-estoy-preocupado\/\" target=\"_blank\" rel=\"noreferrer noopener\">\u00a0las incidencias durante el levantamiento de las encuestas,<\/a>\u00a0admiti\u00f3 que, \u201chay que decirlo tal cual, no quedan satisfechos los representantes de los aspirantes\u201d, por lo que \u201ctenemos una mesa permanente de incidencias donde se est\u00e1n revisando todos estos se\u00f1alamientos e iremos a una revisi\u00f3n m\u00e1s profunda\u201d.<\/p>\n\n\n\n<p>\u201cHay se\u00f1alamientos de que se levantaron encuestas sin que hubiera representaci\u00f3n de nadie y eso va a ser evidente a la hora de revisar el acta y de revisar las boletas. Y si no viene firmada por ning\u00fan representante, pues es normal que no tengan garant\u00edas de la certeza de c\u00f3mo se levant\u00f3 ese cuestionario y tendremos unas reglas para determinar si es v\u00e1lida o no cada una de las urnas que se van a abrir\u201d, explic\u00f3.<\/p>\n\n\n\n<p>Por eso, Delgado dio ayer una profusa difusi\u00f3n al&nbsp;<strong>operativo de seguridad y medidas que rodearon el proceso de traslado, revisi\u00f3n&nbsp; y conteo de boletas<\/strong>, con el apoyo del servicio contratado a empresas de resguardo de valores.<\/p>\n\n\n\n<p>No obstante,&nbsp;<a href=\"https:\/\/www.elfinanciero.com.mx\/nacional\/2023\/09\/05\/ebrard-manda-mensaje-sobre-encuesta-morena-debe-mostrar-que-tiene-superioridad-etica\/\" target=\"_blank\" rel=\"noreferrer noopener\">integrantes del equipo de<\/a><a href=\"https:\/\/www.elfinanciero.com.mx\/nacional\/2023\/09\/05\/ebrard-manda-mensaje-sobre-encuesta-morena-debe-mostrar-que-tiene-superioridad-etica\/\" target=\"_blank\" rel=\"noreferrer noopener\">Marcelo Ebrard<\/a>&nbsp;no compartieron la decisi\u00f3n de hacer el conteo \u201clejos de los representantes de los aspirantes. No fue lo mejor\u201d, coment\u00f3 el diputado federal&nbsp;<strong>Carol Altamirano, coordinador en Tlaxcala.<\/strong><\/p>\n\n\n\n<p>La diputada&nbsp;<strong>Salma Lu\u00e9vano<\/strong>&nbsp;sostuvo que \u201ces todo un cochinero\u201d, pues, \u201csi en el proceso de las encuestas hubo diversas irregularidades\u201d, esta decisi\u00f3n \u201cgenera mayores suspicacias, se eleva la desconfianza y se empa\u00f1a m\u00e1s todo\u201d.<\/p>\n\n\n\n<p>Delgado reiter\u00f3 que ser\u00e1 el\u00a0<strong>10 de septiembre cuando se entregar\u00e1 la constancia\u00a0<\/strong>a quien gane la encuesta.<\/p>\n\n\n\n<p>Fuente: <a href=\"https:\/\/www.elfinanciero.com.mx\/nacional\/2023\/09\/06\/en-lo-oscurito-morena-cuenta-boletas-de-la-encuesta-para-elegir-corcholata\/\">https:\/\/www.elfinanciero.com.mx\/nacional\/2023\/09\/06\/en-lo-oscurito-morena-cuenta-boletas-de-la-encuesta-para-elegir-corcholata\/<\/a><\/p>\n","protected":false},"excerpt":{"rendered":"<p>Representantes de aspirantes s\u00f3lo verifican los sellos y las firmas de seguridad, no el sentido del voto, se\u00f1ala Delgado V\u00cdCTOR [&hellip;]<\/p>\n","protected":false},"author":1,"featured_media":58416,"comment_status":"open","ping_status":"open","sticky":false,"template":"","format":"standard","meta":{"site-sidebar-layout":"default","site-content-layout":"","ast-site-content-layout":"default","site-content-style":"default","site-sidebar-style":"default","ast-global-header-display":"","ast-banner-title-visibility":"","ast-main-header-display":"","ast-hfb-above-header-display":"","ast-hfb-below-header-display":"","ast-hfb-mobile-header-display":"","site-post-title":"","ast-breadcrumbs-content":"","ast-featured-img":"","footer-sml-layout":"","theme-transparent-header-meta":"","adv-header-id-meta":"","stick-header-meta":"","header-above-stick-meta":"","header-main-stick-meta":"","header-below-stick-meta":"","astra-migrate-meta-layouts":"default","ast-page-background-enabled":"default","ast-page-background-meta":{"desktop":{"background-color":"var(--ast-global-color-4)","background-image":"","background-repeat":"repeat","background-position":"center center","background-size":"auto","background-attachment":"scroll","background-type":"","background-media":"","overlay-type":"","overlay-color":"","overlay-opacity":"","overlay-gradient":""},"tablet":{"background-color":"","background-image":"","background-repeat":"repeat","background-position":"center center","background-size":"auto","background-attachment":"scroll","background-type":"","background-media":"","overlay-type":"","overlay-color":"","overlay-opacity":"","overlay-gradient":""},"mobile":{"background-color":"","background-image":"","background-repeat":"repeat","background-position":"center center","background-size":"auto","background-attachment":"scroll","background-type":"","background-media":"","overlay-type":"","overlay-color":"","overlay-opacity":"","overlay-gradient":""}},"ast-content-background-meta":{"desktop":{"background-color":"var(--ast-global-color-5)","background-image":"","background-repeat":"repeat","background-position":"center center","background-size":"auto","background-attachment":"scroll","background-type":"","background-media":"","overlay-type":"","overlay-color":"","overlay-opacity":"","overlay-gradient":""},"tablet":{"background-color":"var(--ast-global-color-5)","background-image":"","background-repeat":"repeat","background-position":"center center","background-size":"auto","background-attachment":"scroll","background-type":"","background-media":"","overlay-type":"","overlay-color":"","overlay-opacity":"","overlay-gradient":""},"mobile":{"background-color":"var(--ast-global-color-5)","background-image":"","background-repeat":"repeat","background-position":"center center","background-size":"auto","background-attachment":"scroll","background-type":"","background-media":"","overlay-type":"","overlay-color":"","overlay-opacity":"","overlay-gradient":""}},"footnotes":""},"categories":[8],"tags":[18688,18689,164,247],"class_list":["post-58415","post","type-post","status-publish","format-standard","has-post-thumbnail","hentry","category-noticias","tag-conteo-de-votos","tag-corcolatas","tag-mario-derlgado","tag-morena"],"_links":{"self":[{"href":"https:\/\/losperiodistas.com.mx\/portal\/wp-json\/wp\/v2\/posts\/58415","targetHints":{"allow":["GET"]}}],"collection":[{"href":"https:\/\/losperiodistas.com.mx\/portal\/wp-json\/wp\/v2\/posts"}],"about":[{"href":"https:\/\/losperiodistas.com.mx\/portal\/wp-json\/wp\/v2\/types\/post"}],"author":[{"embeddable":true,"href":"https:\/\/losperiodistas.com.mx\/portal\/wp-json\/wp\/v2\/users\/1"}],"replies":[{"embeddable":true,"href":"https:\/\/losperiodistas.com.mx\/portal\/wp-json\/wp\/v2\/comments?post=58415"}],"version-history":[{"count":1,"href":"https:\/\/losperiodistas.com.mx\/portal\/wp-json\/wp\/v2\/posts\/58415\/revisions"}],"predecessor-version":[{"id":58417,"href":"https:\/\/losperiodistas.com.mx\/portal\/wp-json\/wp\/v2\/posts\/58415\/revisions\/58417"}],"wp:featuredmedia":[{"embeddable":true,"href":"https:\/\/losperiodistas.com.mx\/portal\/wp-json\/wp\/v2\/media\/58416"}],"wp:attachment":[{"href":"https:\/\/losperiodistas.com.mx\/portal\/wp-json\/wp\/v2\/media?parent=58415"}],"wp:term":[{"taxonomy":"category","embeddable":true,"href":"https:\/\/losperiodistas.com.mx\/portal\/wp-json\/wp\/v2\/categories?post=58415"},{"taxonomy":"post_tag","embeddable":true,"href":"https:\/\/losperiodistas.com.mx\/portal\/wp-json\/wp\/v2\/tags?post=58415"}],"curies":[{"name":"wp","href":"https:\/\/api.w.org\/{rel}","templated":true}]}}