{"id":58412,"date":"2023-09-06T07:18:54","date_gmt":"2023-09-06T12:18:54","guid":{"rendered":"http:\/\/losperiodistas.com.mx\/portal\/?p=58412"},"modified":"2023-09-06T07:18:59","modified_gmt":"2023-09-06T12:18:59","slug":"groseria-es-que-haya-164-mil-personas-asesinadas-responde-xochitl-galvez-a-amlo-reporte-indigo","status":"publish","type":"post","link":"https:\/\/losperiodistas.com.mx\/portal\/groseria-es-que-haya-164-mil-personas-asesinadas-responde-xochitl-galvez-a-amlo-reporte-indigo\/","title":{"rendered":"\u201cGroser\u00eda es que haya 164 mil personas asesinadas\u201d, responde X\u00f3chitl G\u00e1lvez a AMLO | Reporte Indigo"},"content":{"rendered":"\n<p class=\"has-pale-cyan-blue-background-color has-background has-medium-font-size\">La futura candidata presidencial de la oposici\u00f3n se\u00f1al\u00f3 que ser\u00e1 hasta el mes de noviembre que solicite licencia<\/p>\n\n\n\n<figure class=\"wp-block-image size-full is-style-default\"><img fetchpriority=\"high\" decoding=\"async\" width=\"1024\" height=\"695\" src=\"https:\/\/losperiodistas.com.mx\/portal\/wp-content\/uploads\/2023\/09\/xochitl-groseria.jpg\" alt=\"\" class=\"wp-image-58413\" srcset=\"https:\/\/losperiodistas.com.mx\/portal\/wp-content\/uploads\/2023\/09\/xochitl-groseria.jpg 1024w, https:\/\/losperiodistas.com.mx\/portal\/wp-content\/uploads\/2023\/09\/xochitl-groseria-300x204.jpg 300w, https:\/\/losperiodistas.com.mx\/portal\/wp-content\/uploads\/2023\/09\/xochitl-groseria-768x521.jpg 768w\" sizes=\"(max-width: 1024px) 100vw, 1024px\" \/><\/figure>\n\n\n\n<p><\/p>\n\n\n\n<p class=\"has-vivid-red-color has-text-color has-medium-font-size\"><strong>RUB\u00c9N ARIZMENDI \/ REPORTE INDIGO<\/strong><\/p>\n\n\n\n<p>Durante la sesi\u00f3n de este martes en el&nbsp;<strong>Senado de la Rep\u00fablica<\/strong>,<a href=\"https:\/\/www.reporteindigo.com\/reporte\/los-pinos-regresan-y-las-mananeras-se-van-esto-hara-xochitl-galvez-si-es-presidenta\/\" target=\"_blank\" rel=\"noreferrer noopener\">&nbsp;X\u00f3chitl G\u00e1lve<\/a>z fue la mujer m\u00e1s buscada por los reporteros para conocer su opini\u00f3n sobre las declaraciones del&nbsp;<strong>presidente Andr\u00e9s Manuel L\u00f3pez Obrador<\/strong>&nbsp;(AMLO), quien la critic\u00f3 al decir que se<strong>&nbsp;necesita mucho m\u00e1s que solo hablar con groser\u00edas<\/strong>&nbsp;para poder gobernar al pa\u00eds.<\/p>\n\n\n\n<p>En respuesta, la senadora y futura&nbsp;<strong>candidata presidencial<\/strong>&nbsp;del Frente Amplio por M\u00e9xico respondi\u00f3 que \u201c<strong>groser\u00eda es que haya 164 mil personas asesinadas<\/strong>, esa s\u00ed es una groser\u00eda. Groser\u00eda es que haya 50 millones de mexicanos sin servicios de salud. Groser\u00eda es que haya subido la pobreza extrema, 400 mil personas est\u00e1n en pobreza extrema.<\/p>\n\n\n\n<p>\u201cGroser\u00eda es que no le abra a las mujeres buscadoras, a las&nbsp;<strong>madres buscadoras<\/strong>, eso s\u00ed es groser\u00eda. Entonces, v\u00e1monos poni\u00e9ndonos de acuerdo qu\u00e9 es groser\u00eda\u201d.<br>Anunci\u00f3 que tiene previsto pedir&nbsp;<strong>licencia<\/strong>&nbsp;de su cargo como legisladora, pero aclar\u00f3 que ser\u00e1<strong>&nbsp;hasta noviembre de 2023<\/strong>&nbsp;cuando empiecen las precampa\u00f1as.<\/p>\n\n\n\n<p>En este sentido, la senadora por el\u00a0<strong>Partido Acci\u00f3n Nacional<\/strong>\u00a0sentenci\u00f3 que su trabajo como legisladora lo respetar\u00e1, pues asegur\u00f3 que as\u00ed siempre se ha manejado en el Senado.<\/p>\n\n\n\n<figure class=\"wp-block-embed is-type-rich is-provider-twitter wp-block-embed-twitter\"><div class=\"wp-block-embed__wrapper\">\nhttps:\/\/twitter.com\/Pajaropolitico\/status\/1699184428239466849?ref_src=twsrc%5Etfw%7Ctwcamp%5Etweetembed%7Ctwterm%5E1699184428239466849%7Ctwgr%5E7a7548d010e4c94518ba2054aa648fed55cae7e1%7Ctwcon%5Es1_c10&#038;ref_url=https%3A%2F%2Fwww.reporteindigo.com%2Freporte%2Fgroseria-es-que-haya-164-mil-personas-asesinadas-responde-xochitl-galvez-a-amlo%2F\n<\/div><\/figure>\n\n\n\n<h2 class=\"wp-block-heading\">Morena exige que X\u00f3chitl pida licencia<\/h2>\n\n\n\n<p>Sin embargo, integrantes del&nbsp;<strong>Grupo Parlamentario de Morena y sus aliados le exigieron que pida licencia<\/strong>, luego de que el pasado domingo fue declarada la virtual candidata presidencial del Frente Amplio por M\u00e9xico, argumentando que su presencia en la C\u00e1mara alta es un acto de proselitismo.<\/p>\n\n\n\n<p>Pidieron que las autoridades electorales la sancionen por supuestamente&nbsp;<a href=\"https:\/\/www.reporteindigo.com\/reporte\/morena-alista-denuncias-contra-xochitl-galvez-por-discursos-en-san-lazaro-y-el-angel-de-la-independencia\/\" target=\"_blank\" rel=\"noreferrer noopener\">llevar a cabo actos anticipados de campa\u00f1a<\/a>&nbsp;durante su participaci\u00f3n desde la tribuna de la C\u00e1mara de Diputados cuando inici\u00f3 el nuevo periodo de sesiones.<\/p>\n\n\n\n<p>M\u00f3nica Fern\u00e1ndez, de Morena, consider\u00f3 que&nbsp;<strong>X\u00f3chitl G\u00e1lvez s\u00ed realiz\u00f3 un evidente \u201cacto de campa\u00f1a anticipada\u201d<\/strong>&nbsp;en la tribuna del Congreso, pues acus\u00f3 que la legisladora opositora se posicion\u00f3 como candidata y expuso su programa de gobierno y acus\u00f3 que \u201cviol\u00f3 todas las reglas en una forma muy burda\u201d.<\/p>\n\n\n\n<p>En entrevista, G\u00e1lvez Ruiz indic\u00f3 que acto anticipado de campa\u00f1a es que el Presidente de la Rep\u00fablica diga que va a apoyar a la \u201c<strong>corcholata<\/strong>\u201d que gane: \u201c\u00c9l es Presidente, \u00e9l no est\u00e1 para apoyar, \u00e9l est\u00e1 para gobernar, \u00e9sa s\u00ed es una declaraci\u00f3n peligrosa, porque \u00e9l es el Presidente de la Rep\u00fablica\u201d.<\/p>\n\n\n\n<p>Reiter\u00f3 que todo mundo sabe que la \u201ccorcholata\u201d ganadora es\u00a0<strong>Claudia Sheinbaum<\/strong>; incluso, coment\u00f3 que dobl\u00f3 la apuesta con L\u00f3pez Obrador porque Claudia ganar\u00e1, pero no le acept\u00f3 la apuesta. Sin embargo, fue clara al se\u00f1alar que \u201chay tiro\u201d entre ella y Claudia Sheinbaum.<\/p>\n\n\n\n<p>Fuente: <a href=\"https:\/\/www.reporteindigo.com\/reporte\/groseria-es-que-haya-164-mil-personas-asesinadas-responde-xochitl-galvez-a-amlo\/\">https:\/\/www.reporteindigo.com\/reporte\/groseria-es-que-haya-164-mil-personas-asesinadas-responde-xochitl-galvez-a-amlo\/<\/a><\/p>\n","protected":false},"excerpt":{"rendered":"<p>La futura candidata presidencial de la oposici\u00f3n se\u00f1al\u00f3 que ser\u00e1 hasta el mes de noviembre que solicite licencia RUB\u00c9N ARIZMENDI [&hellip;]<\/p>\n","protected":false},"author":1,"featured_media":58413,"comment_status":"open","ping_status":"open","sticky":false,"template":"","format":"standard","meta":{"site-sidebar-layout":"default","site-content-layout":"","ast-site-content-layout":"default","site-content-style":"default","site-sidebar-style":"default","ast-global-header-display":"","ast-banner-title-visibility":"","ast-main-header-display":"","ast-hfb-above-header-display":"","ast-hfb-below-header-display":"","ast-hfb-mobile-header-display":"","site-post-title":"","ast-breadcrumbs-content":"","ast-featured-img":"","footer-sml-layout":"","theme-transparent-header-meta":"","adv-header-id-meta":"","stick-header-meta":"","header-above-stick-meta":"","header-main-stick-meta":"","header-below-stick-meta":"","astra-migrate-meta-layouts":"default","ast-page-background-enabled":"default","ast-page-background-meta":{"desktop":{"background-color":"var(--ast-global-color-4)","background-image":"","background-repeat":"repeat","background-position":"center center","background-size":"auto","background-attachment":"scroll","background-type":"","background-media":"","overlay-type":"","overlay-color":"","overlay-opacity":"","overlay-gradient":""},"tablet":{"background-color":"","background-image":"","background-repeat":"repeat","background-position":"center center","background-size":"auto","background-attachment":"scroll","background-type":"","background-media":"","overlay-type":"","overlay-color":"","overlay-opacity":"","overlay-gradient":""},"mobile":{"background-color":"","background-image":"","background-repeat":"repeat","background-position":"center center","background-size":"auto","background-attachment":"scroll","background-type":"","background-media":"","overlay-type":"","overlay-color":"","overlay-opacity":"","overlay-gradient":""}},"ast-content-background-meta":{"desktop":{"background-color":"var(--ast-global-color-5)","background-image":"","background-repeat":"repeat","background-position":"center center","background-size":"auto","background-attachment":"scroll","background-type":"","background-media":"","overlay-type":"","overlay-color":"","overlay-opacity":"","overlay-gradient":""},"tablet":{"background-color":"var(--ast-global-color-5)","background-image":"","background-repeat":"repeat","background-position":"center center","background-size":"auto","background-attachment":"scroll","background-type":"","background-media":"","overlay-type":"","overlay-color":"","overlay-opacity":"","overlay-gradient":""},"mobile":{"background-color":"var(--ast-global-color-5)","background-image":"","background-repeat":"repeat","background-position":"center center","background-size":"auto","background-attachment":"scroll","background-type":"","background-media":"","overlay-type":"","overlay-color":"","overlay-opacity":"","overlay-gradient":""}},"footnotes":""},"categories":[8],"tags":[18687,18686,18685,18684,14772],"class_list":["post-58412","post","type-post","status-publish","format-standard","has-post-thumbnail","hentry","category-noticias","tag-las-groserias-de-amlo","tag-mexic-servicios-de-salud","tag-mexico-personas-asesinadas","tag-mexico-pobreza-extrema","tag-xochitl-galvez"],"_links":{"self":[{"href":"https:\/\/losperiodistas.com.mx\/portal\/wp-json\/wp\/v2\/posts\/58412","targetHints":{"allow":["GET"]}}],"collection":[{"href":"https:\/\/losperiodistas.com.mx\/portal\/wp-json\/wp\/v2\/posts"}],"about":[{"href":"https:\/\/losperiodistas.com.mx\/portal\/wp-json\/wp\/v2\/types\/post"}],"author":[{"embeddable":true,"href":"https:\/\/losperiodistas.com.mx\/portal\/wp-json\/wp\/v2\/users\/1"}],"replies":[{"embeddable":true,"href":"https:\/\/losperiodistas.com.mx\/portal\/wp-json\/wp\/v2\/comments?post=58412"}],"version-history":[{"count":1,"href":"https:\/\/losperiodistas.com.mx\/portal\/wp-json\/wp\/v2\/posts\/58412\/revisions"}],"predecessor-version":[{"id":58414,"href":"https:\/\/losperiodistas.com.mx\/portal\/wp-json\/wp\/v2\/posts\/58412\/revisions\/58414"}],"wp:featuredmedia":[{"embeddable":true,"href":"https:\/\/losperiodistas.com.mx\/portal\/wp-json\/wp\/v2\/media\/58413"}],"wp:attachment":[{"href":"https:\/\/losperiodistas.com.mx\/portal\/wp-json\/wp\/v2\/media?parent=58412"}],"wp:term":[{"taxonomy":"category","embeddable":true,"href":"https:\/\/losperiodistas.com.mx\/portal\/wp-json\/wp\/v2\/categories?post=58412"},{"taxonomy":"post_tag","embeddable":true,"href":"https:\/\/losperiodistas.com.mx\/portal\/wp-json\/wp\/v2\/tags?post=58412"}],"curies":[{"name":"wp","href":"https:\/\/api.w.org\/{rel}","templated":true}]}}