{"id":58199,"date":"2023-09-02T09:57:24","date_gmt":"2023-09-02T14:57:24","guid":{"rendered":"http:\/\/losperiodistas.com.mx\/portal\/?p=58199"},"modified":"2023-09-02T09:57:26","modified_gmt":"2023-09-02T14:57:26","slug":"gastar-la-vida-por-el-evangelio-encuentro-del-papa-con-los-misioneros-vatican-news","status":"publish","type":"post","link":"https:\/\/losperiodistas.com.mx\/portal\/gastar-la-vida-por-el-evangelio-encuentro-del-papa-con-los-misioneros-vatican-news\/","title":{"rendered":"\u201cGastar la vida por el Evangelio\u201d: Encuentro del Papa con los misioneros | Vatican News"},"content":{"rendered":"\n<p class=\"has-luminous-vivid-amber-background-color has-background has-medium-font-size\">En el encuentro con los agentes de pastoral en Mongolia el Santo Padre los exhort\u00f3 a seguir \u2018gustando\u2019 el encuentro con Cristo: \u201csin esto, las fuerzas van menguando y el compromiso pastoral corre el riesgo de quedar en una est\u00e9ril\u201d.<\/p>\n\n\n\n<figure class=\"wp-block-embed is-type-video is-provider-youtube wp-block-embed-youtube wp-embed-aspect-16-9 wp-has-aspect-ratio\"><div class=\"wp-block-embed__wrapper\">\n<iframe title=\"Ul\u00e1n Bator, Encuentro con los Religiosos y los Agentes de Pastoral, 2 septiembre, Papa Francisco\" width=\"500\" height=\"281\" src=\"https:\/\/www.youtube.com\/embed\/2_C0dsAI04c?feature=oembed\" frameborder=\"0\" allow=\"accelerometer; autoplay; clipboard-write; encrypted-media; gyroscope; picture-in-picture; web-share\" referrerpolicy=\"strict-origin-when-cross-origin\" allowfullscreen><\/iframe>\n<\/div><\/figure>\n\n\n\n<p><\/p>\n\n\n\n<p>JOHAN PACHECO \/ VATICAN NEWS<\/p>\n\n\n\n<p>En la Catedra de San Pedro y San Pablo en Ul\u00e1n Batar (Mongolia), el Papa Francisco se re\u00fane con los obispos, sacerdotes, misioneros, religiosos, consagradas y agentes de pastoral que \u201cgastan la vida por el Evangelio\u201d en estas tierras.<\/p>\n\n\n\n<p>\u201cGastar la vida por el Evangelio: es una bella definici\u00f3n de la vocaci\u00f3n misionera del cristiano, y en particular del modo en que los cristianos viven esa vocaci\u00f3n aqu\u00ed\u201d, les dijo el Pont\u00edfice, reflexionando&nbsp; con el Salmo (34) que compartieron en el momento de oraci\u00f3n: \u00ab\u00a1Gusten y vean qu\u00e9 bueno es el Se\u00f1or!\u00bb (v. 9).<\/p>\n\n\n\n<p>Luego de escuchar el saludo del presidente de la Conferencia Episcopal, y los testimonios de un sacerdote, una religiosa y un&nbsp;agente&nbsp;de pastoral, el Papa les pregunta: \u00bfPor qu\u00e9 gastar la vida por el Evangelio?<\/p>\n\n\n\n<p>Y les responde, \u201cprecisamente porque, como recuerda el Salmo 34, se ha gustado, se ha sentido el buen sabor, se ha experimentado la ternura del amor de Dios en la propia existencia. Ese Dios que se hizo visible, tangible, perceptible en Jes\u00fas\u201d.<\/p>\n\n\n\n<p>Por ello les insiste en la importancia del encuentro cotidiano con el Se\u00f1or: \u201cHermanos y hermanas, la vida cristiana nace de la contemplaci\u00f3n de este rostro, es una cuesti\u00f3n de amor, de encuentro cotidiano con el Se\u00f1or en la Palabra y en el Pan de vida, en el rostro de los dem\u00e1s, en los necesitados, donde Cristo est\u00e1 presente\u201d.<\/p>\n\n\n\n<figure class=\"wp-block-image is-style-default\"><img decoding=\"async\" src=\"https:\/\/www.vaticannews.va\/content\/dam\/vaticannews\/agenzie\/images\/srv\/2023\/08\/31\/2023-08-31-viaggio-apostolico-in-mongolia\/1693645343444.JPG\/_jcr_content\/renditions\/cq5dam.thumbnail.cropped.750.422.jpeg\" alt=\"Catedra San Pedro y San Pablo en Ul\u00e1n Bator, Mongolia. \"\/><\/figure>\n\n\n\n<p>Catedra San Pedro y San Pablo en Ul\u00e1n Bator, Mongolia.<\/p>\n\n\n\n<h2 class=\"wp-block-heading\">La mirada en el Se\u00f1or:&nbsp;Cristo buen samaritano<\/h2>\n\n\n\n<p>Y recordando de manera grata los primeros misioneros en Mongolia hace treinta a\u00f1os, y tambi\u00e9n las diversas&nbsp;iniciativas&nbsp;actuales de caridad que \u201creflejan el rostro misericordioso de Cristo buen samaritano\u201d, los invita a que \u201cgusten y vean al Se\u00f1or, a que vuelvan una y otra vez a aquella primera mirada de la que surgi\u00f3 todo\u201d.<\/p>\n\n\n\n<p>Les advierte adem\u00e1s que \u201csin esto, las fuerzas van menguando y el compromiso pastoral corre el riesgo de quedar en una est\u00e9ril prestaci\u00f3n de servicios, en un sucederse de tareas que se deben hacer, pero que terminan por no trasmitir nada m\u00e1s que cansancio y frustraci\u00f3n\u201d.<\/p>\n\n\n\n<blockquote class=\"wp-block-quote is-layout-flow wp-block-quote-is-layout-flow\"><p>\u201cEs necesario volver a la fuente, al rostro de Jes\u00fas, a gustar de su presencia; es \u00c9l nuestro tesoro (cf. Mt 13,44), la perla preciosa por la cual vale la pena gastar todo (cf. Mt 13,45-46)\u201d<\/p><\/blockquote>\n\n\n\n<figure class=\"wp-block-image is-style-default\"><img decoding=\"async\" src=\"https:\/\/www.vaticannews.va\/content\/dam\/vaticannews\/agenzie\/images\/srv\/2023\/08\/31\/2023-08-31-viaggio-apostolico-in-mongolia\/1693646551457.JPG\/_jcr_content\/renditions\/cq5dam.thumbnail.cropped.750.422.jpeg\" alt=\"El Papa Francisco agradece a los agentes de pastoral en Mongolia por sus servicio misionero. \"\/><\/figure>\n\n\n\n<p>El Papa Francisco agradece a los agentes de pastoral en Mongolia por sus servicio misionero.<\/p>\n\n\n\n<h2 class=\"wp-block-heading\">La \u201ccomuni\u00f3n\u201d de una Iglesia peque\u00f1a pero Universal<\/h2>\n\n\n\n<p>En esa perspectiva tambi\u00e9n los exhort\u00f3 \u201ca ver en el obispo no un&nbsp;<em>manager<\/em>, sino la imagen viva de Cristo buen Pastor que re\u00fane y gu\u00eda a su pueblo; un disc\u00edpulo colmado del carisma apost\u00f3lico para que edifique la fraternidad en Cristo y la radique cada vez m\u00e1s en esta naci\u00f3n con una noble identidad cultural\u201d, dijo.LEA TAMBI\u00c9N<a href=\"https:\/\/www.vaticannews.va\/es\/papa\/news\/2023-09\/papa-francisco-viaje-apostolico-mongolia-discurso-autoridades.html\"><\/a>02\/09\/2023<\/p>\n\n\n\n<h2 class=\"wp-block-heading\"><a href=\"https:\/\/www.vaticannews.va\/es\/papa\/news\/2023-09\/papa-francisco-viaje-apostolico-mongolia-discurso-autoridades.html\">El Papa rog\u00f3 a Dios que se recreen condiciones para la paz<\/a><\/h2>\n\n\n\n<p>Y destac\u00f3 que siendo el Obispo de esta peque\u00f1a Iglesia, un Cardenal, da un especial significado: \u201ctodos ustedes, lejanos s\u00f3lo f\u00edsicamente, est\u00e1n muy cerca del coraz\u00f3n de Pedro; y toda la Iglesia est\u00e1 cerca de ustedes, de vuestra comunidad, que es verdaderamente cat\u00f3lica, es decir, universal\u201d.&nbsp;&nbsp;<\/p>\n\n\n\n<p>Por ello subray\u00f3 de igual manera la palabra \u201ccomuni\u00f3n\u201d:<\/p>\n\n\n\n<blockquote class=\"wp-block-quote is-layout-flow wp-block-quote-is-layout-flow\"><p>\u201cQueridos misioneros y misioneras, gusten y vean el don que son ustedes, la belleza de darse totalmente a Cristo que los ha llamado a testimoniar su amor precisamente aqu\u00ed en Mongolia. Sigan haci\u00e9ndolo cultivando la comuni\u00f3n. Ll\u00e9venlo a cabo en la sencillez de una vida sobria, a imitaci\u00f3n del Se\u00f1or, que entr\u00f3 en Jerusal\u00e9n sobre un mulo y que se despoj\u00f3 incluso de sus vestiduras en la cruz\u201d<\/p><\/blockquote>\n\n\n\n<figure class=\"wp-block-image is-style-default\"><img decoding=\"async\" src=\"https:\/\/www.vaticannews.va\/content\/dam\/vaticannews\/agenzie\/images\/srv\/2023\/08\/31\/2023-08-31-viaggio-apostolico-in-mongolia\/1693646554831.JPG\/_jcr_content\/renditions\/cq5dam.thumbnail.cropped.750.422.jpeg\" alt=\"La \u201cMadre del Cielo\u201d, advocaci\u00f3n mariana en Mongolia \"\/><\/figure>\n\n\n\n<p>La \u201cMadre del Cielo\u201d, advocaci\u00f3n mariana en Mongolia<\/p>\n\n\n\n<h2 class=\"wp-block-heading\">Confianza en la \u201cMadre del Cielo\u201d<\/h2>\n\n\n\n<p>El Papa les llam\u00f3 tambi\u00e9n a seguir confiando en la Virgen Mar\u00eda, que en Mongolia la invocan como: \u201cMadre del Cielo\u201d. Advocaci\u00f3n que naci\u00f3 en este pa\u00eds asi\u00e1tico luego que fuera encontrada un busto de la Inmaculada en un basurero, pero que fue rescatada, posteriormente entronizada en la Catedral y desde el a\u00f1o 2022 la naci\u00f3n fue consagrada a Ella.&nbsp;&nbsp;&nbsp;&nbsp;<\/p>\n\n\n\n<p>\u201cElla, sin mancha, inmune al pecado, ha querido hacerse cercana -expres\u00f3 el Papa- hasta el punto de ser confundida con los deshechos de la sociedad\u201d.<\/p>\n\n\n\n<h2 class=\"wp-block-heading\"><a href=\"https:\/\/www.vaticannews.va\/es\/papa\/news\/2023-09\/primera-jornada-papa-francisco-descanso-manana-agenda.html\"><\/a>01\/09\/2023<a href=\"https:\/\/www.vaticannews.va\/es\/papa\/news\/2023-09\/primera-jornada-papa-francisco-descanso-manana-agenda.html\">Primera jornada de Francisco en Mongolia, una acogida sobria pero muy sentida<\/a>El Papa Francisco, lleg\u00f3 esta ma\u00f1ana a las 9:50 despu\u00e9s de nueve horas y media de viaje, partiendo el jueves del aeropuerto internacional de Fiumicino a las casi las siete de la &#8230;<\/h2>\n\n\n\n<h2 class=\"wp-block-heading\">No temer a los n\u00fameros reducidos<\/h2>\n\n\n\n<p>Finalmente, el Santo Padre les pidi\u00f3 no temer a los n\u00fameros reducidos que representa la Iglesia en Mongolia, seg\u00fan las estad\u00edsticas oficiales son unos 1500 bautizados: \u201cHermanos, hermanas, no tengan miedo de los n\u00fameros reducidos, de los \u00e9xitos que no llegan, de la relevancia que no aparece. No es este el camino de Dios. Miremos a Mar\u00eda, que en su peque\u00f1ez es m\u00e1s grande que el cielo, porque ha acogido a Aquel que ni el cielo ni lo m\u00e1s alto del cielo puede contener (cf. 1 Re 8,27)\u201d.<\/p>\n\n\n\n<p>\u201cYo estoy con ustedes y de todo coraz\u00f3n les digo: gracias, gracias por su testimonio, gracias por vuestra vida gastada por el Evangelio\u201d, les dio el Papa antes de la oraci\u00f3n del Avemar\u00eda e impartir la bendici\u00f3n.<\/p>\n\n\n\n<p>Fuente: <a href=\"https:\/\/www.vaticannews.va\/es\/papa\/news\/2023-09\/gastar-la-vida-evangelio-papa-francisco-misioneros-mongolia.html\">https:\/\/www.vaticannews.va\/es\/papa\/news\/2023-09\/gastar-la-vida-evangelio-papa-francisco-misioneros-mongolia.html<\/a><\/p>\n","protected":false},"excerpt":{"rendered":"<p>En el encuentro con los agentes de pastoral en Mongolia el Santo Padre los exhort\u00f3 a seguir \u2018gustando\u2019 el encuentro [&hellip;]<\/p>\n","protected":false},"author":1,"featured_media":58200,"comment_status":"open","ping_status":"open","sticky":false,"template":"","format":"standard","meta":{"site-sidebar-layout":"default","site-content-layout":"","ast-site-content-layout":"default","site-content-style":"default","site-sidebar-style":"default","ast-global-header-display":"","ast-banner-title-visibility":"","ast-main-header-display":"","ast-hfb-above-header-display":"","ast-hfb-below-header-display":"","ast-hfb-mobile-header-display":"","site-post-title":"","ast-breadcrumbs-content":"","ast-featured-img":"","footer-sml-layout":"","theme-transparent-header-meta":"","adv-header-id-meta":"","stick-header-meta":"","header-above-stick-meta":"","header-main-stick-meta":"","header-below-stick-meta":"","astra-migrate-meta-layouts":"default","ast-page-background-enabled":"default","ast-page-background-meta":{"desktop":{"background-color":"var(--ast-global-color-4)","background-image":"","background-repeat":"repeat","background-position":"center center","background-size":"auto","background-attachment":"scroll","background-type":"","background-media":"","overlay-type":"","overlay-color":"","overlay-opacity":"","overlay-gradient":""},"tablet":{"background-color":"","background-image":"","background-repeat":"repeat","background-position":"center center","background-size":"auto","background-attachment":"scroll","background-type":"","background-media":"","overlay-type":"","overlay-color":"","overlay-opacity":"","overlay-gradient":""},"mobile":{"background-color":"","background-image":"","background-repeat":"repeat","background-position":"center center","background-size":"auto","background-attachment":"scroll","background-type":"","background-media":"","overlay-type":"","overlay-color":"","overlay-opacity":"","overlay-gradient":""}},"ast-content-background-meta":{"desktop":{"background-color":"var(--ast-global-color-5)","background-image":"","background-repeat":"repeat","background-position":"center center","background-size":"auto","background-attachment":"scroll","background-type":"","background-media":"","overlay-type":"","overlay-color":"","overlay-opacity":"","overlay-gradient":""},"tablet":{"background-color":"var(--ast-global-color-5)","background-image":"","background-repeat":"repeat","background-position":"center center","background-size":"auto","background-attachment":"scroll","background-type":"","background-media":"","overlay-type":"","overlay-color":"","overlay-opacity":"","overlay-gradient":""},"mobile":{"background-color":"var(--ast-global-color-5)","background-image":"","background-repeat":"repeat","background-position":"center center","background-size":"auto","background-attachment":"scroll","background-type":"","background-media":"","overlay-type":"","overlay-color":"","overlay-opacity":"","overlay-gradient":""}},"footnotes":""},"categories":[8],"tags":[18605,18545,196],"class_list":["post-58199","post","type-post","status-publish","format-standard","has-post-thumbnail","hentry","category-noticias","tag-misioneros-en-asia","tag-mongolia","tag-papa-francisco"],"_links":{"self":[{"href":"https:\/\/losperiodistas.com.mx\/portal\/wp-json\/wp\/v2\/posts\/58199","targetHints":{"allow":["GET"]}}],"collection":[{"href":"https:\/\/losperiodistas.com.mx\/portal\/wp-json\/wp\/v2\/posts"}],"about":[{"href":"https:\/\/losperiodistas.com.mx\/portal\/wp-json\/wp\/v2\/types\/post"}],"author":[{"embeddable":true,"href":"https:\/\/losperiodistas.com.mx\/portal\/wp-json\/wp\/v2\/users\/1"}],"replies":[{"embeddable":true,"href":"https:\/\/losperiodistas.com.mx\/portal\/wp-json\/wp\/v2\/comments?post=58199"}],"version-history":[{"count":1,"href":"https:\/\/losperiodistas.com.mx\/portal\/wp-json\/wp\/v2\/posts\/58199\/revisions"}],"predecessor-version":[{"id":58201,"href":"https:\/\/losperiodistas.com.mx\/portal\/wp-json\/wp\/v2\/posts\/58199\/revisions\/58201"}],"wp:featuredmedia":[{"embeddable":true,"href":"https:\/\/losperiodistas.com.mx\/portal\/wp-json\/wp\/v2\/media\/58200"}],"wp:attachment":[{"href":"https:\/\/losperiodistas.com.mx\/portal\/wp-json\/wp\/v2\/media?parent=58199"}],"wp:term":[{"taxonomy":"category","embeddable":true,"href":"https:\/\/losperiodistas.com.mx\/portal\/wp-json\/wp\/v2\/categories?post=58199"},{"taxonomy":"post_tag","embeddable":true,"href":"https:\/\/losperiodistas.com.mx\/portal\/wp-json\/wp\/v2\/tags?post=58199"}],"curies":[{"name":"wp","href":"https:\/\/api.w.org\/{rel}","templated":true}]}}