{"id":58127,"date":"2023-09-01T07:11:34","date_gmt":"2023-09-01T12:11:34","guid":{"rendered":"http:\/\/losperiodistas.com.mx\/portal\/?p=58127"},"modified":"2023-09-01T07:11:36","modified_gmt":"2023-09-01T12:11:36","slug":"procesion-de-los-faroles-marca-el-inicio-de-la-fiesta-patronal-de-la-virgen-de-los-remedios-oem","status":"publish","type":"post","link":"https:\/\/losperiodistas.com.mx\/portal\/procesion-de-los-faroles-marca-el-inicio-de-la-fiesta-patronal-de-la-virgen-de-los-remedios-oem\/","title":{"rendered":"Procesi\u00f3n de los Faroles marca el inicio de la fiesta patronal de la Virgen de los Remedios | OEM"},"content":{"rendered":"\n<h3 class=\"has-background has-medium-font-size wp-block-heading\" style=\"background-color:#f5a551\">Con flores, globos y faroles en mano, los pobladores de Cholula cumplen con esta tradici\u00f3n de m\u00e1s de un centenar de a\u00f1os<\/h3>\n\n\n\n<figure class=\"wp-block-image size-large is-style-default\"><img fetchpriority=\"high\" decoding=\"async\" width=\"1024\" height=\"727\" src=\"https:\/\/losperiodistas.com.mx\/portal\/wp-content\/uploads\/2023\/09\/Captura-de-Pantalla-2023-09-01-a-las-6.00.08-1024x727.jpg\" alt=\"\" class=\"wp-image-58128\" srcset=\"https:\/\/losperiodistas.com.mx\/portal\/wp-content\/uploads\/2023\/09\/Captura-de-Pantalla-2023-09-01-a-las-6.00.08-1024x727.jpg 1024w, https:\/\/losperiodistas.com.mx\/portal\/wp-content\/uploads\/2023\/09\/Captura-de-Pantalla-2023-09-01-a-las-6.00.08-300x213.jpg 300w, https:\/\/losperiodistas.com.mx\/portal\/wp-content\/uploads\/2023\/09\/Captura-de-Pantalla-2023-09-01-a-las-6.00.08-768x545.jpg 768w, https:\/\/losperiodistas.com.mx\/portal\/wp-content\/uploads\/2023\/09\/Captura-de-Pantalla-2023-09-01-a-las-6.00.08.jpg 1498w\" sizes=\"(max-width: 1024px) 100vw, 1024px\" \/><\/figure>\n\n\n\n<p><\/p>\n\n\n\n<p class=\"has-vivid-red-color has-text-color has-medium-font-size\"><strong>NORMA MARCIAL \/ EL SOL DE PUEBLA<\/strong><\/p>\n\n\n\n<p>Pese a la lluvia,<strong>&nbsp;decenas de feligreses de San Andr\u00e9s y&nbsp;<a href=\"https:\/\/www.elsoldepuebla.com.mx\/cultura\/devotos-de-san-pedro-cholula-celebran-a-la-virgen-de-los-remedios-8828599.html\" target=\"_blank\" rel=\"noreferrer noopener\">San Pedro Cholula<\/a><\/strong>, realizan por separado, la&nbsp;<strong>Procesi\u00f3n de los Faroles<\/strong>, recorrido que anuncia la llegada de la&nbsp;<strong>fiesta patronal de la virgen de los Remedios<\/strong>, que es este<strong>&nbsp;1 de septiembre.<\/strong><\/p>\n\n\n\n<p>En\u00a0<strong>San Pedro Cholula\u00a0<\/strong>es donde se nota el contingente m\u00e1s grande, dado que las\u00a0<strong>im\u00e1genes religiosas de todos los barrios<\/strong>, en un solo contingente,<strong>\u00a0circulan por las principales calles de este Pueblo M\u00e1gico.<\/strong><\/p>\n\n\n\n<p>El&nbsp;<strong>repique de las campanas<\/strong>&nbsp;de las iglesias situadas en el coraz\u00f3n de esta ciudad, acompa\u00f1a el peregrinar de familias, quienes con&nbsp;<strong>flores, globos y faroles en mano<\/strong>, cumplen esta<strong>&nbsp;tradici\u00f3n de mas de un centenar de a\u00f1os<\/strong>, la cual&nbsp;<strong>concluir\u00e1 a la media noche en lo alto de la Gran Pir\u00e1mide de Cholula<\/strong>, donde entonar\u00e1n las&nbsp;<strong>tradicionales ma\u00f1anitas a esta imagen<\/strong>, en su altar, que justo se encuentra en la c\u00faspide.<\/p>\n\n\n\n<p><strong>Pirotecnia y m\u00fasica de viento<\/strong>, tambi\u00e9n acompa\u00f1a esta procesi\u00f3n, donde<strong>&nbsp;m\u00e1s de 500 faroles iluminan en esta noche.<\/strong><img decoding=\"async\" src=\"https:\/\/www.elsoldepuebla.com.mx\/local\/estado\/7cp4lu-procesion-de-los-faroles-marca-el-inicio-de-la-feria-patronal-de-san-pedro-cholula\/alternates\/FREE_720\/Procesi%C3%B3n%20de%20los%20Faroles%20marca%20el%20inicio%20de%20la%20feria%20patronal%20de%20San%20Pedro%20Cholula\" alt=\"\"><\/p>\n\n\n\n<h4 class=\"wp-block-heading\">Las im\u00e1genes religiosas de todos los barrios de San Pedro Cholula marchan en un solo contingente por las principales calles de este Pueblo M\u00e1gico. Foto: Bibiana D\u00edaz | El Sol de Puebla<\/h4>\n\n\n\n<p><strong><\/strong><\/p>\n\n\n\n<p>Un operativo de seguridad p\u00fablica por parte del&nbsp;<strong>Ayuntamiento de San Pedro Cholula<\/strong>, lleva a cabo<strong>&nbsp;un dispositivo especial&nbsp;<\/strong>ante el cierre de vialidades y para evitar incidentes.<\/p>\n\n\n\n<h2 class=\"wp-block-heading\"><strong>Los feligreses de San Andr\u00e9s Cholula<\/strong><\/h2>\n\n\n\n<p>Se debe decir que por&nbsp;<strong>segundo a\u00f1o consecutivo,<\/strong>&nbsp;feligreses de&nbsp;<strong>San Andr\u00e9s Cholula<\/strong>&nbsp;se sumaron a esta tradici\u00f3n que&nbsp;<strong>naci\u00f3 en San Pedro Cholula<\/strong>, pero ya que la&nbsp;<strong>virgen de los Remedios&nbsp;<\/strong>es la&nbsp;<strong>santa patrona de Cholula<\/strong>, algunos feligreses decidieron unirse, aunque el<strong>&nbsp;recorrido hecho solo incluy\u00f3 calles de ese municipio<\/strong>, que junto con San Pedro,<strong>&nbsp;tambi\u00e9n comparte la categor\u00eda de Pueblo M\u00e1gico.<\/strong><img decoding=\"async\" src=\"https:\/\/www.elsoldepuebla.com.mx\/local\/estado\/rqscr6-procesion-de-los-faroles-marca-el-inicio-de-la-feria-patronal-de-san-pedro-cholula\/alternates\/FREE_720\/Procesi%C3%B3n%20de%20los%20Faroles%20marca%20el%20inicio%20de%20la%20feria%20patronal%20de%20San%20Pedro%20Cholula\" alt=\"\"><\/p>\n\n\n\n<h4 class=\"wp-block-heading\">Pirotecnia y m\u00fasica de viento, tambi\u00e9n acompa\u00f1a esta procesi\u00f3n. Foto: Norma Marcial | El Sol de Puebla<\/h4>\n\n\n\n<p>Fuente: <a href=\"https:\/\/www.elsoldepuebla.com.mx\/local\/estado\/procesion-de-los-faroles-marca-el-inicio-de-la-fiesta-patronal-de-la-virgen-de-los-remedios-10627204.html\">https:\/\/www.elsoldepuebla.com.mx\/local\/estado\/procesion-de-los-faroles-marca-el-inicio-de-la-fiesta-patronal-de-la-virgen-de-los-remedios-10627204.html<\/a><\/p>\n","protected":false},"excerpt":{"rendered":"<p>Con flores, globos y faroles en mano, los pobladores de Cholula cumplen con esta tradici\u00f3n de m\u00e1s de un centenar [&hellip;]<\/p>\n","protected":false},"author":1,"featured_media":58128,"comment_status":"open","ping_status":"open","sticky":false,"template":"","format":"standard","meta":{"site-sidebar-layout":"default","site-content-layout":"","ast-site-content-layout":"default","site-content-style":"default","site-sidebar-style":"default","ast-global-header-display":"","ast-banner-title-visibility":"","ast-main-header-display":"","ast-hfb-above-header-display":"","ast-hfb-below-header-display":"","ast-hfb-mobile-header-display":"","site-post-title":"","ast-breadcrumbs-content":"","ast-featured-img":"","footer-sml-layout":"","theme-transparent-header-meta":"","adv-header-id-meta":"","stick-header-meta":"","header-above-stick-meta":"","header-main-stick-meta":"","header-below-stick-meta":"","astra-migrate-meta-layouts":"default","ast-page-background-enabled":"default","ast-page-background-meta":{"desktop":{"background-color":"var(--ast-global-color-4)","background-image":"","background-repeat":"repeat","background-position":"center center","background-size":"auto","background-attachment":"scroll","background-type":"","background-media":"","overlay-type":"","overlay-color":"","overlay-opacity":"","overlay-gradient":""},"tablet":{"background-color":"","background-image":"","background-repeat":"repeat","background-position":"center center","background-size":"auto","background-attachment":"scroll","background-type":"","background-media":"","overlay-type":"","overlay-color":"","overlay-opacity":"","overlay-gradient":""},"mobile":{"background-color":"","background-image":"","background-repeat":"repeat","background-position":"center center","background-size":"auto","background-attachment":"scroll","background-type":"","background-media":"","overlay-type":"","overlay-color":"","overlay-opacity":"","overlay-gradient":""}},"ast-content-background-meta":{"desktop":{"background-color":"var(--ast-global-color-5)","background-image":"","background-repeat":"repeat","background-position":"center center","background-size":"auto","background-attachment":"scroll","background-type":"","background-media":"","overlay-type":"","overlay-color":"","overlay-opacity":"","overlay-gradient":""},"tablet":{"background-color":"var(--ast-global-color-5)","background-image":"","background-repeat":"repeat","background-position":"center center","background-size":"auto","background-attachment":"scroll","background-type":"","background-media":"","overlay-type":"","overlay-color":"","overlay-opacity":"","overlay-gradient":""},"mobile":{"background-color":"var(--ast-global-color-5)","background-image":"","background-repeat":"repeat","background-position":"center center","background-size":"auto","background-attachment":"scroll","background-type":"","background-media":"","overlay-type":"","overlay-color":"","overlay-opacity":"","overlay-gradient":""}},"footnotes":""},"categories":[8],"tags":[18581,18582,18580],"class_list":["post-58127","post","type-post","status-publish","format-standard","has-post-thumbnail","hentry","category-noticias","tag-fiesta-patronal-cholula","tag-procesion-de-los-faroles","tag-virgen-de-los-remedios"],"_links":{"self":[{"href":"https:\/\/losperiodistas.com.mx\/portal\/wp-json\/wp\/v2\/posts\/58127","targetHints":{"allow":["GET"]}}],"collection":[{"href":"https:\/\/losperiodistas.com.mx\/portal\/wp-json\/wp\/v2\/posts"}],"about":[{"href":"https:\/\/losperiodistas.com.mx\/portal\/wp-json\/wp\/v2\/types\/post"}],"author":[{"embeddable":true,"href":"https:\/\/losperiodistas.com.mx\/portal\/wp-json\/wp\/v2\/users\/1"}],"replies":[{"embeddable":true,"href":"https:\/\/losperiodistas.com.mx\/portal\/wp-json\/wp\/v2\/comments?post=58127"}],"version-history":[{"count":1,"href":"https:\/\/losperiodistas.com.mx\/portal\/wp-json\/wp\/v2\/posts\/58127\/revisions"}],"predecessor-version":[{"id":58129,"href":"https:\/\/losperiodistas.com.mx\/portal\/wp-json\/wp\/v2\/posts\/58127\/revisions\/58129"}],"wp:featuredmedia":[{"embeddable":true,"href":"https:\/\/losperiodistas.com.mx\/portal\/wp-json\/wp\/v2\/media\/58128"}],"wp:attachment":[{"href":"https:\/\/losperiodistas.com.mx\/portal\/wp-json\/wp\/v2\/media?parent=58127"}],"wp:term":[{"taxonomy":"category","embeddable":true,"href":"https:\/\/losperiodistas.com.mx\/portal\/wp-json\/wp\/v2\/categories?post=58127"},{"taxonomy":"post_tag","embeddable":true,"href":"https:\/\/losperiodistas.com.mx\/portal\/wp-json\/wp\/v2\/tags?post=58127"}],"curies":[{"name":"wp","href":"https:\/\/api.w.org\/{rel}","templated":true}]}}