{"id":5797,"date":"2021-03-15T12:28:44","date_gmt":"2021-03-15T18:28:44","guid":{"rendered":"http:\/\/losperiodistas.com.mx\/portal\/?p=5797"},"modified":"2021-03-15T12:29:07","modified_gmt":"2021-03-15T18:29:07","slug":"sin-medio-ambiente-sano-no-hay-derechos-humanos","status":"publish","type":"post","link":"https:\/\/losperiodistas.com.mx\/portal\/sin-medio-ambiente-sano-no-hay-derechos-humanos\/","title":{"rendered":"Sin medio ambiente sano, no hay derechos humanos"},"content":{"rendered":"\n<p class=\"has-vivid-cyan-blue-color has-text-color\" style=\"font-size:26px\"><em>Por Luis Soriano Peregrina<\/em><\/p>\n\n\n\n<p>El 6 de marzo del 2021 diversas ONG\u00b4s y activistas ambientales y de derechos humanos publicaron \u201cLA AGENDA MEDIO AMBIENTAL, ECOL\u00d3GICA, POPULAR Y CON JUSTICIA AMBIENTAL Y SOCIAL\u201d, agenda importante, valioso y urgente, pues sin medio ambiente sano, no hay derechos humanos.<\/p>\n\n\n\n<p>Voz Ciudadana por los Derechos Humanos y sus integrantes manifestamos y nos sumamos a esta iniciativa y nos comprometemos a impulsarla desde nuestras \u00e1reas de influencia y ser socializada en los comit\u00e9s de Voz Ciudadana que tenemos formados en diversos lugares del Pa\u00eds, toda vez que esta agenda es fundamental para dignificar a las personas, aunado a que &nbsp;se complementa arm\u00f3nicamente a las acciones de cohesi\u00f3n social, construcci\u00f3n de paz y la municipalizaci\u00f3n de los derechos humanos que venimos impulsando desde hace ya diez a\u00f1os.<\/p>\n\n\n\n<p>Las y los impulsores de \u201cLA AGENDA MEDIO AMBIENTAL, ECOL\u00d3GICA, POPULAR Y CON JUSTICIA AMBIENTAL Y SOCIAL\u201d sustentan su exigencia en el art\u00edculo 39 Constitucional y que a la letra dice&nbsp;<em>\u201c\u2026La soberan\u00eda nacional reside esencial y originariamente en el pueblo. Todo poder p\u00fablico dimana del pueblo y se instituye para beneficio de \u00e9ste. El pueblo tiene en todo tiempo el inalienable derecho de alterar o modificar la forma de su gobierno.\u201d<\/em>&nbsp;Siendo suficiente para exigirle a quienes pretenden en este a\u00f1o elegirse mediante el voto, buscando en ellos sean nuestros aliados para romper con ese techo de cristal que nos afecta a todos los seres humanos y no humanos, esta agenda es sumamente valiosa y se tiene que socializar con todas y todos sin distinci\u00f3n, debemos buscar potencializar los derechos humanos vinculados al medio ambiente, como derechos fundamentales viables en su ejercicio y fuerte en su protecci\u00f3n, transversalizando y armoniz\u00e1ndolos con el resto de los derechos humanos como ellos lo se\u00f1alan con el Derecho a la Alimentaci\u00f3n, a la Salud, al agua, al derecho superior de la ni\u00f1ez, a la cultura entre otros m\u00e1s, potencializando la trascendencia de esta agenda que no solo es de medio ambiente sino es una agenda sustentada bajo los principios de paz, justicia, libertad y derechos humanos.<\/p>\n\n\n\n<p>Pero hablar de Derechos Humanos es hablar de un ideal, de derechos subjetivos, derechos no materializados o aterrizados en un Pa\u00eds, hablar de derechos humanos para algunos son los que defienden delincuentes para otros es un tema de abogados y jueces, buscar hacer efectivos los derechos humanos y en concreto a un medio ambiente sano, conforme nuestro actual marco jur\u00eddico es sumamente complejo obligar a una autoridad o particular a respetar y cumplir un derecho humano que a\u00fan no est\u00e1 debidamente regulado en el Pa\u00eds, pues los derechos humanos en s\u00ed, son derechos en general en beneficio de todas las personas y lograr encontrar justicia por lastimar nuestro medio ambiente es sumamente complicado cuando no se tiene un marco jur\u00eddico y administrativo que trate este tema o sea deficiente como es el caso, por eso no podemos hablar solo de derechos humanos, necesitamos analizar los derechos fundamentales existentes y saber si es suficiente o no, y en su caso ajustarse a nuestra realidad como Pa\u00eds.<\/p>\n\n\n\n<p>Hablemos de derechos fundamentales a un medio ambiente sano, es decir que sea aplicable en nuestro territorio, nuestras normas, nuestras estructuras administrativas y de justicia, pero por lo mal que la estamos pasando tanto los seres vivos humanos y no humanos, es clara la deficiente estructura jur\u00eddica y administrativa que deber\u00eda velar y defender a este derecho humano, hablar de los derechos fundamentales a un medio ambiente sano, no es mera t\u00e9cnica o jerga jur\u00eddica, es el ejercicio necesario para pasar del mundo de los ideales internacionales al mundo de lo materialmente existente en M\u00e9xico, y lo que encontramos es una normatividad deficiente, \u00f3rganos rectores d\u00e9biles, oblig\u00e1ndonos a reformular de fondo tanto en lo jur\u00eddico como lo administrativo todo lo relacionado al derecho de vivir en un Medio ambiente Sano, es decir, reajustar todo el Derecho Fundamental.<\/p>\n\n\n\n<p>La Agenda propone trata temas a nivel federal, estatal y municipal que nos permitan restructurar y reformular el derecho fundamental a un Medio Ambiente Sano, por lo cual solicitamos desde este espacio para que todas y todos aquellos que se est\u00e9n postulando para un cargo de elecci\u00f3n popular, adopten y hagan p\u00fablico su inter\u00e9s en cristalizar las propuestas extra\u00eddas de \u201cLA AGENDA MEDIO AMBIENTAL, ECOL\u00d3GICA, POPULAR Y CON JUSTICIA AMBIENTAL Y SOCIAL\u201d:<\/p>\n\n\n\n<p><strong>A NIVEL FEDERAL<\/strong><\/p>\n\n\n\n<p>\u2022&nbsp;&nbsp;&nbsp; Cambiar el actual modelo extractivo y depredador y establecer una pol\u00edtica de transici\u00f3n a las energ\u00edas renovables y abandonar las energ\u00edas f\u00f3siles.<\/p>\n\n\n\n<p>\u2022&nbsp;&nbsp;&nbsp; Prohibir, mediante Ley, la exploraci\u00f3n y explotaci\u00f3n de fracking en el territorio nacional.<\/p>\n\n\n\n<p>\u2022&nbsp;&nbsp;&nbsp; Abrogar\/Derogar la actual Ley Minera y revisar y en su caso, cancelar las concesiones mineras actuales.<\/p>\n\n\n\n<p>\u2022\u00a0\u00a0\u00a0 Reformar la Constituci\u00f3n General de la Rep\u00fablica con el prop\u00f3sito de constitucionalizar los derechos de la naturaleza.<\/p>\n\n\n\n<p>&nbsp;&nbsp;&nbsp; Aprobar la iniciativa ciudadana de Ley General de Aguas y revisar y en su caso, cancelar los permisos y concesiones de estas en el territorio nacional, principalmente a las industrias mineras, fracking, refresqueras y de bebidas embotelladas, automotriz, etc.<\/p>\n\n\n\n<p>\u2022&nbsp;&nbsp;&nbsp; Como un justo reconocimiento a los pueblos originarios de nuestro pa\u00eds y a 500 a\u00f1os de la ca\u00edda de M\u00e9xico-Tenochtitl\u00e1n, exigimos que, sin dilaci\u00f3n alguna, se reconozcan plenamente los Acuerdos de San Andr\u00e9s Larra\u00ednzar, Chiapas.<\/p>\n\n\n\n<p>\u2022&nbsp;&nbsp;&nbsp; Que todos los \u00f3rdenes de gobierno y todos los poderes p\u00fablicos, respeten escrupulosamente lo enunciado en el apartado A del art\u00edculo 2do. Constitucional acerca del derecho de los pueblos originarios a su libre determinaci\u00f3n y a su autonom\u00eda.<\/p>\n\n\n\n<p>\u2022&nbsp;&nbsp;&nbsp; Se elabore una Ley de Consulta a los pueblos ind\u00edgenas con la plena participaci\u00f3n de ellos, observando e incorporando las recomendaciones al Estado Mexicano, por parte de la CIDH.<\/p>\n\n\n\n<p>\u2022&nbsp;&nbsp;&nbsp; Que se revise la actual Ley General de Equilibrio Ecol\u00f3gico y de Protecci\u00f3n al Ambiente, as\u00ed como las Normas Oficiales Mexicanas respectivas, para armonizarlas con la legislaci\u00f3n internacional.<\/p>\n\n\n\n<p>\u2022&nbsp;&nbsp;&nbsp; Derogaci\u00f3n\/modificaci\u00f3n de la Ley de Organismo Gen\u00e9ticamente Modificados.<\/p>\n\n\n\n<p>\u2022&nbsp;&nbsp;&nbsp; Actualizaci\u00f3n de la NOM-083-SEMARNAT-2003. (Residuos s\u00f3lidos Urbanos)<\/p>\n\n\n\n<p>\u2022&nbsp;&nbsp;&nbsp; Derogaci\u00f3n o actualizaci\u00f3n de acuerdo con las normas internacionales de la Ley General para la Prevenci\u00f3n y Gesti\u00f3n Integral de los Residuos,<\/p>\n\n\n\n<p>\u2022&nbsp;&nbsp;&nbsp; Fortalecer pol\u00edtica, administrativa y financieramente a las instituciones Federales, Estatales y Municipales de Ecolog\u00eda y Medio Ambiente.<\/p>\n\n\n\n<p>\u2022&nbsp;&nbsp;&nbsp; Prohibir, mediante una Ley General, el uso del glifosato y agrot\u00f3xicos en el campo mexicano y tanto a nivel nacional, como estatal<\/p>\n\n\n\n<p><strong>A NIVEL ESTATAL<\/strong><\/p>\n\n\n\n<p>\u2022&nbsp;&nbsp;&nbsp; Abrogaci\u00f3n de la Ley Moreno Valle del agua y la remunicipalizaci\u00f3n de la misma; Realizaci\u00f3n de una auditor\u00eda al SOAPAP, del a\u00f1o 2011 a la fecha.<\/p>\n\n\n\n<p>\u2022&nbsp;&nbsp;&nbsp; Declara al Estado de Puebla como territorio libre de proyectos extractivos y desarrollistas.<\/p>\n\n\n\n<p>\u2022&nbsp;&nbsp;&nbsp; Se incorpore a las pol\u00edticas p\u00fablicas en las grandes urbes, los principios establecidos en la Carta Mundial del Derecho a la Ciudad.<\/p>\n\n\n\n<p>\u2022&nbsp;&nbsp;&nbsp; Reconocer y garantizar en la Constituci\u00f3n local, el derecho de todas y todos los ciudadanos poblanos y que, por encima de las actividades industriales, comerciales agropecuarias y agroindustriales, est\u00e1 la protecci\u00f3n, conservaci\u00f3n y preservaci\u00f3n de la ecolog\u00eda y el medio ambiente.<\/p>\n\n\n\n<p>\u2022&nbsp;&nbsp;&nbsp; Que se tipifique en el C\u00f3digo de Defensa Social del Estado, el delito de ecocidio<\/p>\n\n\n\n<p>\u2022&nbsp;&nbsp;&nbsp; Crear una Fiscal\u00eda Especializada en delitos ambientales.<\/p>\n\n\n\n<p>\u2022&nbsp;&nbsp;&nbsp; Castigar con c\u00e1rcel y sin derecho a fianza a qui\u00e9n o qui\u00e9nes, prendan fuego a montes, matorrales, bald\u00edos y en especial, a nuestros bosques. Tipificar dicho delito en el C\u00f3digo Estatal respectivo.<\/p>\n\n\n\n<p>\u2022&nbsp;&nbsp;&nbsp; Igualmente, tipificar como delito la tala de \u00e1rboles y tratarlo como crimen organizado<\/p>\n\n\n\n<p><strong>A NIVEL MUNICIPAL<\/strong><\/p>\n\n\n\n<p>\u2022&nbsp;&nbsp;&nbsp; Que con fundamento en lo dispuesto en el art\u00edculo 115 constitucional y en espec\u00edfico, con fundamento en el art\u00edculo 78 fracci\u00f3n IV de la Ley Org\u00e1nica Municipal, los Ayuntamientos expidan bandos de polic\u00eda, reglamentos, circulares y disposiciones administrativas, que garanticen la preservaci\u00f3n del medio ambiente, la ecolog\u00eda, el territorio. la salud, y la alimentaci\u00f3n sana de sus habitantes.<\/p>\n\n\n\n<p>\u2022&nbsp;&nbsp;&nbsp; Que los actuales y futuros cabildos previa revisi\u00f3n, nieguen los permisos de usos de suelo a las mineras a cielo abierto, explotaci\u00f3n del fracking, biopirater\u00eda, urbanizaci\u00f3n salvaje y elaboren, con la plena participaci\u00f3n ciudadana, un nuevo ordenamiento territorial de sus municipios y su respectivo Plan de Desarrollo Urbano.<\/p>\n\n\n\n<p>\u2022&nbsp;&nbsp;&nbsp; Que en la sesi\u00f3n de cabildo respectivo del Ayuntamiento de la ciudad de Puebla, se revoque el acuerdo del septiembre de 2013 que acord\u00f3 la privatizaci\u00f3n del agua en la ciudad.<\/p>\n\n\n\n<p>\u2022&nbsp;&nbsp;&nbsp; Qu\u00e9 en el caso de la Cd de Puebla, se modifique el C\u00f3digo Reglamentario de la Ciudad de Puebla, con el objeto de establecer en \u00e9l, que el \u201cagua es un derecho fundamental de todas y todos los ciudadanos del municipio de Puebla\u201d y que se sancionar\u00e1 a la empresa del agua, al realizar cortes de esta, sin haberlo resuelto un juez.<\/p>\n\n\n\n<p>\u2022&nbsp;&nbsp;&nbsp; As\u00ed mismo, establecer en \u00e9l que el \u201ccuidado y preservaci\u00f3n de la ecolog\u00eda y el medio ambiente\u201d ser\u00e1n prioritarios sobre cualquier otra actividad comercial, industrial o de servicio y qui\u00e9n o quienes violen dicho precepto, tendr\u00e1n castigo.<\/p>\n\n\n\n<p>* Por un servicio de transporte p\u00fablico, eficiente, barato y no contaminante. Menos autos y m\u00e1s \u00e1rboles en la ciudad.<\/p>\n\n\n\n<p>Si gustan conocer la agenda en comento denominada \u00a1\u00a1\u00a1 Por una agenda medio ambiental, ecol\u00f3gica, popular y con Justicia Ambiental y Social!!! se las compart\u00ed en mis diferentes redes sociales Twitter, Facebook, Instagram, b\u00fascame, s\u00edgueme si gustas soy @LuisSorianoVC<\/p>\n","protected":false},"excerpt":{"rendered":"<p>Por Luis Soriano Peregrina El 6 de marzo del 2021 diversas ONG\u00b4s y activistas ambientales y de derechos humanos publicaron [&hellip;]<\/p>\n","protected":false},"author":1,"featured_media":5798,"comment_status":"open","ping_status":"open","sticky":false,"template":"","format":"standard","meta":{"site-sidebar-layout":"default","site-content-layout":"","ast-site-content-layout":"default","site-content-style":"default","site-sidebar-style":"default","ast-global-header-display":"","ast-banner-title-visibility":"","ast-main-header-display":"","ast-hfb-above-header-display":"","ast-hfb-below-header-display":"","ast-hfb-mobile-header-display":"","site-post-title":"","ast-breadcrumbs-content":"","ast-featured-img":"","footer-sml-layout":"","theme-transparent-header-meta":"","adv-header-id-meta":"","stick-header-meta":"","header-above-stick-meta":"","header-main-stick-meta":"","header-below-stick-meta":"","astra-migrate-meta-layouts":"default","ast-page-background-enabled":"default","ast-page-background-meta":{"desktop":{"background-color":"var(--ast-global-color-4)","background-image":"","background-repeat":"repeat","background-position":"center center","background-size":"auto","background-attachment":"scroll","background-type":"","background-media":"","overlay-type":"","overlay-color":"","overlay-opacity":"","overlay-gradient":""},"tablet":{"background-color":"","background-image":"","background-repeat":"repeat","background-position":"center center","background-size":"auto","background-attachment":"scroll","background-type":"","background-media":"","overlay-type":"","overlay-color":"","overlay-opacity":"","overlay-gradient":""},"mobile":{"background-color":"","background-image":"","background-repeat":"repeat","background-position":"center center","background-size":"auto","background-attachment":"scroll","background-type":"","background-media":"","overlay-type":"","overlay-color":"","overlay-opacity":"","overlay-gradient":""}},"ast-content-background-meta":{"desktop":{"background-color":"var(--ast-global-color-5)","background-image":"","background-repeat":"repeat","background-position":"center center","background-size":"auto","background-attachment":"scroll","background-type":"","background-media":"","overlay-type":"","overlay-color":"","overlay-opacity":"","overlay-gradient":""},"tablet":{"background-color":"var(--ast-global-color-5)","background-image":"","background-repeat":"repeat","background-position":"center center","background-size":"auto","background-attachment":"scroll","background-type":"","background-media":"","overlay-type":"","overlay-color":"","overlay-opacity":"","overlay-gradient":""},"mobile":{"background-color":"var(--ast-global-color-5)","background-image":"","background-repeat":"repeat","background-position":"center center","background-size":"auto","background-attachment":"scroll","background-type":"","background-media":"","overlay-type":"","overlay-color":"","overlay-opacity":"","overlay-gradient":""}},"footnotes":""},"categories":[8,22],"tags":[517],"class_list":["post-5797","post","type-post","status-publish","format-standard","has-post-thumbnail","hentry","category-noticias","category-opinion-invitada","tag-agenda-medio-ambiental-puebla"],"_links":{"self":[{"href":"https:\/\/losperiodistas.com.mx\/portal\/wp-json\/wp\/v2\/posts\/5797","targetHints":{"allow":["GET"]}}],"collection":[{"href":"https:\/\/losperiodistas.com.mx\/portal\/wp-json\/wp\/v2\/posts"}],"about":[{"href":"https:\/\/losperiodistas.com.mx\/portal\/wp-json\/wp\/v2\/types\/post"}],"author":[{"embeddable":true,"href":"https:\/\/losperiodistas.com.mx\/portal\/wp-json\/wp\/v2\/users\/1"}],"replies":[{"embeddable":true,"href":"https:\/\/losperiodistas.com.mx\/portal\/wp-json\/wp\/v2\/comments?post=5797"}],"version-history":[{"count":1,"href":"https:\/\/losperiodistas.com.mx\/portal\/wp-json\/wp\/v2\/posts\/5797\/revisions"}],"predecessor-version":[{"id":5799,"href":"https:\/\/losperiodistas.com.mx\/portal\/wp-json\/wp\/v2\/posts\/5797\/revisions\/5799"}],"wp:featuredmedia":[{"embeddable":true,"href":"https:\/\/losperiodistas.com.mx\/portal\/wp-json\/wp\/v2\/media\/5798"}],"wp:attachment":[{"href":"https:\/\/losperiodistas.com.mx\/portal\/wp-json\/wp\/v2\/media?parent=5797"}],"wp:term":[{"taxonomy":"category","embeddable":true,"href":"https:\/\/losperiodistas.com.mx\/portal\/wp-json\/wp\/v2\/categories?post=5797"},{"taxonomy":"post_tag","embeddable":true,"href":"https:\/\/losperiodistas.com.mx\/portal\/wp-json\/wp\/v2\/tags?post=5797"}],"curies":[{"name":"wp","href":"https:\/\/api.w.org\/{rel}","templated":true}]}}