{"id":57847,"date":"2023-08-28T12:43:21","date_gmt":"2023-08-28T17:43:21","guid":{"rendered":"http:\/\/losperiodistas.com.mx\/portal\/?p=57847"},"modified":"2023-08-28T12:43:23","modified_gmt":"2023-08-28T17:43:23","slug":"el-crimen-somete-de-nuevo-a-la-tierra-caliente-de-michoacan-el-pais","status":"publish","type":"post","link":"https:\/\/losperiodistas.com.mx\/portal\/el-crimen-somete-de-nuevo-a-la-tierra-caliente-de-michoacan-el-pais\/","title":{"rendered":"El crimen somete de nuevo a la Tierra Caliente de Michoac\u00e1n | El Pa\u00eds"},"content":{"rendered":"\n<h2 class=\"has-light-green-cyan-background-color has-background has-medium-font-size wp-block-heading\">Bloqueos de carreteras, quema de comercios y denuncias por extorsi\u00f3n siembran el miedo en la regi\u00f3n, v\u00edctimas desde hace a\u00f1os de la violencia<\/h2>\n\n\n\n<div class=\"wp-block-image is-style-default\"><figure class=\"aligncenter size-large\"><img fetchpriority=\"high\" decoding=\"async\" width=\"1024\" height=\"580\" src=\"https:\/\/losperiodistas.com.mx\/portal\/wp-content\/uploads\/2023\/08\/Captura-de-Pantalla-2023-08-28-a-las-11.36.44-1024x580.jpg\" alt=\"\" class=\"wp-image-57848\" srcset=\"https:\/\/losperiodistas.com.mx\/portal\/wp-content\/uploads\/2023\/08\/Captura-de-Pantalla-2023-08-28-a-las-11.36.44-1024x580.jpg 1024w, https:\/\/losperiodistas.com.mx\/portal\/wp-content\/uploads\/2023\/08\/Captura-de-Pantalla-2023-08-28-a-las-11.36.44-300x170.jpg 300w, https:\/\/losperiodistas.com.mx\/portal\/wp-content\/uploads\/2023\/08\/Captura-de-Pantalla-2023-08-28-a-las-11.36.44-768x435.jpg 768w, https:\/\/losperiodistas.com.mx\/portal\/wp-content\/uploads\/2023\/08\/Captura-de-Pantalla-2023-08-28-a-las-11.36.44.jpg 1514w\" sizes=\"(max-width: 1024px) 100vw, 1024px\" \/><figcaption>Delincuentes prendieron fuego a una tienda Oxxo en Michoac\u00e1n, este domingo. CORTES\u00cdA<\/figcaption><\/figure><\/div>\n\n\n\n<p class=\"has-vivid-red-color has-text-color has-medium-font-size\"><strong>PABLO FERRI \/ EL PA\u00cdS<\/strong><\/p>\n\n\n\n<p>La violencia arrecia en la Tierra Caliente de Michoac\u00e1n, situaci\u00f3n circular, que va y viene y pocas veces se detiene. Este domingo, criminales bloquearon carreteras en la regi\u00f3n, quemaron tiendas e incendiaron veh\u00edculos, acciones que el presidente, Andr\u00e9s Manuel L\u00f3pez Obrador, ha calificado este lunes de publicidad y propaganda. Michoac\u00e1n es uno de los estados del pa\u00eds que&nbsp;<a href=\"https:\/\/elpais.com\/mexico\/2023-07-05\/un-activista-transmite-en-vivo-el-momento-en-el-que-lo-atacan-a-tiros-en-apatzingan.html?autoplay=1\">mayor cantidad de asesinatos registra<\/a>&nbsp;desde hace a\u00f1os.<\/p>\n\n\n\n<p>La geograf\u00eda criminal en el Estado es de sobra conocida, sobre todo la de Tierra Caliente. Pueblos y ciudades peque\u00f1as como Apatzing\u00e1n, Buenavista Tomatl\u00e1n, Aguililla, La Ruana o, algo m\u00e1s alejada, Uruapan, sufren&nbsp;<a href=\"https:\/\/elpais.com\/mexico\/2023-07-04\/el-obispo-de-apatzingan-estamos-perdiendo-la-sensibilidad-ante-la-violencia.html\">el embiste de c\u00e9lulas criminales<\/a>, que construyen y desechan alianzas a la velocidad del rayo. Para costear sus guerras, el crimen parasita la pr\u00f3spera actividad agr\u00edcola local, centrada en el aguacate, el lim\u00f3n, y en menor t\u00e9rmino, el tomate y otras hortalizas.<\/p>\n\n\n\n<p>En un ambiente b\u00e9lico como este, las v\u00edctimas caen de todos lados. No hace a\u00fan dos meses, pistoleros acabaron con la vida del l\u00edder social Hip\u00f3lito Mora en La Ruana, entre Apatzing\u00e1n y Buenavista. Hace diez a\u00f1os, Mora se erigi\u00f3 en uno de los l\u00edderes de las autodefensas michoacanas, movimiento social que trataba de hacer frente al crimen organizado en la regi\u00f3n, pujante ya entonces.<\/p>\n\n\n\n<p>El movimiento fracas\u00f3, infiltrado por el mismo crimen que combat\u00eda, sofocado por el Gobierno federal, entonces en manos de Enrique Pe\u00f1a Nieto (2012-2018). Mora y otros l\u00edderes quedaron al descubierto, elevados por la exposici\u00f3n medi\u00e1tica, privados de la estructura que les hizo pensar que la vida pod\u00eda ser distinta. En los \u00faltimos meses, criminales hab\u00edan atentado tres veces contra su vida. A la tercera lo consiguieron.<\/p>\n\n\n\n<p>Su hermano,&nbsp;<a href=\"https:\/\/elpais.com\/mexico\/2023-07-05\/lupe-mora-hermano-del-lider-autodefensa-asesinado-dudo-que-agarren-a-estos-cabrones-que-mataron-a-hipolito.html\">Lupe Mora, denunci\u00f3 a su muerte a una de las mafias locales<\/a>, Los Viagras, herederos de una marca m\u00edtica, fundacional, Los Caballeros Templarios. Hasta hace un par de a\u00f1os, Los Viagras integraban una especia de federaci\u00f3n de c\u00e9lulas mafiosas con fuerte arraigo local, C\u00e1rteles Unidos, que peleaba con un grupo de mayor renombre, al menos en la prensa, el C\u00e1rtel Jalisco Nueva Generaci\u00f3n (CJNG). A falta de entrevistas con los l\u00edderes de la refriega, los habitantes de la zona se\u00f1alaban entonces los campos de lim\u00f3n como bot\u00edn fundamental para los grupos.<\/p>\n\n\n\n<p>El lim\u00f3n protagoniza ahora igualmente la batalla. En reportajes publicados en medios locales estas \u00faltimas semanas, vecinos de Tierra Caliente han denunciado que las extorsiones a productores y empacadores de lim\u00f3n, en el tri\u00e1ngulo que forman Aguililla, Apatzing\u00e1n y Buenavista, son constantes. Reforma informaba este lunes de que los criminales exigen entre dos y tres pesos por kilo de lim\u00f3n, en una zona donde la producci\u00f3n anual alcanza las 500.000 toneladas.<\/p>\n\n\n\n<p>La duda apunta al encaje de la extorsi\u00f3n a los productores de aguacate en la ecuaci\u00f3n. Veteranos de mil guerras, conocedores de las din\u00e1micas criminales, los empresarios del aguacate son poderosos, principalmente por el elevado precio del fruto en el mercado. Hasta el a\u00f1o pasado, Michoac\u00e1n gozaba del monopolio de las exportaciones de aguacate a Estados Unidos, un negocio multimillonario, centrado en Uruapan, territorio algo m\u00e1s fr\u00edo que Tierra Caliente. Michoac\u00e1n comparte ahora el negocio con Jalisco.<\/p>\n\n\n\n<p>Es dif\u00edcil saber tambi\u00e9n qu\u00e9 significan las acciones vistas en la regi\u00f3n el domingo y qu\u00e9 relaci\u00f3n manejan -si es que existe- con las extorsiones. Criminales bloquearon por la ma\u00f1ana la carretera que comunica&nbsp;<a href=\"https:\/\/elpais.com\/mexico\/2021-07-10\/michoacan-donde-el-ejercito-y-los-carteles-comparten-tres-kilometros-de-carretera.html\">Apatzing\u00e1n y Aguililla, situaci\u00f3n habitual hace dos a\u00f1os<\/a>. Los grupos en pugna entonces, C\u00e1rteles Unidos y CJNG, peleaban la zona e incluso cavaban trincheras en mitad de la pista. En Apatzing\u00e1n, delincuentes quemaron una tienda y un cami\u00f3n.<\/p>\n\n\n\n<p>En Buenavista y Uruapan tambi\u00e9n aparecieron veh\u00edculos quemados, y en este \u00faltimo municipio, criminales quemaron tambi\u00e9n una tienda. A lo largo del d\u00eda, la polic\u00eda de Michoac\u00e1n anunci\u00f3 despliegues y, finalmente, una vuelta a la normalidad. No se registr\u00f3 este domingo ning\u00fan ataque contra productores, empacadores o transportistas de lim\u00f3n, eventos que se han visto en las \u00faltimas semanas en la regi\u00f3n.<\/p>\n\n\n\n<p>En su conferencia de prensa matutina, L\u00f3pez Obrador ha dicho que \u201clo de Michoac\u00e1n ya se est\u00e1 atendiendo. Fue un acto m\u00e1s que nada publicitario, propagand\u00edstico. Tomas y quemas de veh\u00edculos, dos incendios en tiendas y ya. Afortunadamente, nada de violencia en cuanto a p\u00e9rdidas de vidas humanas\u201d.<\/p>\n\n\n\n<p><a href=\"https:\/\/plus.elpais.com\/newsletters\/lnp\/1\/348\"><strong>Suscr\u00edbase aqu\u00ed<\/strong><\/a>a la\u00a0<em>newsletter<\/em>\u00a0de EL PA\u00cdS M\u00e9xico y reciba todas las claves informativas de la actualidad de este pa\u00eds<\/p>\n\n\n\n<p>Fuente: <a href=\"https:\/\/elpais.com\/mexico\/2023-08-28\/el-crimen-somete-de-nuevo-a-la-tierra-caliente-de-michoacan.html\">https:\/\/elpais.com\/mexico\/2023-08-28\/el-crimen-somete-de-nuevo-a-la-tierra-caliente-de-michoacan.html<\/a><\/p>\n","protected":false},"excerpt":{"rendered":"<p>Bloqueos de carreteras, quema de comercios y denuncias por extorsi\u00f3n siembran el miedo en la regi\u00f3n, v\u00edctimas desde hace a\u00f1os [&hellip;]<\/p>\n","protected":false},"author":1,"featured_media":57848,"comment_status":"open","ping_status":"open","sticky":false,"template":"","format":"standard","meta":{"site-sidebar-layout":"default","site-content-layout":"","ast-site-content-layout":"default","site-content-style":"default","site-sidebar-style":"default","ast-global-header-display":"","ast-banner-title-visibility":"","ast-main-header-display":"","ast-hfb-above-header-display":"","ast-hfb-below-header-display":"","ast-hfb-mobile-header-display":"","site-post-title":"","ast-breadcrumbs-content":"","ast-featured-img":"","footer-sml-layout":"","theme-transparent-header-meta":"","adv-header-id-meta":"","stick-header-meta":"","header-above-stick-meta":"","header-main-stick-meta":"","header-below-stick-meta":"","astra-migrate-meta-layouts":"default","ast-page-background-enabled":"default","ast-page-background-meta":{"desktop":{"background-color":"var(--ast-global-color-4)","background-image":"","background-repeat":"repeat","background-position":"center center","background-size":"auto","background-attachment":"scroll","background-type":"","background-media":"","overlay-type":"","overlay-color":"","overlay-opacity":"","overlay-gradient":""},"tablet":{"background-color":"","background-image":"","background-repeat":"repeat","background-position":"center center","background-size":"auto","background-attachment":"scroll","background-type":"","background-media":"","overlay-type":"","overlay-color":"","overlay-opacity":"","overlay-gradient":""},"mobile":{"background-color":"","background-image":"","background-repeat":"repeat","background-position":"center center","background-size":"auto","background-attachment":"scroll","background-type":"","background-media":"","overlay-type":"","overlay-color":"","overlay-opacity":"","overlay-gradient":""}},"ast-content-background-meta":{"desktop":{"background-color":"var(--ast-global-color-5)","background-image":"","background-repeat":"repeat","background-position":"center center","background-size":"auto","background-attachment":"scroll","background-type":"","background-media":"","overlay-type":"","overlay-color":"","overlay-opacity":"","overlay-gradient":""},"tablet":{"background-color":"var(--ast-global-color-5)","background-image":"","background-repeat":"repeat","background-position":"center center","background-size":"auto","background-attachment":"scroll","background-type":"","background-media":"","overlay-type":"","overlay-color":"","overlay-opacity":"","overlay-gradient":""},"mobile":{"background-color":"var(--ast-global-color-5)","background-image":"","background-repeat":"repeat","background-position":"center center","background-size":"auto","background-attachment":"scroll","background-type":"","background-media":"","overlay-type":"","overlay-color":"","overlay-opacity":"","overlay-gradient":""}},"footnotes":""},"categories":[8],"tags":[18495,3625,11563,4069,617],"class_list":["post-57847","post","type-post","status-publish","format-standard","has-post-thumbnail","hentry","category-noticias","tag-bloqueos-carreteras","tag-crimen-organizado","tag-michoacan","tag-tierra-caliente","tag-violencia"],"_links":{"self":[{"href":"https:\/\/losperiodistas.com.mx\/portal\/wp-json\/wp\/v2\/posts\/57847","targetHints":{"allow":["GET"]}}],"collection":[{"href":"https:\/\/losperiodistas.com.mx\/portal\/wp-json\/wp\/v2\/posts"}],"about":[{"href":"https:\/\/losperiodistas.com.mx\/portal\/wp-json\/wp\/v2\/types\/post"}],"author":[{"embeddable":true,"href":"https:\/\/losperiodistas.com.mx\/portal\/wp-json\/wp\/v2\/users\/1"}],"replies":[{"embeddable":true,"href":"https:\/\/losperiodistas.com.mx\/portal\/wp-json\/wp\/v2\/comments?post=57847"}],"version-history":[{"count":1,"href":"https:\/\/losperiodistas.com.mx\/portal\/wp-json\/wp\/v2\/posts\/57847\/revisions"}],"predecessor-version":[{"id":57849,"href":"https:\/\/losperiodistas.com.mx\/portal\/wp-json\/wp\/v2\/posts\/57847\/revisions\/57849"}],"wp:featuredmedia":[{"embeddable":true,"href":"https:\/\/losperiodistas.com.mx\/portal\/wp-json\/wp\/v2\/media\/57848"}],"wp:attachment":[{"href":"https:\/\/losperiodistas.com.mx\/portal\/wp-json\/wp\/v2\/media?parent=57847"}],"wp:term":[{"taxonomy":"category","embeddable":true,"href":"https:\/\/losperiodistas.com.mx\/portal\/wp-json\/wp\/v2\/categories?post=57847"},{"taxonomy":"post_tag","embeddable":true,"href":"https:\/\/losperiodistas.com.mx\/portal\/wp-json\/wp\/v2\/tags?post=57847"}],"curies":[{"name":"wp","href":"https:\/\/api.w.org\/{rel}","templated":true}]}}