{"id":5762,"date":"2021-03-15T05:45:24","date_gmt":"2021-03-15T11:45:24","guid":{"rendered":"http:\/\/losperiodistas.com.mx\/portal\/?p=5762"},"modified":"2021-03-15T05:45:26","modified_gmt":"2021-03-15T11:45:26","slug":"lopez-obrador-confia-en-que-estados-unidos-ayudara-a-mexico-a-tener-mas-vacunas-forbes","status":"publish","type":"post","link":"https:\/\/losperiodistas.com.mx\/portal\/lopez-obrador-confia-en-que-estados-unidos-ayudara-a-mexico-a-tener-mas-vacunas-forbes\/","title":{"rendered":"L\u00f3pez Obrador conf\u00eda en que Estados Unidos ayudar\u00e1 a M\u00e9xico a tener m\u00e1s vacunas | Forbes"},"content":{"rendered":"\n<p style=\"font-size:18px\"><em>Asegur\u00f3 que se tiene garantizada la vacuna contra la Covid-19 para todos los mexicanos.<\/em><\/p>\n\n\n\n<figure class=\"wp-block-image size-large\"><img fetchpriority=\"high\" decoding=\"async\" width=\"1024\" height=\"620\" src=\"https:\/\/losperiodistas.com.mx\/portal\/wp-content\/uploads\/2021\/03\/Captura-de-Pantalla-2021-03-15-a-las-5.43.19-1024x620.jpg\" alt=\"\" class=\"wp-image-5763\" srcset=\"https:\/\/losperiodistas.com.mx\/portal\/wp-content\/uploads\/2021\/03\/Captura-de-Pantalla-2021-03-15-a-las-5.43.19-1024x620.jpg 1024w, https:\/\/losperiodistas.com.mx\/portal\/wp-content\/uploads\/2021\/03\/Captura-de-Pantalla-2021-03-15-a-las-5.43.19-300x182.jpg 300w, https:\/\/losperiodistas.com.mx\/portal\/wp-content\/uploads\/2021\/03\/Captura-de-Pantalla-2021-03-15-a-las-5.43.19-768x465.jpg 768w, https:\/\/losperiodistas.com.mx\/portal\/wp-content\/uploads\/2021\/03\/Captura-de-Pantalla-2021-03-15-a-las-5.43.19-1536x930.jpg 1536w, https:\/\/losperiodistas.com.mx\/portal\/wp-content\/uploads\/2021\/03\/Captura-de-Pantalla-2021-03-15-a-las-5.43.19.jpg 1718w\" sizes=\"(max-width: 1024px) 100vw, 1024px\" \/><\/figure>\n\n\n\n<p class=\"has-vivid-cyan-blue-color has-text-color has-medium-font-size\">FORBES STAFF<\/p>\n\n\n\n<p><strong>EFE.-<\/strong>\u00a0El presidente\u00a0<strong>Andr\u00e9s Manuel L\u00f3pez Obrador<\/strong>, dijo este domingo estar seguro de que el gobierno de Estados Unidos ayudar\u00e1 pronto a M\u00e9xico a tener m\u00e1s vacunas contra la Covid-19 y asegur\u00f3 que las dosis no faltar\u00e1n en el pa\u00eds.<\/p>\n\n\n\n<p>\u201cAprovecho para agradecer (por su ayuda para tener m\u00e1s vacunas) al gobierno de la India, al gobierno de China, al gobierno de Rusia y espero decir pronto que tambi\u00e9n a<strong>gradezco al gobierno de Estados Unidos porque estoy seguro de que van a ayudar tambi\u00e9n, nada m\u00e1s que todav\u00eda no lo han hecho<\/strong>\u201c, expres\u00f3 el mandatario.<\/p>\n\n\n\n<p>Durante la inauguraci\u00f3n de las instalaciones de la Guardia Nacional en Tequila, Jalisco, asegur\u00f3 que se tiene garantizada la vacuna contra la Covid-19 para todos los mexicanos, \u201cno nos van a faltar\u201d, enfatiz\u00f3.<\/p>\n\n\n\n<p><em>Lee:&nbsp;<a href=\"https:\/\/www.forbes.com.mx\/actualidad-astrazeneca-vacuna-coagulos\/\">AstraZeneca no encuentra evidencia de mayor riesgo de co\u00e1gulos por vacuna<\/a><\/em><\/p>\n\n\n\n<p>Explic\u00f3 que se tienen contratos por 140 millones de dosis, y se aument\u00f3 el presupuesto a 40,000 millones de pesos (1,931 millones de d\u00f3lares) para la compra del ant\u00edgeno.<\/p>\n\n\n\n<p>Adem\u00e1s, se\u00f1al\u00f3 que el Plan Nacional de Vacunaci\u00f3n ya no se detendr\u00e1 y contar\u00e1n con la capacidad de vacunar entre 200,000 y 300,000 personas diariamente en todo el pa\u00eds.<\/p>\n\n\n\n<p>Hasta ahora se han aplicado 4,214,494 dosis de vacunas contra la Covid-19.<\/p>\n\n\n\n<p>De ellas 609,874 personas del personal sanitario y educativo han recibido las dos dosis necesarias del esquema de vacunaci\u00f3n para lograr la inmunidad.<\/p>\n\n\n\n<p>Adem\u00e1s, 759,272 personas adultas mayores de 60 a\u00f1os han recibido una primera dosis. M\u00e9xico, con 126 millones de habitantes, tiene comprometidos 34.4 millones de dosis de la estadounidense Pfizer, 79.4 de la brit\u00e1nica AstraZeneca, 35 de la china CanSino, 24 de la rusa Sputnik V, 20 de la china Sinovac, 12 de la tambi\u00e9n china Sinopharm y 51.4 de la plataforma Covax de la Organizaci\u00f3n Mundial de la Salud (OMS).<\/p>\n\n\n\n<p>El pa\u00eds suma m\u00e1s de 2.1 millones de contagios y casi 195,000 decesos, con lo que se ubica como el tercero con m\u00e1s muertes en el mundo debido a la Covid-19.<\/p>\n\n\n\n<p><a href=\"https:\/\/suscripciones.groupbrands.net\/\"><em>Suscr\u00edbete a Forbes M\u00e9xico<\/em><\/a><\/p>\n\n\n\n<p>Fuente: https:\/\/www.forbes.com.mx\/politica-amlo-estados-unidos-vacuna-ayuda\/<\/p>\n","protected":false},"excerpt":{"rendered":"<p>Asegur\u00f3 que se tiene garantizada la vacuna contra la Covid-19 para todos los mexicanos. FORBES STAFF EFE.-\u00a0El presidente\u00a0Andr\u00e9s Manuel L\u00f3pez [&hellip;]<\/p>\n","protected":false},"author":1,"featured_media":5763,"comment_status":"open","ping_status":"open","sticky":false,"template":"","format":"standard","meta":{"site-sidebar-layout":"default","site-content-layout":"","ast-site-content-layout":"default","site-content-style":"default","site-sidebar-style":"default","ast-global-header-display":"","ast-banner-title-visibility":"","ast-main-header-display":"","ast-hfb-above-header-display":"","ast-hfb-below-header-display":"","ast-hfb-mobile-header-display":"","site-post-title":"","ast-breadcrumbs-content":"","ast-featured-img":"","footer-sml-layout":"","theme-transparent-header-meta":"","adv-header-id-meta":"","stick-header-meta":"","header-above-stick-meta":"","header-main-stick-meta":"","header-below-stick-meta":"","astra-migrate-meta-layouts":"default","ast-page-background-enabled":"default","ast-page-background-meta":{"desktop":{"background-color":"var(--ast-global-color-4)","background-image":"","background-repeat":"repeat","background-position":"center center","background-size":"auto","background-attachment":"scroll","background-type":"","background-media":"","overlay-type":"","overlay-color":"","overlay-opacity":"","overlay-gradient":""},"tablet":{"background-color":"","background-image":"","background-repeat":"repeat","background-position":"center center","background-size":"auto","background-attachment":"scroll","background-type":"","background-media":"","overlay-type":"","overlay-color":"","overlay-opacity":"","overlay-gradient":""},"mobile":{"background-color":"","background-image":"","background-repeat":"repeat","background-position":"center center","background-size":"auto","background-attachment":"scroll","background-type":"","background-media":"","overlay-type":"","overlay-color":"","overlay-opacity":"","overlay-gradient":""}},"ast-content-background-meta":{"desktop":{"background-color":"var(--ast-global-color-5)","background-image":"","background-repeat":"repeat","background-position":"center center","background-size":"auto","background-attachment":"scroll","background-type":"","background-media":"","overlay-type":"","overlay-color":"","overlay-opacity":"","overlay-gradient":""},"tablet":{"background-color":"var(--ast-global-color-5)","background-image":"","background-repeat":"repeat","background-position":"center center","background-size":"auto","background-attachment":"scroll","background-type":"","background-media":"","overlay-type":"","overlay-color":"","overlay-opacity":"","overlay-gradient":""},"mobile":{"background-color":"var(--ast-global-color-5)","background-image":"","background-repeat":"repeat","background-position":"center center","background-size":"auto","background-attachment":"scroll","background-type":"","background-media":"","overlay-type":"","overlay-color":"","overlay-opacity":"","overlay-gradient":""}},"footnotes":""},"categories":[8],"tags":[499,498],"class_list":["post-5762","post","type-post","status-publish","format-standard","has-post-thumbnail","hentry","category-noticias","tag-amlo-pide-vacunas-a-biden","tag-mexico-vacunas-covid-19"],"_links":{"self":[{"href":"https:\/\/losperiodistas.com.mx\/portal\/wp-json\/wp\/v2\/posts\/5762","targetHints":{"allow":["GET"]}}],"collection":[{"href":"https:\/\/losperiodistas.com.mx\/portal\/wp-json\/wp\/v2\/posts"}],"about":[{"href":"https:\/\/losperiodistas.com.mx\/portal\/wp-json\/wp\/v2\/types\/post"}],"author":[{"embeddable":true,"href":"https:\/\/losperiodistas.com.mx\/portal\/wp-json\/wp\/v2\/users\/1"}],"replies":[{"embeddable":true,"href":"https:\/\/losperiodistas.com.mx\/portal\/wp-json\/wp\/v2\/comments?post=5762"}],"version-history":[{"count":1,"href":"https:\/\/losperiodistas.com.mx\/portal\/wp-json\/wp\/v2\/posts\/5762\/revisions"}],"predecessor-version":[{"id":5764,"href":"https:\/\/losperiodistas.com.mx\/portal\/wp-json\/wp\/v2\/posts\/5762\/revisions\/5764"}],"wp:featuredmedia":[{"embeddable":true,"href":"https:\/\/losperiodistas.com.mx\/portal\/wp-json\/wp\/v2\/media\/5763"}],"wp:attachment":[{"href":"https:\/\/losperiodistas.com.mx\/portal\/wp-json\/wp\/v2\/media?parent=5762"}],"wp:term":[{"taxonomy":"category","embeddable":true,"href":"https:\/\/losperiodistas.com.mx\/portal\/wp-json\/wp\/v2\/categories?post=5762"},{"taxonomy":"post_tag","embeddable":true,"href":"https:\/\/losperiodistas.com.mx\/portal\/wp-json\/wp\/v2\/tags?post=5762"}],"curies":[{"name":"wp","href":"https:\/\/api.w.org\/{rel}","templated":true}]}}