{"id":57478,"date":"2023-08-23T19:08:35","date_gmt":"2023-08-24T00:08:35","guid":{"rendered":"http:\/\/losperiodistas.com.mx\/portal\/?p=57478"},"modified":"2023-08-23T19:08:38","modified_gmt":"2023-08-24T00:08:38","slug":"la-construccion-artificial-del-salvaje-babelia","status":"publish","type":"post","link":"https:\/\/losperiodistas.com.mx\/portal\/la-construccion-artificial-del-salvaje-babelia\/","title":{"rendered":"La construcci\u00f3n artificial del salvaje | Babelia"},"content":{"rendered":"\n<h2 class=\"has-pale-cyan-blue-background-color has-background has-medium-font-size wp-block-heading\">In\u00e9s Molina Navea indaga en la representaci\u00f3n del otro en el siglo XIX y en la historia colonial, as\u00ed como en la percepci\u00f3n de la imagen, a trav\u00e9s de un fotolibro reconocido con una menci\u00f3n de honor en los Encuentros de Arl\u00e9s<\/h2>\n\n\n\n<figure class=\"wp-block-image size-large is-style-default\"><img fetchpriority=\"high\" decoding=\"async\" width=\"775\" height=\"1024\" src=\"https:\/\/losperiodistas.com.mx\/portal\/wp-content\/uploads\/2023\/08\/Captura-de-Pantalla-2023-08-23-a-las-18.02.07-775x1024.jpg\" alt=\"\" class=\"wp-image-57479\" srcset=\"https:\/\/losperiodistas.com.mx\/portal\/wp-content\/uploads\/2023\/08\/Captura-de-Pantalla-2023-08-23-a-las-18.02.07-775x1024.jpg 775w, https:\/\/losperiodistas.com.mx\/portal\/wp-content\/uploads\/2023\/08\/Captura-de-Pantalla-2023-08-23-a-las-18.02.07-227x300.jpg 227w, https:\/\/losperiodistas.com.mx\/portal\/wp-content\/uploads\/2023\/08\/Captura-de-Pantalla-2023-08-23-a-las-18.02.07-768x1015.jpg 768w, https:\/\/losperiodistas.com.mx\/portal\/wp-content\/uploads\/2023\/08\/Captura-de-Pantalla-2023-08-23-a-las-18.02.07-1162x1536.jpg 1162w, https:\/\/losperiodistas.com.mx\/portal\/wp-content\/uploads\/2023\/08\/Captura-de-Pantalla-2023-08-23-a-las-18.02.07-1549x2048.jpg 1549w, https:\/\/losperiodistas.com.mx\/portal\/wp-content\/uploads\/2023\/08\/Captura-de-Pantalla-2023-08-23-a-las-18.02.07.jpg 1566w\" sizes=\"(max-width: 775px) 100vw, 775px\" \/><figcaption>Imagen perteneciente al libro &#8216;Ejercicios m\u00ednimos para un jard\u00edn de invierno, N\u00ba8&#8217;, publicado por Ediciones Posibles. IN\u00c9S MOLINA NAVEA<\/figcaption><\/figure>\n\n\n\n<p class=\"has-vivid-red-color has-text-color has-medium-font-size\"><strong>GLORIA CRESPO MACLENNAN \/ BABELIA<\/strong><\/p>\n\n\n\n<p>Hace ya una d\u00e9cada, cuando la artista, investigadora y fil\u00f3sofa In\u00e9s Molina Navea (Valpara\u00edso, Chile, 1982) comenzaba su doctorado en filosof\u00eda sobre&nbsp;<a href=\"https:\/\/elpais.com\/elpais\/2014\/05\/16\/africa_no_es_un_pais\/1400250816_140025.html\" target=\"_blank\" rel=\"noreferrer noopener\">las mujeres mapuches expuestas durante el siglo XIX en el Jard\u00edn de Aclimataci\u00f3n de Par\u00eds<\/a>, surgi\u00f3 por azar el hallazgo de un curioso tr\u00edptico fotogr\u00e1fico. La imagen se encontraba en el Museo del Quai Branly de Par\u00eds. Entre las cajas etiquetadas con los distintos nombres de los pa\u00edses colonizadores, era la correspondiente a Chile la que guardaba el curioso descubrimiento. En la primera imagen del tr\u00edptico, dos mujeres de raza negra posan de frente, en la segunda de espaldas, en la tercera eran tres las que quedaban representadas bajo el tema de&nbsp;<em>Las Tres Gracias<\/em>.<\/p>\n\n\n\n<figure class=\"wp-block-image is-style-default\"><img decoding=\"async\" src=\"https:\/\/imagenes.elpais.com\/resizer\/nYJI6tEi1Zsd6OY1eoNHmfaIssY=\/414x0\/cloudfront-eu-central-1.images.arcpublishing.com\/prisa\/3FGLFSLDPNAORGWPCDA5EB6O3E.jpg\" alt=\"Imagen perteneciente al libro 'Ejercicios m\u00ednimos para un jard\u00edn de invierno, N\u00ba8', publicado por Ediciones Posibles.\"\/><figcaption>Imagen perteneciente al libro &#8216;Ejercicios m\u00ednimos para un jard\u00edn de invierno, N\u00ba8&#8217;, publicado por Ediciones Posibles.IN\u00c9S MOLINA NAVEA<\/figcaption><\/figure>\n\n\n\n<figure class=\"wp-block-image is-style-default\"><img decoding=\"async\" src=\"https:\/\/imagenes.elpais.com\/resizer\/g8UpWhej5fUUAmyLYZYq8IOMTUI=\/414x0\/filters:focal(733x600:743x610)\/cloudfront-eu-central-1.images.arcpublishing.com\/prisa\/K4VXLYKADNHKDN5TPAUNF3WFVA.jpg\" alt=\"In\u00e9s Molina Navea\"\/><\/figure>\n\n\n\n<figure class=\"wp-block-image is-style-default\"><img decoding=\"async\" src=\"https:\/\/imagenes.elpais.com\/resizer\/44GSTV1-88VrEL63dlPQ1ToL9XI=\/414x0\/cloudfront-eu-central-1.images.arcpublishing.com\/prisa\/JPS7HQBG3JHF3DCYJC36NZ2NEU.jpg\" alt=\"Imagen perteneciente al libro 'Ejercicios m\u00ednimos para un jard\u00edn de invierno, N\u00ba8', publicado por Ediciones Posibles.\"\/><\/figure>\n\n\n\n<figure class=\"wp-block-image is-style-default\"><img decoding=\"async\" src=\"https:\/\/imagenes.elpais.com\/resizer\/glyce7JmlQCt4jEdsj41ixayRII=\/414x0\/cloudfront-eu-central-1.images.arcpublishing.com\/prisa\/3BB2D3TZXVBMJLBUSITGCEOAY4.jpg\" alt=\"Imagen perteneciente al libro 'Ejercicios m\u00ednimos para un jard\u00edn de invierno, N\u00ba8', publicado por Ediciones Posibles.\"\/><\/figure>\n\n\n\n<figure class=\"wp-block-image is-style-default\"><img decoding=\"async\" src=\"https:\/\/imagenes.elpais.com\/resizer\/Wj5Ew52Io53Vt6QC1juDY2WjpZk=\/414x0\/cloudfront-eu-central-1.images.arcpublishing.com\/prisa\/GY2EIRHRJNDHJOTHFB5LYZOHWM.jpg\" alt=\"Imagen perteneciente al libro 'Ejercicios m\u00ednimos para un jard\u00edn de invierno, N\u00ba8', publicado por Ediciones Posibles.\"\/><\/figure>\n\n\n\n<figure class=\"wp-block-image is-style-default\"><img decoding=\"async\" src=\"https:\/\/imagenes.elpais.com\/resizer\/NIc4TaKcm-ND48vtCck5IEnxpXA=\/414x0\/cloudfront-eu-central-1.images.arcpublishing.com\/prisa\/GY7H6FVWJ5AGZGZHXAUPXI4ISI.jpg\" alt=\"Imagen perteneciente al libro 'Ejercicios m\u00ednimos para un jard\u00edn de invierno, N\u00ba8', publicado por Ediciones Posibles.\"\/><\/figure>\n\n\n\n<figure class=\"wp-block-image is-style-default\"><img decoding=\"async\" src=\"https:\/\/imagenes.elpais.com\/resizer\/TXoFJXfRCapTGnl6mSGtvwWEZvI=\/414x0\/cloudfront-eu-central-1.images.arcpublishing.com\/prisa\/BQFQEQEFRJAZBJXO3F7K3A47IY.jpg\" alt=\"Imagen perteneciente al libro 'Ejercicios m\u00ednimos para un jard\u00edn de invierno, N\u00ba8', publicado por Ediciones Posibles.\"\/><\/figure>\n\n\n\n<figure class=\"wp-block-image is-style-default\"><img decoding=\"async\" src=\"https:\/\/imagenes.elpais.com\/resizer\/j9yx3m_pvpLszHGmD0sVLUIqtiE=\/414x0\/cloudfront-eu-central-1.images.arcpublishing.com\/prisa\/MJ6K3WLVTZFODKSY5OLCANTLAU.jpg\" alt=\"Imagen perteneciente al libro 'Ejercicios m\u00ednimos para un jard\u00edn de invierno, N\u00ba8', publicado por Ediciones Posibles.\"\/><\/figure>\n\n\n\n<figure class=\"wp-block-image is-style-default\"><img decoding=\"async\" src=\"https:\/\/imagenes.elpais.com\/resizer\/_ZuMfi8hvyXvOzv01hKEPgywz4U=\/414x0\/cloudfront-eu-central-1.images.arcpublishing.com\/prisa\/EHLAWHKA2VGHDEE3KGCK2DMLEY.jpg\" alt=\"Imagen perteneciente al libro 'Ejercicios m\u00ednimos para un jard\u00edn de invierno, N\u00ba8', publicado por Ediciones Posibles.\"\/><\/figure>\n\n\n\n<figure class=\"wp-block-image is-style-default\"><img decoding=\"async\" src=\"https:\/\/imagenes.elpais.com\/resizer\/C22skXUnM7RBgmaTDiOqUKLnl1E=\/414x0\/cloudfront-eu-central-1.images.arcpublishing.com\/prisa\/3NPZMNLXNJH6XMY7GGCKYZC6FY.jpg\" alt=\"Imagen perteneciente al libro 'Ejercicios m\u00ednimos para un jard\u00edn de invierno, N\u00ba8', publicado por Ediciones Posibles.\"\/><\/figure>\n\n\n\n<figure class=\"wp-block-image is-style-default\"><img decoding=\"async\" src=\"https:\/\/imagenes.elpais.com\/resizer\/B2BS5co-m_BHs_yN7FQzZ_4_vD0=\/414x0\/cloudfront-eu-central-1.images.arcpublishing.com\/prisa\/6AZMHO77KNHBJBX6BWAN42AHWM.jpg\" alt=\"Imagen perteneciente al libro 'Ejercicios m\u00ednimos para un jard\u00edn de invierno, N\u00ba8', publicado por Ediciones Posibles.\"\/><\/figure>\n\n\n\n<figure class=\"wp-block-image is-style-default\"><img decoding=\"async\" src=\"https:\/\/imagenes.elpais.com\/resizer\/LgVb4tQbbiGzEL174Xd3AcMiAV4=\/414x0\/cloudfront-eu-central-1.images.arcpublishing.com\/prisa\/W3OMLZCAB5FJRGVEEF7IXBQGAI.jpg\" alt=\"Imagen perteneciente al libro 'Ejercicios m\u00ednimos para un jard\u00edn de invierno, N\u00ba8', publicado por Ediciones Posibles.\"\/><\/figure>\n\n\n\n<figure class=\"wp-block-image is-style-default\"><img decoding=\"async\" src=\"https:\/\/imagenes.elpais.com\/resizer\/sGN8a7Ag-pZvmQMJDEn0W4eIBR4=\/414x0\/cloudfront-eu-central-1.images.arcpublishing.com\/prisa\/5I4J7PIHTVBQRNFY5L7Q7F6WNM.jpg\" alt=\"Imagen perteneciente al libro 'Ejercicios m\u00ednimos para un jard\u00edn de invierno, N\u00ba8', publicado por Ediciones Posibles.\"\/><\/figure>\n\n\n\n<figure class=\"wp-block-image is-style-default\"><img decoding=\"async\" src=\"https:\/\/imagenes.elpais.com\/resizer\/JJblqR8mtgZz46sitM-VGRjMQ8Q=\/414x0\/cloudfront-eu-central-1.images.arcpublishing.com\/prisa\/TOS4AKZNQNBPFHNL5NWITCTDCM.jpg\" alt=\"Imagen perteneciente al libro 'Ejercicios m\u00ednimos para un jard\u00edn de invierno, N\u00ba8', publicado por Ediciones Posibles.\"\/><\/figure>\n\n\n\n<p>La imagen dio un vuelco a la tesis de la investigadora. \u00bfC\u00f3mo era posible que la antropolog\u00eda del siglo XIX, equiparada a la ciencia en su metodolog\u00eda, se defendiera reproduciendo im\u00e1genes ic\u00f3nicas de la historia del arte?, se preguntaba Molina Navea. As\u00ed, la autora pas\u00f3 siete a\u00f1os intentando entender aquella fotograf\u00eda y una vez acabada su tesis dio forma a la serie de im\u00e1genes que componen su primer y exquisito fotolibro:&nbsp;<a href=\"https:\/\/www.edicionesposibles.com\/product-page\/ejercicios-m%C3%ADnimos-para-un-jard%C3%ADn-de-invierno\"><em>Ejercicios m\u00ednimos para un jard\u00edn de invierno, N\u00ba8<\/em><\/a><a href=\"https:\/\/www.edicionesposibles.com\/product-page\/ejercicios-m%C3%ADnimos-para-un-jard%C3%ADn-de-invierno\">&nbsp;<\/a>(Ediciones Posibles). La publicaci\u00f3n recibi\u00f3 el pasado mes de julio una menci\u00f3n de honor como libro de autor en los&nbsp;<a href=\"https:\/\/www.rencontres-arles.com\/en\/programme-2023\/\">Encuentros de Arl\u00e9s 2023<\/a>, tras haber resultado finalista en la segunda edici\u00f3n del premio Eloi Jimeno durante el mes de junio.<\/p>\n\n\n\n<p>El tr\u00edptico era obra del fot\u00f3grafo franc\u00e9s Pierre Petit, y fue realizado durante las exposiciones etnogr\u00e1ficas del 12 de octubre de 1888, que tuvieron lugar en el Jard\u00edn de Aclimataci\u00f3n de Par\u00eds. Desde 1867 hasta 1931 \u2014con la sola interrupci\u00f3n de la Primera Guerra Mundial\u2014 eran habituales los llamados zool\u00f3gicos humanos, o exhibiciones que mostraban a seres humanos, cuyas caracter\u00edsticas eran consideradas salvajes, primitivas o diferentes. \u201cEl fot\u00f3grafo har\u00eda posar a sus modelos siguiendo las reglas de la antropolog\u00eda decimon\u00f3nica, que buscaba visibilizar su objeto de estudio: el&nbsp;<em>Salvaje<\/em>. Todo estaba preparado en estas im\u00e1genes para hacer de ellas documentos cient\u00edficos: las tres mujeres posan desnudas, brazos a los costados y mirada fija al lente; todo, salvo por un detalle: el fondo\u201d, escribe la autora en uno de los textos que re\u00fane la publicaci\u00f3n.\u201cToda esa producci\u00f3n del salvaje se hac\u00eda, en la mayor\u00eda de los casos, con personas que viv\u00edan en la ciudad. Eran ciudadanos franceses, pero de raza negra\u201d<\/p>\n\n\n\n<p>\u201cUna de las cosas que intent\u00e9 mostrar en el doctorado es que este tipo de fotograf\u00edas que mostraban a los salvajes o primitivos, en su mayor\u00eda, se hac\u00edan en Europa. De igual forma, el tr\u00edptico, en concreto, no estaba hecho en una selva, o en un poblado, sino que estaba hecho en Par\u00eds\u201d, apunta Molina Navea durante una videoconferencia. \u201cLo demostraban las palmeras que aparecen en el fondo. Pertenec\u00edan al Jard\u00edn de Aclimataci\u00f3n. De modo que, toda esa producci\u00f3n del salvaje se hac\u00eda, en la mayor\u00eda de los casos, con personas que viv\u00edan en la ciudad. Eran ciudadanos franceses, pero de raza negra\u201d. Se conserva un documento que refleja los problemas a los que se enfrentaba la antropolog\u00eda cuando se comenz\u00f3 a hacer este tipo de im\u00e1genes. Una de las citas de un antrop\u00f3logo lo explica as\u00ed: \u201cEl problema es que, cuando los desnudamos, son simplemente hombres y mujeres desnudos. No son salvajes\u201d. De ah\u00ed que la tesis de la artista destaca la importancia del decorado, de un paisaje pintado, o en el caso del tr\u00edptico de las palmeras, a la hora de etiquetar a los sujetos.<\/p>\n\n\n\n<figure class=\"wp-block-image is-style-default\"><img decoding=\"async\" src=\"https:\/\/imagenes.elpais.com\/resizer\/Wj5Ew52Io53Vt6QC1juDY2WjpZk=\/414x0\/cloudfront-eu-central-1.images.arcpublishing.com\/prisa\/GY2EIRHRJNDHJOTHFB5LYZOHWM.jpg\" alt=\"Imagen perteneciente al libro 'Ejercicios m\u00ednimos para un jard\u00edn de invierno, N\u00ba8', publicado por Ediciones Posibles.\"\/><figcaption>Imagen perteneciente al libro &#8216;Ejercicios m\u00ednimos para un jard\u00edn de invierno, N\u00ba8&#8217;, publicado por Ediciones Posibles.IN\u00c9S MOLINA NAVEA<\/figcaption><\/figure>\n\n\n\n<p>A lo largo de sus investigaciones, la autora busc\u00f3 im\u00e1genes de las Gracias en la historia del arte. \u201cIncluso cuando artistas como Picasso o Man Ray las representan, siguen imitando el canon griego, es decir, una figura femenina blanca y rubia. Encontr\u00e9 unas Gracias andr\u00f3ginas en el v\u00eddeo de Lucas Seguy de 2019, pero, con los rasgos de una mujer negra, nada m\u00e1s que la fotograf\u00eda de Petit\u201d, asegura. \u201cEs probable que la imagen sea la primera representaci\u00f3n de las C\u00e1rites en una fotograf\u00eda. Pero lo m\u00e1s importante: es la primera imagen, y quiz\u00e1 la \u00fanica, en la que figuran las tres Gracias mediante los rasgos de tres mujeres negras\u201d.\u201cSon los fondos pintados y las palmeras lo importante. Lo que realmente hace que aparezca en la fotograf\u00eda el salvaje\u201d<\/p>\n\n\n\n<p>As\u00ed, una vez terminada su tesis, la artista comenzar\u00e1 a manipular el tr\u00edptico a trav\u00e9s de distintas t\u00e9cnicas que incluyen el fotograbado, la fotograf\u00eda anal\u00f3gica y digital, la fotocopia y otras t\u00e9cnicas experimentales con el fin de cuestionarse la percepci\u00f3n de la imagen. \u201cLa intenci\u00f3n era mostrar que el salvaje no es la mala interpretaci\u00f3n de un grupo \u00e9tnico, sino que tiene que ver siempre con la imagen. Con el paisaje y el fondo en este caso. Las figuras lo que hacen es simplemente dar cuerpo a un personaje. Son los fondos pintados y las palmeras lo importante. Lo que realmente hace que aparezca en la fotograf\u00eda el salvaje\u201d. Al tiempo, la autora har\u00e1 uso de las representaciones m\u00e1s caracter\u00edsticas de las tres Gracias en la historia del arte, como las de Botticelli, Rafael y Raimondi, para dar forma a una serie de&nbsp;<em>collages<\/em>. Se trata de composiciones toscas, que se refieren a una situaci\u00f3n imposible en un mismo espacio. Como ocurre con las fotos de Petit, donde confluye la historia del arte con la antropolog\u00eda del siglo XIX, la historia colonial y la historia del racismo, narraciones que normalmente se encuentran separadas.<\/p>\n\n\n\n<figure class=\"wp-block-image is-style-default\"><img decoding=\"async\" src=\"https:\/\/imagenes.elpais.com\/resizer\/b90knZWkvR8mrNKFqkPqM-igUbU=\/414x0\/cloudfront-eu-central-1.images.arcpublishing.com\/prisa\/HG277GJWSRHCPMLNX45JBGEUWM.jpg\" alt=\"Imagen perteneciente al libro 'Ejercicios m\u00ednimos para un jard\u00edn de invierno, N\u00ba8', publicado por Ediciones Posibles.\"\/><figcaption>Imagen perteneciente al libro &#8216;Ejercicios m\u00ednimos para un jard\u00edn de invierno, N\u00ba8&#8217;, publicado por Ediciones Posibles.IN\u00c9S MOLINA NAVEA<\/figcaption><\/figure>\n\n\n\n<p>Becada por la Asociaci\u00f3n Foto Torroella, la autora cont\u00f3 con la colaboraci\u00f3n de los editores de&nbsp;<a href=\"https:\/\/www.edicionesposibles.com\/\" target=\"_blank\" rel=\"noreferrer noopener\">Ediciones Posibles<\/a>, Alex Llovet y Josep Maria de Llobet, a la hora de llevar a cabo la secuenciaci\u00f3n de las im\u00e1genes. As\u00ed como con el dise\u00f1o de Juanjo Justicia, del estudio underbau. P\u00e1gina a p\u00e1gina, a trav\u00e9s de distintas versiones que se repiten, la materialidad de la imagen ir\u00e1 influyendo en la percepci\u00f3n de la imagen. Aparte de las fotograf\u00edas de Petit, se incluyen otras pertenecientes a la colecci\u00f3n del&nbsp;<a href=\"https:\/\/photo-museum.org\/es\/\" target=\"_blank\" rel=\"noreferrer noopener\">Museo Nic\u00e9phore Ni\u00e9pce<\/a>. Im\u00e1genes etnogr\u00e1ficas que esconden el cuerpo para hacer m\u00e1s evidente la representaci\u00f3n. Una deconstrucci\u00f3n y reinterpretaci\u00f3n de la imagen que alude a las distintas lecturas que encierra el medio fotogr\u00e1fico y a la fotograf\u00eda como ventana a un enigma. \u201cRealmente, despu\u00e9s de siete a\u00f1os de estudio, sigo sin entender esta fotograf\u00eda\u201d, afirma Molina Navea.<\/p>\n\n\n\n<p>Cualquiera podr\u00eda ser un salvaje bajo las circunstancias adecuadas y con los disfraces correspondientes, nos advierte la autora. La construcci\u00f3n artificial del salvaje parecer\u00eda, por tanto, tener que ver m\u00e1s con la historia del arte que con los sujetos en cuesti\u00f3n. De igual manera y de forma m\u00e1s transversal, Molina Navea hace hincapi\u00e9 en c\u00f3mo a\u00fan cuesta imaginar que los retratados, siendo negros, hayan podido ser europeos. \u201cLos movimientos entre \u00c1frica y Europa son extremadamente antiguos. Existen desde principios de 1400, por lo que es ilusorio creer que en el siglo XIX existiera eso a lo que investigadores se refieren por los otros. Que las sociedades europeas se hubiesen transformado dejando intactas a las africanas\u201d, destaca la autora. A\u00fan hoy en d\u00eda, en ocasiones, \u201cse vuelve a tender a unificar a una multitud de hombres y mujeres extremadamente diversa, que viv\u00edan en distintos continentes, hablaban distintas lenguas, ten\u00edan distintas culturas, tal y como en el pasado se hizo con la representaci\u00f3n del Salvaje\u201d.<\/p>\n\n\n\n<p><a href=\"https:\/\/www.edicionesposibles.com\/product-page\/ejercicios-m%C3%ADnimos-para-un-jard%C3%ADn-de-invierno\"><em>\u2018Ejercicios m\u00ednimos para un jard\u00edn de invierno, N\u00ba 8\u2032.&nbsp;<\/em><\/a><em>In\u00e9s Molina Navea. Ediciones Posibles. 48 p\u00e1ginas. 30 euros.<\/em><\/p>\n\n\n\n<p><em>Puedes seguir a BABELIA en&nbsp;<\/em><a href=\"https:\/\/www.facebook.com\/babeliaelpais\"><em>Facebook<\/em><\/a><em>&nbsp;y&nbsp;<\/em><a href=\"https:\/\/twitter.com\/babelia_elpais\"><em>Twitter<\/em><\/a><em>, o apuntarte aqu\u00ed para recibir&nbsp;<\/em><a href=\"https:\/\/plus.elpais.com\/newsletters\/lnp\/1\/254\"><em>nuestra newsletter semanal<\/em><\/a><em>.<\/em><\/p>\n","protected":false},"excerpt":{"rendered":"<p>In\u00e9s Molina Navea indaga en la representaci\u00f3n del otro en el siglo XIX y en la historia colonial, as\u00ed como [&hellip;]<\/p>\n","protected":false},"author":1,"featured_media":57479,"comment_status":"open","ping_status":"open","sticky":false,"template":"","format":"standard","meta":{"site-sidebar-layout":"default","site-content-layout":"","ast-site-content-layout":"default","site-content-style":"default","site-sidebar-style":"default","ast-global-header-display":"","ast-banner-title-visibility":"","ast-main-header-display":"","ast-hfb-above-header-display":"","ast-hfb-below-header-display":"","ast-hfb-mobile-header-display":"","site-post-title":"","ast-breadcrumbs-content":"","ast-featured-img":"","footer-sml-layout":"","theme-transparent-header-meta":"","adv-header-id-meta":"","stick-header-meta":"","header-above-stick-meta":"","header-main-stick-meta":"","header-below-stick-meta":"","astra-migrate-meta-layouts":"default","ast-page-background-enabled":"default","ast-page-background-meta":{"desktop":{"background-color":"var(--ast-global-color-4)","background-image":"","background-repeat":"repeat","background-position":"center center","background-size":"auto","background-attachment":"scroll","background-type":"","background-media":"","overlay-type":"","overlay-color":"","overlay-opacity":"","overlay-gradient":""},"tablet":{"background-color":"","background-image":"","background-repeat":"repeat","background-position":"center center","background-size":"auto","background-attachment":"scroll","background-type":"","background-media":"","overlay-type":"","overlay-color":"","overlay-opacity":"","overlay-gradient":""},"mobile":{"background-color":"","background-image":"","background-repeat":"repeat","background-position":"center center","background-size":"auto","background-attachment":"scroll","background-type":"","background-media":"","overlay-type":"","overlay-color":"","overlay-opacity":"","overlay-gradient":""}},"ast-content-background-meta":{"desktop":{"background-color":"var(--ast-global-color-5)","background-image":"","background-repeat":"repeat","background-position":"center center","background-size":"auto","background-attachment":"scroll","background-type":"","background-media":"","overlay-type":"","overlay-color":"","overlay-opacity":"","overlay-gradient":""},"tablet":{"background-color":"var(--ast-global-color-5)","background-image":"","background-repeat":"repeat","background-position":"center center","background-size":"auto","background-attachment":"scroll","background-type":"","background-media":"","overlay-type":"","overlay-color":"","overlay-opacity":"","overlay-gradient":""},"mobile":{"background-color":"var(--ast-global-color-5)","background-image":"","background-repeat":"repeat","background-position":"center center","background-size":"auto","background-attachment":"scroll","background-type":"","background-media":"","overlay-type":"","overlay-color":"","overlay-opacity":"","overlay-gradient":""}},"footnotes":""},"categories":[8],"tags":[18361,18359,18360],"class_list":["post-57478","post","type-post","status-publish","format-standard","has-post-thumbnail","hentry","category-noticias","tag-fotolibros","tag-ines-molina-navea","tag-mujeres-mapuches"],"_links":{"self":[{"href":"https:\/\/losperiodistas.com.mx\/portal\/wp-json\/wp\/v2\/posts\/57478","targetHints":{"allow":["GET"]}}],"collection":[{"href":"https:\/\/losperiodistas.com.mx\/portal\/wp-json\/wp\/v2\/posts"}],"about":[{"href":"https:\/\/losperiodistas.com.mx\/portal\/wp-json\/wp\/v2\/types\/post"}],"author":[{"embeddable":true,"href":"https:\/\/losperiodistas.com.mx\/portal\/wp-json\/wp\/v2\/users\/1"}],"replies":[{"embeddable":true,"href":"https:\/\/losperiodistas.com.mx\/portal\/wp-json\/wp\/v2\/comments?post=57478"}],"version-history":[{"count":1,"href":"https:\/\/losperiodistas.com.mx\/portal\/wp-json\/wp\/v2\/posts\/57478\/revisions"}],"predecessor-version":[{"id":57480,"href":"https:\/\/losperiodistas.com.mx\/portal\/wp-json\/wp\/v2\/posts\/57478\/revisions\/57480"}],"wp:featuredmedia":[{"embeddable":true,"href":"https:\/\/losperiodistas.com.mx\/portal\/wp-json\/wp\/v2\/media\/57479"}],"wp:attachment":[{"href":"https:\/\/losperiodistas.com.mx\/portal\/wp-json\/wp\/v2\/media?parent=57478"}],"wp:term":[{"taxonomy":"category","embeddable":true,"href":"https:\/\/losperiodistas.com.mx\/portal\/wp-json\/wp\/v2\/categories?post=57478"},{"taxonomy":"post_tag","embeddable":true,"href":"https:\/\/losperiodistas.com.mx\/portal\/wp-json\/wp\/v2\/tags?post=57478"}],"curies":[{"name":"wp","href":"https:\/\/api.w.org\/{rel}","templated":true}]}}