{"id":57475,"date":"2023-08-23T18:57:27","date_gmt":"2023-08-23T23:57:27","guid":{"rendered":"http:\/\/losperiodistas.com.mx\/portal\/?p=57475"},"modified":"2023-08-23T18:57:30","modified_gmt":"2023-08-23T23:57:30","slug":"scjn-concede-al-inai-sesionar-con-solo-cuatro-comisionados-la-jornada","status":"publish","type":"post","link":"https:\/\/losperiodistas.com.mx\/portal\/scjn-concede-al-inai-sesionar-con-solo-cuatro-comisionados-la-jornada\/","title":{"rendered":"SCJN concede al Inai sesionar con s\u00f3lo cuatro comisionados | La Jornada"},"content":{"rendered":"\n<figure class=\"wp-block-image size-full is-style-default\"><img fetchpriority=\"high\" decoding=\"async\" width=\"745\" height=\"496\" src=\"https:\/\/losperiodistas.com.mx\/portal\/wp-content\/uploads\/2023\/08\/image_large-3.jpeg\" alt=\"\" class=\"wp-image-57476\" srcset=\"https:\/\/losperiodistas.com.mx\/portal\/wp-content\/uploads\/2023\/08\/image_large-3.jpeg 745w, https:\/\/losperiodistas.com.mx\/portal\/wp-content\/uploads\/2023\/08\/image_large-3-300x200.jpeg 300w\" sizes=\"(max-width: 745px) 100vw, 745px\" \/><figcaption>Recinto de la SCJN en la Ciudad de M\u00e9xico. Foto Marco Pel\u00e1ez \/ Archivo<\/figcaption><\/figure>\n\n\n\n<p class=\"has-vivid-red-color has-text-color has-medium-font-size\"><strong>EDUARDO MURILLO \/ LA JORNADA<\/strong><\/p>\n\n\n\n<p>La Suprema Corte de Justicia de la Naci\u00f3n (SCJN) concedi\u00f3 al Instituto Nacional de Transparencia, Acceso a la Informaci\u00f3n y Protecci\u00f3n de Datos Personales (INAI) para que su pleno pueda sesionar con solo 4 comisionados, en tanto el pleno de ministros resuelve la controversia que promovi\u00f3 en contra de la falta de nombramientos de tres de sus comisionados.<\/p>\n\n\n\n<p>A propuesta del ministro Javier Laynez Potisek, la segunda sala de la SCJN aprob\u00f3 el recurso de reclamaci\u00f3n que promovi\u00f3 el INAI contra la decisi\u00f3n original de la ministra Loretta Ortiz Ahlf, encargada de resolver la controversia, que les hab\u00eda negado la suspensi\u00f3n.<\/p>\n\n\n\n<p>En contra del proyecto solo vot\u00f3 la ministra Yasm\u00edn Esquivel, a favor los ministros Luis Mar\u00eda Aguilar Morales, Alberto P\u00e9rez Day\u00e1n y el propio Laynez. La ministra Ortiz estuvo ausente por vacaciones.<\/p>\n\n\n\n<p>Fuente: <a href=\"https:\/\/www.jornada.com.mx\/notas\/2023\/08\/23\/politica\/scjn-concede-al-inai-sesionar-con-solo-4-comisionados\/\">https:\/\/www.jornada.com.mx\/notas\/2023\/08\/23\/politica\/scjn-concede-al-inai-sesionar-con-solo-4-comisionados\/<\/a><\/p>\n","protected":false},"excerpt":{"rendered":"<p>EDUARDO MURILLO \/ LA JORNADA La Suprema Corte de Justicia de la Naci\u00f3n (SCJN) concedi\u00f3 al Instituto Nacional de Transparencia, [&hellip;]<\/p>\n","protected":false},"author":1,"featured_media":57476,"comment_status":"open","ping_status":"open","sticky":false,"template":"","format":"standard","meta":{"site-sidebar-layout":"default","site-content-layout":"","ast-site-content-layout":"default","site-content-style":"default","site-sidebar-style":"default","ast-global-header-display":"","ast-banner-title-visibility":"","ast-main-header-display":"","ast-hfb-above-header-display":"","ast-hfb-below-header-display":"","ast-hfb-mobile-header-display":"","site-post-title":"","ast-breadcrumbs-content":"","ast-featured-img":"","footer-sml-layout":"","theme-transparent-header-meta":"","adv-header-id-meta":"","stick-header-meta":"","header-above-stick-meta":"","header-main-stick-meta":"","header-below-stick-meta":"","astra-migrate-meta-layouts":"default","ast-page-background-enabled":"default","ast-page-background-meta":{"desktop":{"background-color":"var(--ast-global-color-4)","background-image":"","background-repeat":"repeat","background-position":"center center","background-size":"auto","background-attachment":"scroll","background-type":"","background-media":"","overlay-type":"","overlay-color":"","overlay-opacity":"","overlay-gradient":""},"tablet":{"background-color":"","background-image":"","background-repeat":"repeat","background-position":"center center","background-size":"auto","background-attachment":"scroll","background-type":"","background-media":"","overlay-type":"","overlay-color":"","overlay-opacity":"","overlay-gradient":""},"mobile":{"background-color":"","background-image":"","background-repeat":"repeat","background-position":"center center","background-size":"auto","background-attachment":"scroll","background-type":"","background-media":"","overlay-type":"","overlay-color":"","overlay-opacity":"","overlay-gradient":""}},"ast-content-background-meta":{"desktop":{"background-color":"var(--ast-global-color-5)","background-image":"","background-repeat":"repeat","background-position":"center center","background-size":"auto","background-attachment":"scroll","background-type":"","background-media":"","overlay-type":"","overlay-color":"","overlay-opacity":"","overlay-gradient":""},"tablet":{"background-color":"var(--ast-global-color-5)","background-image":"","background-repeat":"repeat","background-position":"center center","background-size":"auto","background-attachment":"scroll","background-type":"","background-media":"","overlay-type":"","overlay-color":"","overlay-opacity":"","overlay-gradient":""},"mobile":{"background-color":"var(--ast-global-color-5)","background-image":"","background-repeat":"repeat","background-position":"center center","background-size":"auto","background-attachment":"scroll","background-type":"","background-media":"","overlay-type":"","overlay-color":"","overlay-opacity":"","overlay-gradient":""}},"footnotes":""},"categories":[8],"tags":[4149,18358,1136],"class_list":["post-57475","post","type-post","status-publish","format-standard","has-post-thumbnail","hentry","category-noticias","tag-inai","tag-ministro-lainez-ptisek","tag-scjn"],"_links":{"self":[{"href":"https:\/\/losperiodistas.com.mx\/portal\/wp-json\/wp\/v2\/posts\/57475","targetHints":{"allow":["GET"]}}],"collection":[{"href":"https:\/\/losperiodistas.com.mx\/portal\/wp-json\/wp\/v2\/posts"}],"about":[{"href":"https:\/\/losperiodistas.com.mx\/portal\/wp-json\/wp\/v2\/types\/post"}],"author":[{"embeddable":true,"href":"https:\/\/losperiodistas.com.mx\/portal\/wp-json\/wp\/v2\/users\/1"}],"replies":[{"embeddable":true,"href":"https:\/\/losperiodistas.com.mx\/portal\/wp-json\/wp\/v2\/comments?post=57475"}],"version-history":[{"count":1,"href":"https:\/\/losperiodistas.com.mx\/portal\/wp-json\/wp\/v2\/posts\/57475\/revisions"}],"predecessor-version":[{"id":57477,"href":"https:\/\/losperiodistas.com.mx\/portal\/wp-json\/wp\/v2\/posts\/57475\/revisions\/57477"}],"wp:featuredmedia":[{"embeddable":true,"href":"https:\/\/losperiodistas.com.mx\/portal\/wp-json\/wp\/v2\/media\/57476"}],"wp:attachment":[{"href":"https:\/\/losperiodistas.com.mx\/portal\/wp-json\/wp\/v2\/media?parent=57475"}],"wp:term":[{"taxonomy":"category","embeddable":true,"href":"https:\/\/losperiodistas.com.mx\/portal\/wp-json\/wp\/v2\/categories?post=57475"},{"taxonomy":"post_tag","embeddable":true,"href":"https:\/\/losperiodistas.com.mx\/portal\/wp-json\/wp\/v2\/tags?post=57475"}],"curies":[{"name":"wp","href":"https:\/\/api.w.org\/{rel}","templated":true}]}}