{"id":57463,"date":"2023-08-23T11:52:33","date_gmt":"2023-08-23T16:52:33","guid":{"rendered":"http:\/\/losperiodistas.com.mx\/portal\/?p=57463"},"modified":"2023-08-23T11:52:37","modified_gmt":"2023-08-23T16:52:37","slug":"monologos-de-menade-declaro-la-guerra-a-mi-peor-enemigo-que-es","status":"publish","type":"post","link":"https:\/\/losperiodistas.com.mx\/portal\/monologos-de-menade-declaro-la-guerra-a-mi-peor-enemigo-que-es\/","title":{"rendered":"Mon\u00f3logos de M\u00e9nade | Declaro la guerra a mi peor enemigo que es\u2026"},"content":{"rendered":"\n<p><br>Quiero invitar a jugar al senador Alejandro Armenta y que juntos digamos \u201cdeclaro la guerra en contra de mi peor enemigo que es\u2026\u201d<\/p>\n\n\n\n<p class=\"has-medium-font-size\"><\/p>\n\n\n\n<figure class=\"wp-block-image size-large is-style-default\"><img fetchpriority=\"high\" decoding=\"async\" width=\"1024\" height=\"576\" src=\"https:\/\/losperiodistas.com.mx\/portal\/wp-content\/uploads\/2023\/08\/Declaro-la-guerra-1024x576.jpg\" alt=\"\" class=\"wp-image-57464\" srcset=\"https:\/\/losperiodistas.com.mx\/portal\/wp-content\/uploads\/2023\/08\/Declaro-la-guerra-1024x576.jpg 1024w, https:\/\/losperiodistas.com.mx\/portal\/wp-content\/uploads\/2023\/08\/Declaro-la-guerra-300x169.jpg 300w, https:\/\/losperiodistas.com.mx\/portal\/wp-content\/uploads\/2023\/08\/Declaro-la-guerra-768x432.jpg 768w, https:\/\/losperiodistas.com.mx\/portal\/wp-content\/uploads\/2023\/08\/Declaro-la-guerra.jpg 1200w\" sizes=\"(max-width: 1024px) 100vw, 1024px\" \/><\/figure>\n\n\n\n<p><\/p>\n\n\n\n<p>Por Itandehui Rodr\u00edguez Mart\u00ednez<\/p>\n\n\n\n<p>@Itandehui_RoMa<\/p>\n\n\n\n<p>Es la hora, es la hora, es la hora de jugar \u2018stop\u2019: \u201cdeclaro la guerra\u2026\u201d<\/p>\n\n\n\n<p>Pero \u00bfqui\u00e9n debe declarar la guerra? Alejandro Armenta.<\/p>\n\n\n\n<p>\u00bfA qui\u00e9n debe declarale la guerra? A su peor enemigo.<\/p>\n\n\n\n<p>Pero \u00bfqui\u00e9n es su peor enemigo? Pues su equipo.<\/p>\n\n\n\n<h2 class=\"wp-block-heading\">El Guardi\u00e1n del Planeta<\/h2>\n\n\n\n<p>En serio, piensan que tengo algo personal con el se\u00f1or, pero, en verdad que no. Si llega o no llega a ser candidato me es b\u00e1sicamente intramuscular, ni me debe, ni le debo, pero llevo m\u00e1s de un a\u00f1o se\u00f1alando los errores que ha cometido por culpa de sus malos, malos, malos asesores.<\/p>\n\n\n\n<p>Asegura que es el Guardi\u00e1n del Planeta porque a alguno de sus asesores se le ocurri\u00f3 que era un gran sobrenombre.<\/p>\n\n\n\n<p>Dice llevar a\u00f1os regalando \u00e1rboles, cuando en 2006 y 2007 se la pasaba regalando focos ahorradores y enviando a equipos y m\u00e1s equipos comandados por Ren\u00e9 Lechuga, que en paz descanse, a todos los rincones del estado. \u00bfAdivinen a qu\u00e9? Pues a regalar focos.<\/p>\n\n\n\n<p>A menos que fueran focos ahorradores en forma de \u00e1rboles navide\u00f1os, entonces s\u00ed se la compro. Y eso tambi\u00e9n tiene su lado ecologista, sin duda, pero no eran \u00e1rboles.<\/p>\n\n\n\n<h2 class=\"wp-block-heading\">Creando a X\u00f3chitl G\u00e1lvez<\/h2>\n\n\n\n<p>Despu\u00e9s, decidi\u00f3 que \u00e9l no iba a ceder ni a dialogar con las bancadas de oposici\u00f3n en el Senado sobre la elecci\u00f3n del delegado del&nbsp;<a href=\"https:\/\/home.inai.org.mx\/\">INAI<\/a>. Eso era lo m\u00e1s sencillo, pero no, seguramente sus asesores le dijeron que \u00e9l \u201ces el m\u00e1s guapo, el m\u00e1s inteligente y el m\u00e1s ching\u00f3n\u201d y que las cosas se deb\u00edan hacer como mejor le pareciera.<\/p>\n\n\n\n<p>\u00bfEl resultado? Esa noche, entre cantos y risas, entre pijamas, una carrera fren\u00e9tica en bicicleta, una cadena y un candado, inici\u00f3 el fen\u00f3meno X\u00f3chitl G\u00e1lvez. Ese que envalenton\u00f3 a la oposici\u00f3n y la llev\u00f3 a so\u00f1ar con la posibilidad de ganar la elecci\u00f3n presidencial.<\/p>\n\n\n\n<p>X\u00f3chitl G\u00e1lvez le debe mucho, mucho a Alejandro Armenta. \u00c9l fue la caja de petri, ella el virus, L\u00f3pezcraist fue el laboratorio chino y el resto, es historia.<\/p>\n\n\n\n<h2 class=\"wp-block-heading\">El abortista antiaborto<\/h2>\n\n\n\n<p>Luego, convocaron a una rueda de prensa en la que dijo que es aliado de las mujeres. Que&nbsp;<a href=\"https:\/\/www.apartadomex.com\/opinion\/monologos-de-menade\/en-un-sentido-amplio-soy-terricola-y-extraterrestre\/8287\/\">est\u00e1 a favor del derecho a decidir, pero tambi\u00e9n est\u00e1 a favor al derecho a la vida<\/a>.<\/p>\n\n\n\n<p>O sea, sus asesores les dijeron que era momento de entrarle al tema pero no le explicaron c\u00f3mo, o s\u00ed, pero no le explicaron bien. El punto es que, en el sentido amplio, el senador es abortista y antiaborto.<\/p>\n\n\n\n<h2 class=\"wp-block-heading\">El promotor de Eduardo Rivera<\/h2>\n\n\n\n<p>Podr\u00eda seguir enlistando pifias de su equipo, pero me voy a la \u00faltima, a la de ayer.<\/p>\n\n\n\n<p>Comenz\u00f3 a circular un video con el que pretend\u00edan hacerlo ver como el mejor posicionado en Morena para ser candidato a la gubernatura. Solo que en los estudios que utilizaron aparece en segundo lugar, el primero lo ocupa Eduardo Rivera P\u00e9rez, alcalde capitalino.<\/p>\n\n\n\n<figure class=\"wp-block-embed is-type-rich is-provider-twitter wp-block-embed-twitter\"><div class=\"wp-block-embed__wrapper\">\nhttps:\/\/twitter.com\/Itandehui_RoMa\/status\/1694061080597635149?ref_src=twsrc%5Etfw%7Ctwcamp%5Etweetembed%7Ctwterm%5E1694061080597635149%7Ctwgr%5E96d9ec1ab374586d28afcf693fc47ba473841a41%7Ctwcon%5Es1_c10&#038;ref_url=https%3A%2F%2Fwww.apartadomex.com%2Fopinion%2Fmonologos-de-menade%2Fdeclaro-la-guerra-a-mi-peor-enemigo-que-es%2F17998%2F\n<\/div><\/figure>\n\n\n\n<p>O Alejandro Armenta tiene a \u201cun caballo de Troya\u201d y con \u00e9l, Eduardo Rivera le sembr\u00f3 a un agente que va a implosionar su proyecto, o los asesores de Alejandro Armenta son tan pero tan malos, que en lugar de posicionarlo a \u00e9l, posicionan \u201cal de la casa de enfrente\u201d.<\/p>\n\n\n\n<p>Y conmigo ni te enojes, senador, en\u00f3jate con qui\u00e9n debes. En\u00f3jate con los de los de las p\u00e9simas ideas, con los de los coches deportivos, con los de la falta de visi\u00f3n, con los que te venden espejos, a esos, lleg\u00f3 la hora de decirles (repite conmigo): \u201cdeclaro la guerra en contra de mi peor enemigo que es\u2026\u201d.<\/p>\n\n\n\n<p>P.D. Ya entend\u00ed para qu\u00e9 lo invit\u00f3 Marcos Castro, secretario General de Acci\u00f3n Nacional a su partido. Lo invit\u00f3 para ser el coordinador de campa\u00f1a de Eduardo. Pero viendo todo esto, yo me lo pensar\u00eda dos veces.<\/p>\n\n\n\n<p><\/p>\n","protected":false},"excerpt":{"rendered":"<p>Quiero invitar a jugar al senador Alejandro Armenta y que juntos digamos \u201cdeclaro la guerra en contra de mi peor [&hellip;]<\/p>\n","protected":false},"author":1,"featured_media":57464,"comment_status":"open","ping_status":"open","sticky":false,"template":"","format":"standard","meta":{"site-sidebar-layout":"default","site-content-layout":"","ast-site-content-layout":"default","site-content-style":"default","site-sidebar-style":"default","ast-global-header-display":"","ast-banner-title-visibility":"","ast-main-header-display":"","ast-hfb-above-header-display":"","ast-hfb-below-header-display":"","ast-hfb-mobile-header-display":"","site-post-title":"","ast-breadcrumbs-content":"","ast-featured-img":"","footer-sml-layout":"","theme-transparent-header-meta":"","adv-header-id-meta":"","stick-header-meta":"","header-above-stick-meta":"","header-main-stick-meta":"","header-below-stick-meta":"","astra-migrate-meta-layouts":"default","ast-page-background-enabled":"default","ast-page-background-meta":{"desktop":{"background-color":"var(--ast-global-color-4)","background-image":"","background-repeat":"repeat","background-position":"center center","background-size":"auto","background-attachment":"scroll","background-type":"","background-media":"","overlay-type":"","overlay-color":"","overlay-opacity":"","overlay-gradient":""},"tablet":{"background-color":"","background-image":"","background-repeat":"repeat","background-position":"center center","background-size":"auto","background-attachment":"scroll","background-type":"","background-media":"","overlay-type":"","overlay-color":"","overlay-opacity":"","overlay-gradient":""},"mobile":{"background-color":"","background-image":"","background-repeat":"repeat","background-position":"center center","background-size":"auto","background-attachment":"scroll","background-type":"","background-media":"","overlay-type":"","overlay-color":"","overlay-opacity":"","overlay-gradient":""}},"ast-content-background-meta":{"desktop":{"background-color":"var(--ast-global-color-5)","background-image":"","background-repeat":"repeat","background-position":"center center","background-size":"auto","background-attachment":"scroll","background-type":"","background-media":"","overlay-type":"","overlay-color":"","overlay-opacity":"","overlay-gradient":""},"tablet":{"background-color":"var(--ast-global-color-5)","background-image":"","background-repeat":"repeat","background-position":"center center","background-size":"auto","background-attachment":"scroll","background-type":"","background-media":"","overlay-type":"","overlay-color":"","overlay-opacity":"","overlay-gradient":""},"mobile":{"background-color":"var(--ast-global-color-5)","background-image":"","background-repeat":"repeat","background-position":"center center","background-size":"auto","background-attachment":"scroll","background-type":"","background-media":"","overlay-type":"","overlay-color":"","overlay-opacity":"","overlay-gradient":""}},"footnotes":""},"categories":[8,22],"tags":[2147,18355],"class_list":["post-57463","post","type-post","status-publish","format-standard","has-post-thumbnail","hentry","category-noticias","category-opinion-invitada","tag-alejandro-armenta-mier","tag-castro-marcos"],"_links":{"self":[{"href":"https:\/\/losperiodistas.com.mx\/portal\/wp-json\/wp\/v2\/posts\/57463","targetHints":{"allow":["GET"]}}],"collection":[{"href":"https:\/\/losperiodistas.com.mx\/portal\/wp-json\/wp\/v2\/posts"}],"about":[{"href":"https:\/\/losperiodistas.com.mx\/portal\/wp-json\/wp\/v2\/types\/post"}],"author":[{"embeddable":true,"href":"https:\/\/losperiodistas.com.mx\/portal\/wp-json\/wp\/v2\/users\/1"}],"replies":[{"embeddable":true,"href":"https:\/\/losperiodistas.com.mx\/portal\/wp-json\/wp\/v2\/comments?post=57463"}],"version-history":[{"count":1,"href":"https:\/\/losperiodistas.com.mx\/portal\/wp-json\/wp\/v2\/posts\/57463\/revisions"}],"predecessor-version":[{"id":57465,"href":"https:\/\/losperiodistas.com.mx\/portal\/wp-json\/wp\/v2\/posts\/57463\/revisions\/57465"}],"wp:featuredmedia":[{"embeddable":true,"href":"https:\/\/losperiodistas.com.mx\/portal\/wp-json\/wp\/v2\/media\/57464"}],"wp:attachment":[{"href":"https:\/\/losperiodistas.com.mx\/portal\/wp-json\/wp\/v2\/media?parent=57463"}],"wp:term":[{"taxonomy":"category","embeddable":true,"href":"https:\/\/losperiodistas.com.mx\/portal\/wp-json\/wp\/v2\/categories?post=57463"},{"taxonomy":"post_tag","embeddable":true,"href":"https:\/\/losperiodistas.com.mx\/portal\/wp-json\/wp\/v2\/tags?post=57463"}],"curies":[{"name":"wp","href":"https:\/\/api.w.org\/{rel}","templated":true}]}}