{"id":57460,"date":"2023-08-23T09:34:06","date_gmt":"2023-08-23T14:34:06","guid":{"rendered":"http:\/\/losperiodistas.com.mx\/portal\/?p=57460"},"modified":"2023-08-23T09:34:08","modified_gmt":"2023-08-23T14:34:08","slug":"musk-eliminara-de-x-los-titulares-que-enlacen-a-articulos-de-medios-de-comunicacion-rtve","status":"publish","type":"post","link":"https:\/\/losperiodistas.com.mx\/portal\/musk-eliminara-de-x-los-titulares-que-enlacen-a-articulos-de-medios-de-comunicacion-rtve\/","title":{"rendered":"Musk eliminar\u00e1 de X los titulares que enlacen a art\u00edculos de medios de comunicaci\u00f3n | Rtve"},"content":{"rendered":"\n<ul class=\"has-blush-bordeaux-gradient-background has-background has-medium-font-size wp-block-list\"><li>El anuncio de Elon Musk sobre su red social X (antes Twitter)\u00a0supondr\u00e1 un gran cambio en el tr\u00e1fico de noticias y contenidos<\/li><li>Algunos analistas sugieren que esta decisi\u00f3n\u00a0parece dirigida a obligar a los medios a suscribirse a la opci\u00f3n \u00abpremium\u00bb\u00a0<\/li><\/ul>\n\n\n\n<div class=\"wp-block-image is-style-default\"><figure class=\"aligncenter size-large\"><img fetchpriority=\"high\" decoding=\"async\" width=\"1024\" height=\"577\" src=\"https:\/\/losperiodistas.com.mx\/portal\/wp-content\/uploads\/2023\/08\/descarga-4-1024x577.jpeg\" alt=\"\" class=\"wp-image-57461\" srcset=\"https:\/\/losperiodistas.com.mx\/portal\/wp-content\/uploads\/2023\/08\/descarga-4-1024x577.jpeg 1024w, https:\/\/losperiodistas.com.mx\/portal\/wp-content\/uploads\/2023\/08\/descarga-4-300x169.jpeg 300w, https:\/\/losperiodistas.com.mx\/portal\/wp-content\/uploads\/2023\/08\/descarga-4-768x432.jpeg 768w, https:\/\/losperiodistas.com.mx\/portal\/wp-content\/uploads\/2023\/08\/descarga-4-1536x865.jpeg 1536w, https:\/\/losperiodistas.com.mx\/portal\/wp-content\/uploads\/2023\/08\/descarga-4.jpeg 1600w\" sizes=\"(max-width: 1024px) 100vw, 1024px\" \/><figcaption>Musk ha sugerido a los periodistas lleguen a tratos directos con su red para publicar contenidos, aparentemente a espaldas o en paralelo a sus propias empresas.\u00a0<em>REUTERS \/ DADO RUVIC<\/em><\/figcaption><\/figure><\/div>\n\n\n\n<p class=\"has-vivid-red-color has-text-color has-medium-font-size\"><strong>AGENCIAS \/ RTVE<\/strong><\/p>\n\n\n\n<p>El&nbsp;<strong>propietario de X<\/strong>&nbsp;(antes Twitter), Elon Musk, ha anunciado que planea&nbsp;<strong>eliminar en su red&nbsp;<\/strong>los titulares que permiten enlazar directamente con los contenidos de otros medios de comunicaci\u00f3n, lo que supondr\u00e1 un&nbsp;<strong>gran cambio en el tr\u00e1fico de noticias y contenidos<\/strong>.<\/p>\n\n\n\n<p>En un \u00abpost\u00bb publicado la pasada noche, Musk dijo que ha ordenado&nbsp;<strong>\u00abeliminar el titular\/texto para que los enlaces solo muestren una imagen\u00bb<\/strong>&nbsp;del art\u00edculo, y aludi\u00f3 a&nbsp;<strong>razones \u00abest\u00e9ticas<\/strong>\u00ab, aunque las intenciones parecen ser de car\u00e1cter comercial.<\/p>\n\n\n\n<p>Por el momento,&nbsp;<strong>a\u00fan no ha empezado a aplicarlo<\/strong>, pues en la ma\u00f1ana del martes los enlaces funcionaban de manera tradicional.<\/p>\n\n\n\n<h3 class=\"wp-block-heading\"><strong>Los medios de comunicaci\u00f3n perder\u00e1n tr\u00e1fico directo<\/strong><\/h3>\n\n\n\n<p>Aunque queda por ver el modo exacto en que aplicar\u00e1 la medida (si ser\u00e1 equivalente a un \u00abpantallazo\u00bb o tendr\u00e1 otra modalidad), la primera consecuencia es que&nbsp;<strong>los medios de comunicaci\u00f3n ya no van a ganar tr\u00e1fico directo&nbsp;<\/strong>a trav\u00e9s de su aparici\u00f3n en X.<\/p>\n\n\n\n<p>Algunos analistas sugieren que esta decisi\u00f3n de Musk parece dirigida a obligar a los medios a\u00a0<strong>suscribirse a la opci\u00f3n \u00abpremium\u00bb<\/strong>\u00a0de su red, que hasta ahora ha tenido muy poco \u00e9xito, y enjugar as\u00ed las enormes p\u00e9rdidas en que ha incurrido la red desde su compra por parte del multimillonario el pasado octubre.<img decoding=\"async\" src=\"https:\/\/img2.rtve.es\/v\/6739252?w=1600&amp;preview=1668774539343.jpg\" alt=\"&quot;Elon Musk est\u00e1 sembrando el p\u00e1nico en Twitter&quot;\"><a href=\"https:\/\/www.rtve.es\/play\/videos\/informativo-24-horas\/elon-musk-sembrando-panico-twitter\/6739252\/\">07.20 min\u00bbElon Musk est\u00e1 sembrando el p\u00e1nico en Twitter\u00bb<\/a><\/p>\n\n\n\n<p>Esa opci\u00f3n permite ampliar el n\u00famero de caracteres que se pueden emplear en cada \u00abpost\u00bb hasta los 25.000 -adem\u00e1s de v\u00eddeos-, pero significa tambi\u00e9n que los medios tendr\u00edan que crear un&nbsp;<strong>contenido espec\u00edfico para la red X<\/strong>&nbsp;en cada art\u00edculo.<\/p>\n\n\n\n<p>En otra publicaci\u00f3n de la pasada noche, Musk ha sugerido adem\u00e1s\u00a0<strong>que los periodistas lleguen a tratos directos con su red<\/strong>\u00a0para publicar contenidos, aparentemente a espaldas o en paralelo a sus propias empresas.<\/p>\n\n\n\n<figure class=\"wp-block-embed is-type-rich is-provider-twitter wp-block-embed-twitter\"><div class=\"wp-block-embed__wrapper\">\n<blockquote class=\"twitter-tweet\" data-width=\"500\" data-dnt=\"true\"><p lang=\"en\" dir=\"ltr\">If you\u2019re a journalist who wants more freedom to write and a higher income, then publish directly on this platform!<\/p>&mdash; Elon Musk (@elonmusk) <a href=\"https:\/\/twitter.com\/elonmusk\/status\/1693756240260698550?ref_src=twsrc%5Etfw\">August 21, 2023<\/a><\/blockquote><script async src=\"https:\/\/platform.twitter.com\/widgets.js\" charset=\"utf-8\"><\/script>\n<\/div><\/figure>\n\n\n\n<p>\u00abSi eres un periodista que quiere m\u00e1s libertad para escribir y mayores ingresos, entonces publica directamente en esta plataforma\u00bb, ha escrito el pol\u00e9mico empresario.<\/p>\n\n\n\n<h3 class=\"wp-block-heading\"><strong>Batalla con Mark Zuckerberg<\/strong><\/h3>\n\n\n\n<p>No es la primera vez que Musk interviene en c\u00f3mo se ve el contenido que publican los medios de comunicaci\u00f3n, este a\u00f1o el tambi\u00e9n director ejecutivo de Tesla y SpaceX\u00a0<strong>puso y luego quit\u00f3 etiquetas<\/strong>\u00a0que dec\u00edan \u00abmedio financiado por el Gobierno\u00bb y \u00abmedio afiliado al Estado\u00bb de diversos medios de informaci\u00f3n p\u00fablicos.<img decoding=\"async\" src=\"https:\/\/img2.rtve.es\/v\/6929625?w=1600&amp;preview=1688650169624.jpg\" alt=\"Meta lanza Threads, la nueva red social que aspira a competir con Twitter    \"><a href=\"https:\/\/www.rtve.es\/play\/videos\/telediario\/threads-red-social-meta-mark-zuckerberg-competir-twitter\/6929625\/\">01.24 min<\/a> <a href=\"https:\/\/www.rtve.es\/play\/videos\/telediario\/threads-red-social-meta-mark-zuckerberg-competir-twitter\/6929625\/\">Meta lanza Threads, la nueva red social que aspira a competir con Twitter<\/a><\/p>\n\n\n\n<p>Uno de los resultados de estos cambios fue que el medio estadounidense&nbsp;<strong>NPR, que ten\u00eda 8,7 millones de seguidores, se retirara de esta red&nbsp;<\/strong>social.<\/p>\n\n\n\n<p>El \u00faltimo anuncio de Musk se produce, adem\u00e1s, en medio de una re\u00f1ida\u00a0<strong>batalla con Mark Zuckerberg<\/strong>\u00a0-creador y director ejecutivo de Meta-, que\u00a0<a href=\"https:\/\/www.rtve.es\/noticias\/20230706\/threads-red-social-meta-mark-zuckerberg-competir-twitter\/2451418.shtml\" target=\"_blank\" rel=\"noreferrer noopener\">acaba de lanzar su propia red Threads<\/a>\u00a0con el objetivo confesado de competir directamente con Twitter.<\/p>\n\n\n\n<p>Fuente: <a href=\"https:\/\/www.rtve.es\/noticias\/20230822\/elon-musk-eliminara-mensajes-titulares-enlacen-otros-medios\/2454428.shtml\">https:\/\/www.rtve.es\/noticias\/20230822\/elon-musk-eliminara-mensajes-titulares-enlacen-otros-medios\/2454428.shtml<\/a><\/p>\n","protected":false},"excerpt":{"rendered":"<p>El anuncio de Elon Musk sobre su red social X (antes Twitter)\u00a0supondr\u00e1 un gran cambio en el tr\u00e1fico de noticias [&hellip;]<\/p>\n","protected":false},"author":1,"featured_media":57461,"comment_status":"open","ping_status":"open","sticky":false,"template":"","format":"standard","meta":{"site-sidebar-layout":"default","site-content-layout":"","ast-site-content-layout":"default","site-content-style":"default","site-sidebar-style":"default","ast-global-header-display":"","ast-banner-title-visibility":"","ast-main-header-display":"","ast-hfb-above-header-display":"","ast-hfb-below-header-display":"","ast-hfb-mobile-header-display":"","site-post-title":"","ast-breadcrumbs-content":"","ast-featured-img":"","footer-sml-layout":"","theme-transparent-header-meta":"","adv-header-id-meta":"","stick-header-meta":"","header-above-stick-meta":"","header-main-stick-meta":"","header-below-stick-meta":"","astra-migrate-meta-layouts":"default","ast-page-background-enabled":"default","ast-page-background-meta":{"desktop":{"background-color":"var(--ast-global-color-4)","background-image":"","background-repeat":"repeat","background-position":"center center","background-size":"auto","background-attachment":"scroll","background-type":"","background-media":"","overlay-type":"","overlay-color":"","overlay-opacity":"","overlay-gradient":""},"tablet":{"background-color":"","background-image":"","background-repeat":"repeat","background-position":"center center","background-size":"auto","background-attachment":"scroll","background-type":"","background-media":"","overlay-type":"","overlay-color":"","overlay-opacity":"","overlay-gradient":""},"mobile":{"background-color":"","background-image":"","background-repeat":"repeat","background-position":"center center","background-size":"auto","background-attachment":"scroll","background-type":"","background-media":"","overlay-type":"","overlay-color":"","overlay-opacity":"","overlay-gradient":""}},"ast-content-background-meta":{"desktop":{"background-color":"var(--ast-global-color-5)","background-image":"","background-repeat":"repeat","background-position":"center center","background-size":"auto","background-attachment":"scroll","background-type":"","background-media":"","overlay-type":"","overlay-color":"","overlay-opacity":"","overlay-gradient":""},"tablet":{"background-color":"var(--ast-global-color-5)","background-image":"","background-repeat":"repeat","background-position":"center center","background-size":"auto","background-attachment":"scroll","background-type":"","background-media":"","overlay-type":"","overlay-color":"","overlay-opacity":"","overlay-gradient":""},"mobile":{"background-color":"var(--ast-global-color-5)","background-image":"","background-repeat":"repeat","background-position":"center center","background-size":"auto","background-attachment":"scroll","background-type":"","background-media":"","overlay-type":"","overlay-color":"","overlay-opacity":"","overlay-gradient":""}},"footnotes":""},"categories":[8],"tags":[18353,18352],"class_list":["post-57460","post","type-post","status-publish","format-standard","has-post-thumbnail","hentry","category-noticias","tag-eliminar-enlaces-a-medios","tag-x-de-musk"],"_links":{"self":[{"href":"https:\/\/losperiodistas.com.mx\/portal\/wp-json\/wp\/v2\/posts\/57460","targetHints":{"allow":["GET"]}}],"collection":[{"href":"https:\/\/losperiodistas.com.mx\/portal\/wp-json\/wp\/v2\/posts"}],"about":[{"href":"https:\/\/losperiodistas.com.mx\/portal\/wp-json\/wp\/v2\/types\/post"}],"author":[{"embeddable":true,"href":"https:\/\/losperiodistas.com.mx\/portal\/wp-json\/wp\/v2\/users\/1"}],"replies":[{"embeddable":true,"href":"https:\/\/losperiodistas.com.mx\/portal\/wp-json\/wp\/v2\/comments?post=57460"}],"version-history":[{"count":1,"href":"https:\/\/losperiodistas.com.mx\/portal\/wp-json\/wp\/v2\/posts\/57460\/revisions"}],"predecessor-version":[{"id":57462,"href":"https:\/\/losperiodistas.com.mx\/portal\/wp-json\/wp\/v2\/posts\/57460\/revisions\/57462"}],"wp:featuredmedia":[{"embeddable":true,"href":"https:\/\/losperiodistas.com.mx\/portal\/wp-json\/wp\/v2\/media\/57461"}],"wp:attachment":[{"href":"https:\/\/losperiodistas.com.mx\/portal\/wp-json\/wp\/v2\/media?parent=57460"}],"wp:term":[{"taxonomy":"category","embeddable":true,"href":"https:\/\/losperiodistas.com.mx\/portal\/wp-json\/wp\/v2\/categories?post=57460"},{"taxonomy":"post_tag","embeddable":true,"href":"https:\/\/losperiodistas.com.mx\/portal\/wp-json\/wp\/v2\/tags?post=57460"}],"curies":[{"name":"wp","href":"https:\/\/api.w.org\/{rel}","templated":true}]}}