{"id":57457,"date":"2023-08-23T09:19:12","date_gmt":"2023-08-23T14:19:12","guid":{"rendered":"http:\/\/losperiodistas.com.mx\/portal\/?p=57457"},"modified":"2023-08-23T09:19:14","modified_gmt":"2023-08-23T14:19:14","slug":"lo-logro-mausan-confirma-que-congreso-de-mexico-organizara-audiencia-sobre-e-fenomeno-ovni-diario-basta","status":"publish","type":"post","link":"https:\/\/losperiodistas.com.mx\/portal\/lo-logro-mausan-confirma-que-congreso-de-mexico-organizara-audiencia-sobre-e-fenomeno-ovni-diario-basta\/","title":{"rendered":"\u00a1Lo logr\u00f3! Mausan  confirma que Congreso de M\u00e9xico organizar\u00e1 audiencia sobre e fen\u00f3meno OVNI | Diario Basta"},"content":{"rendered":"\n<p><a target=\"_blank\" rel=\"noreferrer noopener\"><\/a><\/p>\n\n\n\n<p class=\"has-background has-medium-font-size\" style=\"background-color:#88e0f2\"><strong>Jaime Maussan anunci\u00f3 que la sesi\u00f3n sobre el fen\u00f3meno OVNI ser\u00e1 en septiembre y asistir\u00e1 Ryan Graves, expiloto estadunidense que jur\u00f3 que su pa\u00eds posee naves y restos de seres no humanos.<\/strong><\/p>\n\n\n\n<figure class=\"wp-block-image size-full is-style-default\"><img fetchpriority=\"high\" decoding=\"async\" width=\"834\" height=\"501\" src=\"https:\/\/losperiodistas.com.mx\/portal\/wp-content\/uploads\/2023\/08\/jaime.jpg\" alt=\"\" class=\"wp-image-57458\" srcset=\"https:\/\/losperiodistas.com.mx\/portal\/wp-content\/uploads\/2023\/08\/jaime.jpg 834w, https:\/\/losperiodistas.com.mx\/portal\/wp-content\/uploads\/2023\/08\/jaime-300x180.jpg 300w, https:\/\/losperiodistas.com.mx\/portal\/wp-content\/uploads\/2023\/08\/jaime-768x461.jpg 768w\" sizes=\"(max-width: 834px) 100vw, 834px\" \/><\/figure>\n\n\n\n<p><\/p>\n\n\n\n<p class=\"has-vivid-red-color has-text-color has-medium-font-size\"><strong>REDACCI\u00d3N DIARIO BASTA<\/strong><\/p>\n\n\n\n<p>CIUDAD DE M\u00c9XICO. \u2013 El periodista y uf\u00f3logo&nbsp;<strong>Jaime Maussan<\/strong>, confirm\u00f3 en redes sociales que&nbsp;<strong>Congreso de M\u00e9xico&nbsp;<\/strong>ser\u00e1 sede de una sesi\u00f3n informativa sobre objetos voladores no identificados, tradicionalmente conocidos como&nbsp;<strong>OVNIS<\/strong>.<\/p>\n\n\n\n<p>La cita ser\u00e1 el\u00a0<strong>pr\u00f3ximo martes 12 de septiembre<\/strong>\u00a0a las 4:00 de la tarde.<\/p>\n\n\n\n<figure class=\"wp-block-embed is-type-rich is-provider-twitter wp-block-embed-twitter\"><div class=\"wp-block-embed__wrapper\">\n<blockquote class=\"twitter-tweet\" data-width=\"500\" data-dnt=\"true\"><p lang=\"es\" dir=\"ltr\"><a href=\"https:\/\/twitter.com\/hashtag\/%C3%9Altimahora?src=hash&amp;ref_src=twsrc%5Etfw\">#\u00daltimahora<\/a>: La C\u00e1mara de Diputados del H. Congreso de la Uni\u00f3n de <a href=\"https:\/\/twitter.com\/hashtag\/M%C3%A9xico?src=hash&amp;ref_src=twsrc%5Etfw\">#M\u00e9xico<\/a> confirma al Mundo la Audiencia P\u00fablica sobre Fen\u00f3menos An\u00f3malos No Identificados UAP &#8211; OVNI con Ryan Graves; <a href=\"https:\/\/twitter.com\/Sergeluna_S?ref_src=twsrc%5Etfw\">@Sergeluna_S<\/a>.<a href=\"https:\/\/twitter.com\/uncertainvector?ref_src=twsrc%5Etfw\">@uncertainvector<\/a>, <a href=\"https:\/\/twitter.com\/RonyVernet?ref_src=twsrc%5Etfw\">@RonyVernet<\/a>, <a href=\"https:\/\/twitter.com\/keptycho?ref_src=twsrc%5Etfw\">@keptycho<\/a>, <a href=\"https:\/\/twitter.com\/asakawayosiharu?ref_src=twsrc%5Etfw\">@asakawayosiharu<\/a>. Cc. <a href=\"https:\/\/twitter.com\/ChrisKMellon?ref_src=twsrc%5Etfw\">@ChrisKMellon<\/a> <a href=\"https:\/\/t.co\/129g0sr89v\">pic.twitter.com\/129g0sr89v<\/a><\/p>&mdash; Jaime Maussan (@jaimemaussan1) <a href=\"https:\/\/twitter.com\/jaimemaussan1\/status\/1694145690270887973?ref_src=twsrc%5Etfw\">August 23, 2023<\/a><\/blockquote><script async src=\"https:\/\/platform.twitter.com\/widgets.js\" charset=\"utf-8\"><\/script>\n<\/div><\/figure>\n\n\n\n<blockquote class=\"wp-block-quote is-layout-flow wp-block-quote-is-layout-flow\"><p>Por primera vez en la historia de M\u00e9xico se realizar\u00e1 un evento esta naturaleza\u201d, celebr\u00f3 el investigador.<\/p><\/blockquote>\n\n\n\n<p>Confirm\u00f3\u00a0<strong>Jaime<\/strong>\u00a0que estar\u00e1 presente\u00a0<strong>Ryan Graves, expiloto de la Armada de Estados Unidos,\u00a0<\/strong>que el pasado mes de julio jur\u00f3 ante el Congreso de EUA, que el Gobierno cuenta con un programa secreto con el que captura recupera y presuntos fen\u00f3menos a\u00e9reos no identificados (UPA, por sus siglas en ingl\u00e9s).<\/p>\n\n\n\n<h2 class=\"wp-block-heading\">\u201cNo estamos solos\u201d<\/h2>\n\n\n\n<p><strong>Jaime Maussan,&nbsp;<\/strong>public\u00f3 un video en sus redes sociales el pasado 27 de julio donde celebr\u00f3 que el Congreso de Estados Unidos habl\u00f3 sobre las revelaciones de los OVNI\u2019s a nivel mundial.<\/p>\n\n\n\n<p>\u201cEste 26 de julio ser\u00e1 recordado como un d\u00eda hist\u00f3rico, un verdadero parteaguas en la historia de la humanidad, sin duda se trata de una de las noticias m\u00e1s importantes que se hayan generado en toda la historia de los seres humanos\u201d.<\/p>\n\n\n\n<p>\u201cEs decir la certeza de que estamos siendo visitados, de que los Estados Unidos tienen naves recuperadas, tienen cuerpos recuperados, de que la tecnolog\u00eda que est\u00e1n enfrentando los pilotos de combate pues es realmente muy superior a la tecnolog\u00eda humana\u201d.<\/p>\n\n\n\n<p>\u201cEl testimonio dado tanto por David Grush, David Frevor y Ryan Graves, ser\u00e1 recordado por todos los tiempos ya que finalmente ha abierto a todos los medios de comunicaci\u00f3n y a un sinn\u00famero de personas que permanec\u00edan esc\u00e9pticas ante la posibilidad de considerar que estamos siendo visitados\u201d.<\/p>\n\n\n\n<p>Fuente: <a href=\"https:\/\/diariobasta.com\/2023\/08\/22\/jaime-maussan-confirma-congreso-mexico-organizara-audiencia-fenomeno-ovni\/\">https:\/\/diariobasta.com\/2023\/08\/22\/jaime-maussan-confirma-congreso-mexico-organizara-audiencia-fenomeno-ovni\/<\/a><\/p>\n","protected":false},"excerpt":{"rendered":"<p>Jaime Maussan anunci\u00f3 que la sesi\u00f3n sobre el fen\u00f3meno OVNI ser\u00e1 en septiembre y asistir\u00e1 Ryan Graves, expiloto estadunidense que [&hellip;]<\/p>\n","protected":false},"author":1,"featured_media":57458,"comment_status":"open","ping_status":"open","sticky":false,"template":"","format":"standard","meta":{"site-sidebar-layout":"default","site-content-layout":"","ast-site-content-layout":"default","site-content-style":"default","site-sidebar-style":"default","ast-global-header-display":"","ast-banner-title-visibility":"","ast-main-header-display":"","ast-hfb-above-header-display":"","ast-hfb-below-header-display":"","ast-hfb-mobile-header-display":"","site-post-title":"","ast-breadcrumbs-content":"","ast-featured-img":"","footer-sml-layout":"","theme-transparent-header-meta":"","adv-header-id-meta":"","stick-header-meta":"","header-above-stick-meta":"","header-main-stick-meta":"","header-below-stick-meta":"","astra-migrate-meta-layouts":"default","ast-page-background-enabled":"default","ast-page-background-meta":{"desktop":{"background-color":"var(--ast-global-color-4)","background-image":"","background-repeat":"repeat","background-position":"center center","background-size":"auto","background-attachment":"scroll","background-type":"","background-media":"","overlay-type":"","overlay-color":"","overlay-opacity":"","overlay-gradient":""},"tablet":{"background-color":"","background-image":"","background-repeat":"repeat","background-position":"center center","background-size":"auto","background-attachment":"scroll","background-type":"","background-media":"","overlay-type":"","overlay-color":"","overlay-opacity":"","overlay-gradient":""},"mobile":{"background-color":"","background-image":"","background-repeat":"repeat","background-position":"center center","background-size":"auto","background-attachment":"scroll","background-type":"","background-media":"","overlay-type":"","overlay-color":"","overlay-opacity":"","overlay-gradient":""}},"ast-content-background-meta":{"desktop":{"background-color":"var(--ast-global-color-5)","background-image":"","background-repeat":"repeat","background-position":"center center","background-size":"auto","background-attachment":"scroll","background-type":"","background-media":"","overlay-type":"","overlay-color":"","overlay-opacity":"","overlay-gradient":""},"tablet":{"background-color":"var(--ast-global-color-5)","background-image":"","background-repeat":"repeat","background-position":"center center","background-size":"auto","background-attachment":"scroll","background-type":"","background-media":"","overlay-type":"","overlay-color":"","overlay-opacity":"","overlay-gradient":""},"mobile":{"background-color":"var(--ast-global-color-5)","background-image":"","background-repeat":"repeat","background-position":"center center","background-size":"auto","background-attachment":"scroll","background-type":"","background-media":"","overlay-type":"","overlay-color":"","overlay-opacity":"","overlay-gradient":""}},"footnotes":""},"categories":[8],"tags":[18350,18349,18351],"class_list":["post-57457","post","type-post","status-publish","format-standard","has-post-thumbnail","hentry","category-noticias","tag-audiencias-congreso-fenomeno-ovni","tag-jaime-mausan","tag-upa"],"_links":{"self":[{"href":"https:\/\/losperiodistas.com.mx\/portal\/wp-json\/wp\/v2\/posts\/57457","targetHints":{"allow":["GET"]}}],"collection":[{"href":"https:\/\/losperiodistas.com.mx\/portal\/wp-json\/wp\/v2\/posts"}],"about":[{"href":"https:\/\/losperiodistas.com.mx\/portal\/wp-json\/wp\/v2\/types\/post"}],"author":[{"embeddable":true,"href":"https:\/\/losperiodistas.com.mx\/portal\/wp-json\/wp\/v2\/users\/1"}],"replies":[{"embeddable":true,"href":"https:\/\/losperiodistas.com.mx\/portal\/wp-json\/wp\/v2\/comments?post=57457"}],"version-history":[{"count":1,"href":"https:\/\/losperiodistas.com.mx\/portal\/wp-json\/wp\/v2\/posts\/57457\/revisions"}],"predecessor-version":[{"id":57459,"href":"https:\/\/losperiodistas.com.mx\/portal\/wp-json\/wp\/v2\/posts\/57457\/revisions\/57459"}],"wp:featuredmedia":[{"embeddable":true,"href":"https:\/\/losperiodistas.com.mx\/portal\/wp-json\/wp\/v2\/media\/57458"}],"wp:attachment":[{"href":"https:\/\/losperiodistas.com.mx\/portal\/wp-json\/wp\/v2\/media?parent=57457"}],"wp:term":[{"taxonomy":"category","embeddable":true,"href":"https:\/\/losperiodistas.com.mx\/portal\/wp-json\/wp\/v2\/categories?post=57457"},{"taxonomy":"post_tag","embeddable":true,"href":"https:\/\/losperiodistas.com.mx\/portal\/wp-json\/wp\/v2\/tags?post=57457"}],"curies":[{"name":"wp","href":"https:\/\/api.w.org\/{rel}","templated":true}]}}