{"id":57448,"date":"2023-08-23T08:49:10","date_gmt":"2023-08-23T13:49:10","guid":{"rendered":"http:\/\/losperiodistas.com.mx\/portal\/?p=57448"},"modified":"2023-08-23T08:49:12","modified_gmt":"2023-08-23T13:49:12","slug":"ultima-hora-india-consigue-alunizar-en-el-punto-mas-meridional-de-la-luna-euronews","status":"publish","type":"post","link":"https:\/\/losperiodistas.com.mx\/portal\/ultima-hora-india-consigue-alunizar-en-el-punto-mas-meridional-de-la-luna-euronews\/","title":{"rendered":"\u00daltima hora.\u00a0India consigue alunizar en el punto m\u00e1s meridional de la Luna | Euronews"},"content":{"rendered":"\n<p class=\"has-pale-cyan-blue-background-color has-background has-medium-font-size\"><strong>La India ha logrado alunizar tras 20 minutos de maniobra. Lo ha conseguido d\u00edas despu\u00e9s de que la nave rusa Luna 25 se estrellara en la zona sur del sat\u00e9lite.<\/strong><\/p>\n\n\n\n<figure class=\"wp-block-image size-large is-style-default\"><img fetchpriority=\"high\" decoding=\"async\" width=\"1024\" height=\"574\" src=\"https:\/\/losperiodistas.com.mx\/portal\/wp-content\/uploads\/2023\/08\/Captura-de-Pantalla-2023-08-23-a-las-7.44.32-1024x574.jpg\" alt=\"\" class=\"wp-image-57449\" srcset=\"https:\/\/losperiodistas.com.mx\/portal\/wp-content\/uploads\/2023\/08\/Captura-de-Pantalla-2023-08-23-a-las-7.44.32-1024x574.jpg 1024w, https:\/\/losperiodistas.com.mx\/portal\/wp-content\/uploads\/2023\/08\/Captura-de-Pantalla-2023-08-23-a-las-7.44.32-300x168.jpg 300w, https:\/\/losperiodistas.com.mx\/portal\/wp-content\/uploads\/2023\/08\/Captura-de-Pantalla-2023-08-23-a-las-7.44.32-768x431.jpg 768w, https:\/\/losperiodistas.com.mx\/portal\/wp-content\/uploads\/2023\/08\/Captura-de-Pantalla-2023-08-23-a-las-7.44.32-1536x861.jpg 1536w, https:\/\/losperiodistas.com.mx\/portal\/wp-content\/uploads\/2023\/08\/Captura-de-Pantalla-2023-08-23-a-las-7.44.32.jpg 1698w\" sizes=\"(max-width: 1024px) 100vw, 1024px\" \/><figcaption>Momento del alunizaje\u00a0&#8211;\u00a0Derechos de autor\u00a0Aijaz Rahi\/Copyright 2023 The AP. All rights reserved<\/figcaption><\/figure>\n\n\n\n<p class=\"has-vivid-red-color has-text-color has-medium-font-size\"><strong>EFE \/ EURONEWS<\/strong><\/p>\n\n\n\n<p>La misi\u00f3n espacial de la India Chandrayaan-3 aluniz\u00f3 con \u00e9xito en el polo sur de la Luna, tras una compleja maniobra de descenso sobre la superficie de la cara m\u00e1s meridional del sat\u00e9lite, nunca antes explorada.&nbsp;Chandrayaan-3 ha necesitado 40 d\u00edas para su recorrido desde que despeg\u00f3 el pasado 14 de julio con el cohete de lanzamiento m\u00e1s grande y pesado de la India.<\/p>\n\n\n\n<p>La Organizaci\u00f3n India de Investigaci\u00f3n Espacial (ISRO) comenz\u00f3 a las 17.44 horas (12.14 GMT), las maniobras cruciales del aterrizaje se han hecho con el m\u00f3dulo \u00abVikram\u00bb, nombre que se traduce como \u00abvaleroso\u00bb. Lo ha hecho durante un recorrido final de unos 25 kil\u00f3metros durante 20 minutos de expectaci\u00f3n.<\/p>\n\n\n\n<p>De acuerdo con el jefe de ISRO, Sreedhara Somanath, esta ha sido la parte \u00abm\u00e1s cr\u00edtica del aterrizaje\u00bb.<\/p>\n\n\n\n<p>En este paso, la velocidad de aterrizaje es de unos 1,68 km por segundo, con el Chandrayaan-3 en posici\u00f3n horizontal se ha pasado a la posici\u00f3n vertical durante el descenso.<\/p>\n\n\n\n<p>\u00abEs un c\u00e1lculo muy interesante desde el punto de vista matem\u00e1tico. Hemos hecho muchas simulaciones. Es aqu\u00ed donde tuvimos el problema la \u00faltima vez\u00bb, dijo Somanath para explicar las razones que llevaron al fracaso de la misi\u00f3n anterior.<\/p>\n\n\n\n<p>Chandrayaan-3 ha necesitado de 40 d\u00edas para su recorrido desde que despeg\u00f3 el pasado 14 de julio con el cohete de lanzamiento m\u00e1s grande y pesado de la India.<\/p>\n\n\n\n<p>A pesar de este impulso la propulsi\u00f3n de la misi\u00f3n no fue suficiente para ser enviada a un punto directo de la Luna, por lo que la misi\u00f3n india tom\u00f3 un recorrido m\u00e1s largo que le llev\u00f3 a orbitar por varios d\u00edas la Tierra, y luego la Luna, hasta lograr su posici\u00f3n.<\/p>\n\n\n\n<p>Fuente: <a href=\"https:\/\/es.euronews.com\/next\/2023\/08\/23\/india-consigue-alunizar-en-el-punto-mas-meridional-de-la-luna\">https:\/\/es.euronews.com\/next\/2023\/08\/23\/india-consigue-alunizar-en-el-punto-mas-meridional-de-la-luna<\/a><\/p>\n","protected":false},"excerpt":{"rendered":"<p>La India ha logrado alunizar tras 20 minutos de maniobra. Lo ha conseguido d\u00edas despu\u00e9s de que la nave rusa [&hellip;]<\/p>\n","protected":false},"author":1,"featured_media":57449,"comment_status":"open","ping_status":"open","sticky":false,"template":"","format":"standard","meta":{"site-sidebar-layout":"default","site-content-layout":"","ast-site-content-layout":"default","site-content-style":"default","site-sidebar-style":"default","ast-global-header-display":"","ast-banner-title-visibility":"","ast-main-header-display":"","ast-hfb-above-header-display":"","ast-hfb-below-header-display":"","ast-hfb-mobile-header-display":"","site-post-title":"","ast-breadcrumbs-content":"","ast-featured-img":"","footer-sml-layout":"","theme-transparent-header-meta":"","adv-header-id-meta":"","stick-header-meta":"","header-above-stick-meta":"","header-main-stick-meta":"","header-below-stick-meta":"","astra-migrate-meta-layouts":"default","ast-page-background-enabled":"default","ast-page-background-meta":{"desktop":{"background-color":"var(--ast-global-color-4)","background-image":"","background-repeat":"repeat","background-position":"center center","background-size":"auto","background-attachment":"scroll","background-type":"","background-media":"","overlay-type":"","overlay-color":"","overlay-opacity":"","overlay-gradient":""},"tablet":{"background-color":"","background-image":"","background-repeat":"repeat","background-position":"center center","background-size":"auto","background-attachment":"scroll","background-type":"","background-media":"","overlay-type":"","overlay-color":"","overlay-opacity":"","overlay-gradient":""},"mobile":{"background-color":"","background-image":"","background-repeat":"repeat","background-position":"center center","background-size":"auto","background-attachment":"scroll","background-type":"","background-media":"","overlay-type":"","overlay-color":"","overlay-opacity":"","overlay-gradient":""}},"ast-content-background-meta":{"desktop":{"background-color":"var(--ast-global-color-5)","background-image":"","background-repeat":"repeat","background-position":"center center","background-size":"auto","background-attachment":"scroll","background-type":"","background-media":"","overlay-type":"","overlay-color":"","overlay-opacity":"","overlay-gradient":""},"tablet":{"background-color":"var(--ast-global-color-5)","background-image":"","background-repeat":"repeat","background-position":"center center","background-size":"auto","background-attachment":"scroll","background-type":"","background-media":"","overlay-type":"","overlay-color":"","overlay-opacity":"","overlay-gradient":""},"mobile":{"background-color":"var(--ast-global-color-5)","background-image":"","background-repeat":"repeat","background-position":"center center","background-size":"auto","background-attachment":"scroll","background-type":"","background-media":"","overlay-type":"","overlay-color":"","overlay-opacity":"","overlay-gradient":""}},"footnotes":""},"categories":[8],"tags":[18158,18347],"class_list":["post-57448","post","type-post","status-publish","format-standard","has-post-thumbnail","hentry","category-noticias","tag-alunizaje","tag-india-chandrayaan-3"],"_links":{"self":[{"href":"https:\/\/losperiodistas.com.mx\/portal\/wp-json\/wp\/v2\/posts\/57448","targetHints":{"allow":["GET"]}}],"collection":[{"href":"https:\/\/losperiodistas.com.mx\/portal\/wp-json\/wp\/v2\/posts"}],"about":[{"href":"https:\/\/losperiodistas.com.mx\/portal\/wp-json\/wp\/v2\/types\/post"}],"author":[{"embeddable":true,"href":"https:\/\/losperiodistas.com.mx\/portal\/wp-json\/wp\/v2\/users\/1"}],"replies":[{"embeddable":true,"href":"https:\/\/losperiodistas.com.mx\/portal\/wp-json\/wp\/v2\/comments?post=57448"}],"version-history":[{"count":1,"href":"https:\/\/losperiodistas.com.mx\/portal\/wp-json\/wp\/v2\/posts\/57448\/revisions"}],"predecessor-version":[{"id":57450,"href":"https:\/\/losperiodistas.com.mx\/portal\/wp-json\/wp\/v2\/posts\/57448\/revisions\/57450"}],"wp:featuredmedia":[{"embeddable":true,"href":"https:\/\/losperiodistas.com.mx\/portal\/wp-json\/wp\/v2\/media\/57449"}],"wp:attachment":[{"href":"https:\/\/losperiodistas.com.mx\/portal\/wp-json\/wp\/v2\/media?parent=57448"}],"wp:term":[{"taxonomy":"category","embeddable":true,"href":"https:\/\/losperiodistas.com.mx\/portal\/wp-json\/wp\/v2\/categories?post=57448"},{"taxonomy":"post_tag","embeddable":true,"href":"https:\/\/losperiodistas.com.mx\/portal\/wp-json\/wp\/v2\/tags?post=57448"}],"curies":[{"name":"wp","href":"https:\/\/api.w.org\/{rel}","templated":true}]}}