{"id":57442,"date":"2023-08-23T08:00:00","date_gmt":"2023-08-23T13:00:00","guid":{"rendered":"http:\/\/losperiodistas.com.mx\/portal\/?p=57442"},"modified":"2023-08-23T08:00:05","modified_gmt":"2023-08-23T13:00:05","slug":"mexico-recupera-un-incensario-origen-prehispanico-en-texas-la-lista","status":"publish","type":"post","link":"https:\/\/losperiodistas.com.mx\/portal\/mexico-recupera-un-incensario-origen-prehispanico-en-texas-la-lista\/","title":{"rendered":"M\u00e9xico recupera un incensario origen prehisp\u00e1nico en Texas | La-Lista"},"content":{"rendered":"\n<p class=\"has-medium-font-size\">La pieza de barro es similar a otras que descubrieron en Palenque, Chiapas.<\/p>\n\n\n\n<figure class=\"wp-block-image size-large is-style-default\"><img fetchpriority=\"high\" decoding=\"async\" width=\"1024\" height=\"631\" src=\"https:\/\/losperiodistas.com.mx\/portal\/wp-content\/uploads\/2023\/08\/mexico_incensario_prehispanico_texas_1-1024x631.jpg\" alt=\"\" class=\"wp-image-57443\" srcset=\"https:\/\/losperiodistas.com.mx\/portal\/wp-content\/uploads\/2023\/08\/mexico_incensario_prehispanico_texas_1-1024x631.jpg 1024w, https:\/\/losperiodistas.com.mx\/portal\/wp-content\/uploads\/2023\/08\/mexico_incensario_prehispanico_texas_1-300x185.jpg 300w, https:\/\/losperiodistas.com.mx\/portal\/wp-content\/uploads\/2023\/08\/mexico_incensario_prehispanico_texas_1-768x473.jpg 768w, https:\/\/losperiodistas.com.mx\/portal\/wp-content\/uploads\/2023\/08\/mexico_incensario_prehispanico_texas_1.jpg 1201w\" sizes=\"(max-width: 1024px) 100vw, 1024px\" \/><figcaption>M\u00e9xico recupera un incensario origen prehisp\u00e1nico que estaba en Texas. Foto: Secretar\u00eda de Cultura<\/figcaption><\/figure>\n\n\n\n<p class=\"has-vivid-red-color has-text-color has-medium-font-size\"><strong>REDACCI\u00d3N LA-LISTA<\/strong><\/p>\n\n\n\n<p><strong>M\u00e9xico&nbsp;<\/strong>recuper\u00f3 un&nbsp;<strong>incensario cil\u00edndrico de origen prehisp\u00e1nico<\/strong>, que se hallaba en el centro de Texas, Estados Unidos, y que por sus caracter\u00edsticas se estima que&nbsp;<strong>data de entre 500 y 700 d.C.<\/strong>, inform\u00f3 este lunes el Instituto Nacional de Antropolog\u00eda e Historia (INAH).<\/p>\n\n\n\n<p>La pieza, elaborada en barro, es similar a otras que se hallaron en la\u00a0<strong>zona arqueol\u00f3gica de Palenque<\/strong>, Chiapas.<\/p>\n\n\n\n<p class=\"has-cyan-bluish-gray-background-color has-background\">No te pierdas:<a href=\"https:\/\/la-lista.com\/cultura\/2023\/08\/20\/conoce-el-patrimonio-cultural-inmaterial-de-mexico-y-su-importancia-en-el-mundo\">Conoce el Patrimonio Cultural Inmaterial de M\u00e9xico y su importancia en el mundo<\/a><\/p>\n\n\n\n<p>De acuerdo con el dictamen en materia de arqueolog\u00eda, emitido por especialistas del INAH, se trata de un incensario cil\u00edndrico elaborado en barro y la pieza forma parte del&nbsp;<strong>patrimonio cultural de M\u00e9xico<\/strong>, por lo que se encuentra bajo la protecci\u00f3n que brinda la&nbsp;<strong>Ley Federal sobre Monumentos y Zonas Arqueol\u00f3gicos, Art\u00edsticos e Hist\u00f3ricos<\/strong>.<\/p>\n\n\n\n<figure class=\"wp-block-image is-style-default\"><img decoding=\"async\" src=\"https:\/\/i0.wp.com\/la-lista.com\/wp-content\/uploads\/2023\/08\/mexico_incensario_prehispanico_texas_.jpg?resize=800%2C493&amp;ssl=1\" alt=\"M\u00e9xico recupera un incensario origen prehisp\u00e1nico en Texas - mexico_incensario_prehispanico_texas_\" class=\"wp-image-475313\"\/><figcaption>Se estima que la pieza recuperada data de entre 500 y 700 d.C. Foto: Secretar\u00eda de Cultura<\/figcaption><\/figure>\n\n\n\n<p>El INAH explic\u00f3 en un comunicado que el c\u00f3nsul general,&nbsp;<strong>Pablo Marentes<\/strong>, present\u00f3 el incensario. En ese acto se realiz\u00f3 el&nbsp;<strong>proceso de devoluci\u00f3n por parte de la se\u00f1ora Crystal Orlando<\/strong>, quien localiz\u00f3 el objeto arqueol\u00f3gico y decidi\u00f3 entregarlo al Consulado General de M\u00e9xico en Austin.<\/p>\n\n\n\n<p>Las autoridades indicaron que\u00a0<strong>en fecha pr\u00f3xima la pieza ser\u00e1 repatriada a M\u00e9xico\u00a0<\/strong>y, posteriormente, la Consultor\u00eda Jur\u00eddica de la\u00a0<strong>Secretar\u00eda de Relaciones Exteriores\u00a0<\/strong>(SRE) har\u00e1 su entrega al INAH para su debido resguardo, estudio, an\u00e1lisis y conservaci\u00f3n.<\/p>\n\n\n\n<p>No te pierdas:<a href=\"https:\/\/la-lista.com\/mexico\/2023\/08\/02\/inah-descubre-asentamiento-prehispanico-en-la-costa-grande-de-guerrero\">INAH descubre asentamiento prehisp\u00e1nico en la Costa Grande de Guerrero<\/a><\/p>\n\n\n\n<p>La\u00a0<strong>presentaci\u00f3n de la pieza\u00a0<\/strong>se llev\u00f3 a cabo junto con una muestra cultural abierta al p\u00fablico, en la que se inaugur\u00f3 la\u00a0<strong>exhibici\u00f3n de fotograf\u00edas\u00a0<\/strong><em>Mi sangre<\/em>, del artista\u00a0<strong>Roj Rodriguez<\/strong>, la cual permanecer\u00e1 en la galer\u00eda del Consulado General de M\u00e9xico en Austin hasta octubre.<\/p>\n\n\n\n<figure class=\"wp-block-embed is-type-rich is-provider-twitter wp-block-embed-twitter\"><div class=\"wp-block-embed__wrapper\">\n<blockquote class=\"twitter-tweet\" data-width=\"500\" data-dnt=\"true\"><p lang=\"es\" dir=\"ltr\">\ud83d\udcc4El Gobierno de M\u00e9xico recupera incensario cil\u00edndrico de origen prehisp\u00e1nico, ubicado en el centro de Texas, Estados Unidos.<a href=\"https:\/\/t.co\/ap2Xivcn7D\">https:\/\/t.co\/ap2Xivcn7D<\/a> <a href=\"https:\/\/t.co\/JXVTJaTyY8\">pic.twitter.com\/JXVTJaTyY8<\/a><\/p>&mdash; Relaciones Exteriores (@SRE_mx) <a href=\"https:\/\/twitter.com\/SRE_mx\/status\/1693787696161042722?ref_src=twsrc%5Etfw\">August 22, 2023<\/a><\/blockquote><script async src=\"https:\/\/platform.twitter.com\/widgets.js\" charset=\"utf-8\"><\/script>\n<\/div><\/figure>\n\n\n\n<p>Durante la Administraci\u00f3n de&nbsp;<strong>Andr\u00e9s Manuel L\u00f3pez Obrador<\/strong>, M\u00e9xico ha recuperado del extranjero m\u00e1s de&nbsp;<strong>11 mil 500 piezas&nbsp;<\/strong>que considera patrimonio nacional.<\/p>\n\n\n\n<p><em>Con informaci\u00f3n de EFE<\/em><\/p>\n","protected":false},"excerpt":{"rendered":"<p>La pieza de barro es similar a otras que descubrieron en Palenque, Chiapas. REDACCI\u00d3N LA-LISTA M\u00e9xico&nbsp;recuper\u00f3 un&nbsp;incensario cil\u00edndrico de origen [&hellip;]<\/p>\n","protected":false},"author":1,"featured_media":57443,"comment_status":"open","ping_status":"open","sticky":false,"template":"","format":"standard","meta":{"site-sidebar-layout":"default","site-content-layout":"","ast-site-content-layout":"default","site-content-style":"default","site-sidebar-style":"default","ast-global-header-display":"","ast-banner-title-visibility":"","ast-main-header-display":"","ast-hfb-above-header-display":"","ast-hfb-below-header-display":"","ast-hfb-mobile-header-display":"","site-post-title":"","ast-breadcrumbs-content":"","ast-featured-img":"","footer-sml-layout":"","theme-transparent-header-meta":"","adv-header-id-meta":"","stick-header-meta":"","header-above-stick-meta":"","header-main-stick-meta":"","header-below-stick-meta":"","astra-migrate-meta-layouts":"default","ast-page-background-enabled":"default","ast-page-background-meta":{"desktop":{"background-color":"var(--ast-global-color-4)","background-image":"","background-repeat":"repeat","background-position":"center center","background-size":"auto","background-attachment":"scroll","background-type":"","background-media":"","overlay-type":"","overlay-color":"","overlay-opacity":"","overlay-gradient":""},"tablet":{"background-color":"","background-image":"","background-repeat":"repeat","background-position":"center center","background-size":"auto","background-attachment":"scroll","background-type":"","background-media":"","overlay-type":"","overlay-color":"","overlay-opacity":"","overlay-gradient":""},"mobile":{"background-color":"","background-image":"","background-repeat":"repeat","background-position":"center center","background-size":"auto","background-attachment":"scroll","background-type":"","background-media":"","overlay-type":"","overlay-color":"","overlay-opacity":"","overlay-gradient":""}},"ast-content-background-meta":{"desktop":{"background-color":"var(--ast-global-color-5)","background-image":"","background-repeat":"repeat","background-position":"center center","background-size":"auto","background-attachment":"scroll","background-type":"","background-media":"","overlay-type":"","overlay-color":"","overlay-opacity":"","overlay-gradient":""},"tablet":{"background-color":"var(--ast-global-color-5)","background-image":"","background-repeat":"repeat","background-position":"center center","background-size":"auto","background-attachment":"scroll","background-type":"","background-media":"","overlay-type":"","overlay-color":"","overlay-opacity":"","overlay-gradient":""},"mobile":{"background-color":"var(--ast-global-color-5)","background-image":"","background-repeat":"repeat","background-position":"center center","background-size":"auto","background-attachment":"scroll","background-type":"","background-media":"","overlay-type":"","overlay-color":"","overlay-opacity":"","overlay-gradient":""}},"footnotes":""},"categories":[8],"tags":[7521,18343,1037],"class_list":["post-57442","post","type-post","status-publish","format-standard","has-post-thumbnail","hentry","category-noticias","tag-arqueologia-mexico","tag-cilindro-prehispanico","tag-inah"],"_links":{"self":[{"href":"https:\/\/losperiodistas.com.mx\/portal\/wp-json\/wp\/v2\/posts\/57442","targetHints":{"allow":["GET"]}}],"collection":[{"href":"https:\/\/losperiodistas.com.mx\/portal\/wp-json\/wp\/v2\/posts"}],"about":[{"href":"https:\/\/losperiodistas.com.mx\/portal\/wp-json\/wp\/v2\/types\/post"}],"author":[{"embeddable":true,"href":"https:\/\/losperiodistas.com.mx\/portal\/wp-json\/wp\/v2\/users\/1"}],"replies":[{"embeddable":true,"href":"https:\/\/losperiodistas.com.mx\/portal\/wp-json\/wp\/v2\/comments?post=57442"}],"version-history":[{"count":1,"href":"https:\/\/losperiodistas.com.mx\/portal\/wp-json\/wp\/v2\/posts\/57442\/revisions"}],"predecessor-version":[{"id":57444,"href":"https:\/\/losperiodistas.com.mx\/portal\/wp-json\/wp\/v2\/posts\/57442\/revisions\/57444"}],"wp:featuredmedia":[{"embeddable":true,"href":"https:\/\/losperiodistas.com.mx\/portal\/wp-json\/wp\/v2\/media\/57443"}],"wp:attachment":[{"href":"https:\/\/losperiodistas.com.mx\/portal\/wp-json\/wp\/v2\/media?parent=57442"}],"wp:term":[{"taxonomy":"category","embeddable":true,"href":"https:\/\/losperiodistas.com.mx\/portal\/wp-json\/wp\/v2\/categories?post=57442"},{"taxonomy":"post_tag","embeddable":true,"href":"https:\/\/losperiodistas.com.mx\/portal\/wp-json\/wp\/v2\/tags?post=57442"}],"curies":[{"name":"wp","href":"https:\/\/api.w.org\/{rel}","templated":true}]}}