{"id":57437,"date":"2023-08-23T03:55:57","date_gmt":"2023-08-23T08:55:57","guid":{"rendered":"http:\/\/losperiodistas.com.mx\/portal\/?p=57437"},"modified":"2023-08-23T03:55:59","modified_gmt":"2023-08-23T08:55:59","slug":"por-que-miguel-bose-no-ha-denunciado-el-asalto-a-su-casa-y-robo-de-3-millones-de-euros-nius","status":"publish","type":"post","link":"https:\/\/losperiodistas.com.mx\/portal\/por-que-miguel-bose-no-ha-denunciado-el-asalto-a-su-casa-y-robo-de-3-millones-de-euros-nius\/","title":{"rendered":"Por qu\u00e9 Miguel Bos\u00e9 no ha denunciado el asalto a su casa y robo de 3 millones de euros\u00a0| NIUS"},"content":{"rendered":"\n<ul class=\"has-white-color has-vivid-cyan-blue-to-vivid-purple-gradient-background has-text-color has-background has-medium-font-size wp-block-list\"><li>El cantante no ha presentado denuncia formal por el atraco a su vivienda de M\u00e9xico, por parte de 10 encapuchados, ni permite la entrada a los investigadores<\/li><li>Un experto en seguridad internacional explica el motivo de peso del artista para dar el tema por zanjado. La Fiscal\u00eda tendr\u00eda dificultad para actuar de oficio<\/li><li>Se filtran las im\u00e1genes de los presuntos atracadores, saliendo de la casa con bolsas y en el coche del artista. \u00bfC\u00f3mo pudieron blindar el sistema de seguridad?<\/li><\/ul>\n\n\n\n<figure class=\"wp-block-image size-large\"><img fetchpriority=\"high\" decoding=\"async\" width=\"1024\" height=\"575\" src=\"https:\/\/losperiodistas.com.mx\/portal\/wp-content\/uploads\/2023\/08\/miguel-bose_be0f-1024x575.jpeg\" alt=\"\" class=\"wp-image-57438\" srcset=\"https:\/\/losperiodistas.com.mx\/portal\/wp-content\/uploads\/2023\/08\/miguel-bose_be0f-1024x575.jpeg 1024w, https:\/\/losperiodistas.com.mx\/portal\/wp-content\/uploads\/2023\/08\/miguel-bose_be0f-300x169.jpeg 300w, https:\/\/losperiodistas.com.mx\/portal\/wp-content\/uploads\/2023\/08\/miguel-bose_be0f-768x431.jpeg 768w, https:\/\/losperiodistas.com.mx\/portal\/wp-content\/uploads\/2023\/08\/miguel-bose_be0f.jpeg 1200w\" sizes=\"(max-width: 1024px) 100vw, 1024px\" \/><figcaption>Miguel Bos\u00e9 (archivo)<\/figcaption><\/figure>\n\n\n\n<p class=\"has-vivid-red-color has-text-color has-medium-font-size\"><strong>MIREYA MARR\u00d3N \/ NIUS<\/strong><\/p>\n\n\n\n<p>Este martes se han conocido m\u00e1s datos sobre el\u00a0<a href=\"https:\/\/www.niusdiario.es\/vida\/visto-oido\/20230821\/miguel-bose-asaltado-casa-hijos-robo-pistola_18_010280911.html\" target=\"_blank\" rel=\"noreferrer noopener\"><strong>atraco \u00abde pel\u00edcula\u00bb que Miguel Bos\u00e9\u00a0sufri\u00f3 en su casa de M\u00e9xico<\/strong><\/a>\u00a0el pasado viernes 18 de agosto, cuando\u00a0<strong>diez encapuchados armados irrumpieron en la vivienda<\/strong>,<strong>\u00a0maniatando a \u00e9l, sus dos hijos y el personal de servicio durante dos horas,<\/strong>\u00a0tal y como<a href=\"https:\/\/www.niusdiario.es\/vida\/visto-oido\/20230821\/miguel-bose-narra-asalto-casa-hijos-nos-tuvieron-atados_18_010286402.html\" target=\"_blank\" rel=\"noreferrer noopener\">\u00a0<strong>relat\u00f3 el propio cantante<\/strong><\/a><strong>,<\/strong>\u00a0y llev\u00e1ndose\u00a0<strong>joyas, una importante cantidad de dinero y una furgoneta\u00a0<\/strong>en la que\u00a0<strong>huyeron, junto al ch\u00f3fer del cantante, presuntamente amenazado,<\/strong>\u00a0tal y como muestran las<strong>\u00a0im\u00e1genes de las c\u00e1maras de seguridad\u00a0<\/strong>que difunden medios mexicanos, donde tambi\u00e9n se ve a\u00a0<strong>cuatro de los atracadores saliendo de la casa con bolsa<\/strong><\/p>\n\n\n\n<p><video src=\"https:\/\/rawvod.mediaset.es\/bitmovin\/36164dc7-126d-434b-8773-854305dd6900\/36164dc7-126d-434b-8773-854305dd6900.2475391.mp4\" preload=\"none\" poster=\"https:\/\/album.mediaset.es\/eimg\/2023\/08\/22\/se-filtran-las-imagenes-de-los-presuntos-atracadores-de-la-casa-de-miguel-bose-en-mexico_4721.jpg\"><\/p>\n\n\n\n<p>Se filtran las im\u00e1genes de los presuntos atracadores de la casa de Miguel Bos\u00e9 en M\u00e9xico<\/p>\n\n\n\n<p>La Fiscal\u00eda ya ha notificado el&nbsp;<strong>hallazgo de la camioneta robada para huir,<\/strong>&nbsp;mientras que&nbsp;<strong>el conductor fue abandonado en una zona cercana.<\/strong><\/p>\n\n\n\n<h3 class=\"wp-block-heading\"><strong>\u00bfD\u00f3nde vive Miguel Bos\u00e9?<\/strong><\/h3>\n\n\n\n<p>Un suceso rodeado a\u00fan de muchos interrogantes.\u00a0<strong>C\u00f3mo pudieron los asaltantes vulnerar el f\u00e9rreo sistema de seguridad de la urbanizaci\u00f3n de lujo (El Rancho San Francisco) en la que reside Bos\u00e9 en Ciudad de M\u00e9xico<\/strong>.<\/p>\n\n\n\n<blockquote class=\"wp-block-quote is-layout-flow wp-block-quote-is-layout-flow\"><p>Este es el exclusivo residencial Rancho San Francisco en la&nbsp;<a href=\"https:\/\/twitter.com\/hashtag\/CDMX?src=hash&amp;ref_src=twsrc%5Etfw\">#CDMX<\/a>, donde un comando amag\u00f3 y asalt\u00f3 al cantante Miguel Bos\u00e9 durante dos horas. Los asaltantes entraron y salieron de la casa sin que ninguno de los m\u00e1s de 30 elementos de seguridad lo impidieran.&nbsp;<a href=\"https:\/\/t.co\/dnubWDuliZ\">pic.twitter.com\/dnubWDuliZ<\/a>\u2014 Ciro G\u00f3mez Leyva (@CiroGomezL)&nbsp;<a href=\"https:\/\/twitter.com\/CiroGomezL\/status\/1693846483731177956?ref_src=twsrc%5Etfw\">22 de agosto de 2023<\/a><\/p><\/blockquote>\n\n\n\n<p>Y lo m\u00e1s llamativo,<strong>&nbsp;por qu\u00e9 el artista no ha presentado denuncia formal,&nbsp;<\/strong>a pesar de lo<strong>s 3,5 millones de d\u00f3lares (3,2 millones de euros) que le robaron<\/strong>, seg\u00fan ha trascendido en medios aztecas, y la&nbsp;<strong>dificultad que estar\u00eda poniendo a los investigadores<\/strong>&nbsp;para que lleven a cabo sus pesquisas.<\/p>\n\n\n\n<p>La Fiscal\u00eda General de Justicia de la Ciudad de M\u00e9xico ha informado que se ha abierto una carpeta de investigaci\u00f3n, aunque&nbsp;<strong>\u201chasta el momento ni la v\u00edctima y\/o su representante legal, ni la administraci\u00f3n del conjunto residencial donde ocurrieron los hechos, se han presentado a esta Fiscal\u00eda a denunciar el delito\u00bb,<\/strong>&nbsp;asegura la instancia en un comunicado.<\/p>\n\n\n\n<p>Adem\u00e1s, la Fiscal\u00eda a\u00f1ade que\u00a0<strong>agentes de la alcald\u00eda de \u00c1lvaro Obreg\u00f3n, donde vive Bos\u00e9, acudieron al lugar de los hechos,\u00a0<\/strong>pero\u00a0<strong>no se les permiti\u00f3 el acceso a la vivienda.<\/strong><\/p>\n\n\n\n<p>\u00abEsta ma\u00f1ana, se entabl\u00f3 conversaci\u00f3n con&nbsp;<strong>la administradora de la urbanizaci\u00f3n<\/strong>, quien mencion\u00f3 que<strong>&nbsp;el afectado no se encontraba en el domicilio y que no era deseo de ella dar ning\u00fan tipo de entrevista relacionada con los hechos\u00bb,<\/strong>&nbsp;ha comunicado la FGJ-CDMX, que ha&nbsp;<strong>invitado a Bos\u00e9 a presentar una \u00abdenuncia formal\u00bb por el hecho delictivo,&nbsp;<\/strong>que a\u00fan no se ha producido.<q>Es habitual que las bandas amenacen a las v\u00edctimas con volver a su casa si denuncian<\/q><\/p>\n\n\n\n<h3 class=\"wp-block-heading\"><strong>\u00bfPor qu\u00e9 no ha denunciado Miguel Bos\u00e9 el hecho delictivo?<\/strong><\/h3>\n\n\n\n<p>Una pregunta que hoy respond\u00edan varios expertos consultados en las tertulias de televisi\u00f3n que analizan el tema.<strong>&nbsp;Jos\u00e9 F\u00e9lix Ramajo, especialista en seguridad internacional,&nbsp;<\/strong>tiene claro, por su experiencia, que el motivo por el que el cantante prefiere dar el tema por zanjado y no denunciar es el<strong>&nbsp;\u00abmiedo\u00bb a represalias de los asaltantes. \u201cEs muy habitual en robos de bandas especializadas de este tipo, que amenacen a las v\u00edctimas con volver a su casa y hacer da\u00f1o a \u00e9l o su familia si denuncian\u201d,&nbsp;<\/strong>ha dicho este experto en declaraciones al programa<em>&nbsp;As\u00ed es la vida<\/em>&nbsp;(Telecinco). Una teor\u00eda, la del \u00abmiedo\u00bb, que comparte el periodista Juan&nbsp;<strong>Luis Galiacho (<\/strong><em><strong>Cuatro al d\u00eda<\/strong><\/em><strong>).<\/strong><\/p>\n\n\n\n<p><strong>Esto explicar\u00eda que el cantante no quisiera dar detalles concretos de lo sucedido&nbsp;<\/strong>en su casa, m\u00e1s all\u00e1 de confirmar la noticia en sus redes sociales, asegurando que fue&nbsp;<strong>\u00abtodo muy tenso, delicado y desagradable\u00bb,<\/strong>&nbsp;o que hubiera&nbsp;<strong>tardado en avisar a su ex, Nacho Palau, o sus hermanas del dram\u00e1tico suceso<\/strong>, del que al parecer<strong>&nbsp;se enteraron primeramente por la prensa.<\/strong><\/p>\n\n\n\n<h3 class=\"wp-block-heading\">\u00bfC\u00f3mo pudieron los asaltantes blindar su sistema de seguridad?<\/h3>\n\n\n\n<p>El m\u00fasico de 67 a\u00f1os explic\u00f3 en Instagram que hab\u00eda sido&nbsp;<strong>un asalto \u00abmuy estudiado y milimetrado\u00bb.&nbsp;<\/strong>A este respecto, todo apunta -y as\u00ed lo cree tambi\u00e9n Ramajo-, que un robo de este calibre, donde<strong>&nbsp;los asaltantes escalaron un barranco de 30 metros sin ser advertidos y consiguieron desactivar el sistema de seguridad<\/strong>, solo pudo producirse con&nbsp;<strong>ayuda de alguien del equipo de seguridad de la urbanizaci\u00f3n o de la casa de Bos\u00e9<\/strong>.<\/p>\n\n\n\n<p>En M\u00e9xico esto sucede a menudo, y\u00a0<strong>\u00abno hace falta que la persona que d\u00e9 el chivatazo o se preste a ayudar a los ladrones sea un delincuente o una persona corrupta, basta con que est\u00e9 amenazado\u201d.\u00a0<\/strong>El experto cree que los asaltantes\u00a0<strong>deb\u00edan tener informaci\u00f3n del dinero que hab\u00eda en la casa porque \u201cnadie irrumpe en una casa de esa forma sin saber lo que van a encontrar dentro\u201d.<\/strong>\u00a0\u00abEs lo que se denomina\u00a0<strong>un salto, alguien que conoce y la casa y la hora en la que hay que actuar\u00bb,\u00a0<\/strong>a\u00f1adi\u00f3 el periodista\u00a0<strong>Alfonso Egea en\u00a0<\/strong><em><strong>El programa del verano.<\/strong><\/em><\/p>\n\n\n\n<figure class=\"wp-block-embed is-type-rich is-provider-twitter wp-block-embed-twitter\"><div class=\"wp-block-embed__wrapper\">\nhttps:\/\/twitter.com\/c4jimenez\/status\/1693746841479753751?ref_src=twsrc%5Etfw%7Ctwcamp%5Etweetembed%7Ctwterm%5E1693746841479753751%7Ctwgr%5E2f850c8265b42d76899eda9b1c4fa48d316bf9a9%7Ctwcon%5Es1_c10&#038;ref_url=https%3A%2F%2Fwww.niusdiario.es%2Fvida%2Fvisto-oido%2F20230822%2Fpor-que-miguel-bose-no-denuncia-asalto-robo-3-millones-motivo_18_010293101.html\n<\/div><\/figure>\n\n\n\n<p>El&nbsp;<strong>periodista mexicano Gustavo Adolfo Infante&nbsp;<\/strong>cree que&nbsp;<strong>\u201cal tratarse de un robo, sin homicidio de por medio, y no haber denuncia de la v\u00edctima, la Fiscal\u00eda no puede actuar de oficio<\/strong>, de forma que<strong>&nbsp;si Bos\u00e9 no denuncia, no habr\u00e1 manera de que el delito pueda ser perseguido\u201d,&nbsp;<\/strong>ha dicho en el programa&nbsp;<em><strong>Y ahora verano<\/strong><\/em><strong>&nbsp;de Antena 3.<\/strong><\/p>\n\n\n\n<p>Para el cantante, que a\u00fan se est\u00e1 reponiendo del susto vivido con sus hijos -Diego y Mateo, de 11 a\u00f1os-,&nbsp;<strong>\u201cser\u00eda un dolor de cabeza tener que someterse ahora a todo tipo de preguntas y ruedas de reconocimiento,<\/strong>&nbsp;sobre todo si es&nbsp;<strong>cierto que podr\u00eda estar amenazado por una banda que no sabemos si es peligrosa\u201d<\/strong>, explica Ramajo en Telecinco sobre el aparente<strong>&nbsp;\u00abbloqueo\u00bb de Bos\u00e9 de cara a presentar una denuncia formal.<\/strong><\/p>\n\n\n\n<p>Todo<strong>\u00a0\u00abeste asunto le ha alterado tanto que ha perdido<\/strong><a href=\"https:\/\/www.niusdiario.es\/vida\/visto-oido\/20230302\/miguel-bose-explica-verdadero-motivo-perdida-voz_18_08878696.html\" target=\"_blank\" rel=\"noreferrer noopener\"><strong>\u00a0la poca voz que le quedaba<\/strong><\/a><strong>\u201d<\/strong>, a\u00f1ade Infante sobre los conocidos\u00a0<strong>problemas de afon\u00eda del autor de<\/strong><em><strong>\u00a0Amante Bandido y\u00a0<\/strong><\/em><strong>coach de\u00a0<\/strong><em><strong>La Voz M\u00e9xico<\/strong>,\u00a0<\/em>que se habr\u00edan visto\u00a0<strong>agravados tras este fuerte impacto emocional.<\/strong><\/p>\n\n\n\n<p>Fuente: <a href=\"https:\/\/www.niusdiario.es\/vida\/visto-oido\/20230822\/por-que-miguel-bose-no-denuncia-asalto-robo-3-millones-motivo_18_010293101.html\">https:\/\/www.niusdiario.es\/vida\/visto-oido\/20230822\/por-que-miguel-bose-no-denuncia-asalto-robo-3-millones-motivo_18_010293101.html<\/a><\/p>\n\n\n\n<p><\/p>\n","protected":false},"excerpt":{"rendered":"<p>El cantante no ha presentado denuncia formal por el atraco a su vivienda de M\u00e9xico, por parte de 10 encapuchados, [&hellip;]<\/p>\n","protected":false},"author":1,"featured_media":57438,"comment_status":"open","ping_status":"open","sticky":false,"template":"","format":"standard","meta":{"site-sidebar-layout":"default","site-content-layout":"","ast-site-content-layout":"default","site-content-style":"default","site-sidebar-style":"default","ast-global-header-display":"","ast-banner-title-visibility":"","ast-main-header-display":"","ast-hfb-above-header-display":"","ast-hfb-below-header-display":"","ast-hfb-mobile-header-display":"","site-post-title":"","ast-breadcrumbs-content":"","ast-featured-img":"","footer-sml-layout":"","theme-transparent-header-meta":"","adv-header-id-meta":"","stick-header-meta":"","header-above-stick-meta":"","header-main-stick-meta":"","header-below-stick-meta":"","astra-migrate-meta-layouts":"default","ast-page-background-enabled":"default","ast-page-background-meta":{"desktop":{"background-color":"var(--ast-global-color-4)","background-image":"","background-repeat":"repeat","background-position":"center center","background-size":"auto","background-attachment":"scroll","background-type":"","background-media":"","overlay-type":"","overlay-color":"","overlay-opacity":"","overlay-gradient":""},"tablet":{"background-color":"","background-image":"","background-repeat":"repeat","background-position":"center center","background-size":"auto","background-attachment":"scroll","background-type":"","background-media":"","overlay-type":"","overlay-color":"","overlay-opacity":"","overlay-gradient":""},"mobile":{"background-color":"","background-image":"","background-repeat":"repeat","background-position":"center center","background-size":"auto","background-attachment":"scroll","background-type":"","background-media":"","overlay-type":"","overlay-color":"","overlay-opacity":"","overlay-gradient":""}},"ast-content-background-meta":{"desktop":{"background-color":"var(--ast-global-color-5)","background-image":"","background-repeat":"repeat","background-position":"center center","background-size":"auto","background-attachment":"scroll","background-type":"","background-media":"","overlay-type":"","overlay-color":"","overlay-opacity":"","overlay-gradient":""},"tablet":{"background-color":"var(--ast-global-color-5)","background-image":"","background-repeat":"repeat","background-position":"center center","background-size":"auto","background-attachment":"scroll","background-type":"","background-media":"","overlay-type":"","overlay-color":"","overlay-opacity":"","overlay-gradient":""},"mobile":{"background-color":"var(--ast-global-color-5)","background-image":"","background-repeat":"repeat","background-position":"center center","background-size":"auto","background-attachment":"scroll","background-type":"","background-media":"","overlay-type":"","overlay-color":"","overlay-opacity":"","overlay-gradient":""}},"footnotes":""},"categories":[8],"tags":[18341,3182],"class_list":["post-57437","post","type-post","status-publish","format-standard","has-post-thumbnail","hentry","category-noticias","tag-asalto-casa-de-bose","tag-miguel-bose"],"_links":{"self":[{"href":"https:\/\/losperiodistas.com.mx\/portal\/wp-json\/wp\/v2\/posts\/57437","targetHints":{"allow":["GET"]}}],"collection":[{"href":"https:\/\/losperiodistas.com.mx\/portal\/wp-json\/wp\/v2\/posts"}],"about":[{"href":"https:\/\/losperiodistas.com.mx\/portal\/wp-json\/wp\/v2\/types\/post"}],"author":[{"embeddable":true,"href":"https:\/\/losperiodistas.com.mx\/portal\/wp-json\/wp\/v2\/users\/1"}],"replies":[{"embeddable":true,"href":"https:\/\/losperiodistas.com.mx\/portal\/wp-json\/wp\/v2\/comments?post=57437"}],"version-history":[{"count":1,"href":"https:\/\/losperiodistas.com.mx\/portal\/wp-json\/wp\/v2\/posts\/57437\/revisions"}],"predecessor-version":[{"id":57439,"href":"https:\/\/losperiodistas.com.mx\/portal\/wp-json\/wp\/v2\/posts\/57437\/revisions\/57439"}],"wp:featuredmedia":[{"embeddable":true,"href":"https:\/\/losperiodistas.com.mx\/portal\/wp-json\/wp\/v2\/media\/57438"}],"wp:attachment":[{"href":"https:\/\/losperiodistas.com.mx\/portal\/wp-json\/wp\/v2\/media?parent=57437"}],"wp:term":[{"taxonomy":"category","embeddable":true,"href":"https:\/\/losperiodistas.com.mx\/portal\/wp-json\/wp\/v2\/categories?post=57437"},{"taxonomy":"post_tag","embeddable":true,"href":"https:\/\/losperiodistas.com.mx\/portal\/wp-json\/wp\/v2\/tags?post=57437"}],"curies":[{"name":"wp","href":"https:\/\/api.w.org\/{rel}","templated":true}]}}