{"id":57434,"date":"2023-08-23T03:39:11","date_gmt":"2023-08-23T08:39:11","guid":{"rendered":"http:\/\/losperiodistas.com.mx\/portal\/?p=57434"},"modified":"2023-08-23T07:18:25","modified_gmt":"2023-08-23T12:18:25","slug":"subversion-y-una-oda-a-la-imperfeccion-la-anti-moda-regresa-a-las-pasarelas-efe","status":"publish","type":"post","link":"https:\/\/losperiodistas.com.mx\/portal\/subversion-y-una-oda-a-la-imperfeccion-la-anti-moda-regresa-a-las-pasarelas-efe\/","title":{"rendered":"Subversi\u00f3n y una oda a la imperfecci\u00f3n, la \u201canti-moda\u201d regresa a las pasarelas | EFE"},"content":{"rendered":"\n<div class=\"wp-block-image\"><figure class=\"aligncenter size-full\"><img fetchpriority=\"high\" decoding=\"async\" width=\"900\" height=\"583\" src=\"https:\/\/losperiodistas.com.mx\/portal\/wp-content\/uploads\/2023\/08\/pasarela3.jpg\" alt=\"\" class=\"wp-image-57435\" srcset=\"https:\/\/losperiodistas.com.mx\/portal\/wp-content\/uploads\/2023\/08\/pasarela3.jpg 900w, https:\/\/losperiodistas.com.mx\/portal\/wp-content\/uploads\/2023\/08\/pasarela3-300x194.jpg 300w, https:\/\/losperiodistas.com.mx\/portal\/wp-content\/uploads\/2023\/08\/pasarela3-768x497.jpg 768w\" sizes=\"(max-width: 900px) 100vw, 900px\" \/><figcaption>Modelos desfilan en la pasarela de la Instituci\u00f3n Universitaria Colegiatura en Colombiatex + Colombiamoda 2023, en Medell\u00edn (Colombia). EFE\/Luis Eduardo Noriega A.<\/figcaption><\/figure><\/div>\n\n\n\n<p class=\"has-vivid-red-color has-text-color has-medium-font-size\"><strong>MAR\u00cdA MU\u00d1OZ RIVERA \/ EFE<\/strong><\/p>\n\n\n\n<p><\/p>\n\n\n\n<p>Madrid (EFE).- Asimetr\u00edas, prendas inacabadas, deshilachadas y sobredimensionadas, en tonalidades oscuras y desgastadas, son algunas de las banderas de la \u201canti-moda\u201d, un concepto que naci\u00f3 en los a\u00f1os ochenta para reivindicar la imperfecci\u00f3n y que protagoniza la moda de la actualidad.<\/p>\n\n\n\n<p>Si hace cuarenta a\u00f1os parte de la sociedad se escandaliz\u00f3 ante prendas rotas e inacabadas que declaraban la guerra al glamur imperante en la alta costura, la moda de la actualidad bebe de este referente andr\u00f3gino, oscuro y deconstruido que sube estos d\u00edas a la semana de la moda de Copenhague y a la que se suman grandes firmas de la industria.<\/p>\n\n\n\n<p>\u201cLa \u2018anti-moda\u2019 supone cuestionarnos los convencionalismos de la industria, experimentar para saber si realmente funcionan o no y buscar alternativas\u201d, explica a EFE Carolina Ceballos, de la firma espa\u00f1ola Enneges, insignia en este tipo de prendas a nivel nacional.<\/p>\n\n\n\n<p>Corr\u00edan los a\u00f1os 70 cuando la dise\u00f1adora Rei Kawakubo, harta de los par\u00e1metros hegem\u00f3nicos, decidi\u00f3 desdibujar lo establecido para liberar una tendencia que lejos de alcanzar la perfecci\u00f3n, celebrase lo inacabado y, en ocasiones, hasta roto y desgastado bajo la t\u00e9cnica de la deconstrucci\u00f3n.<\/p>\n\n\n\n<figure class=\"wp-block-image\"><img decoding=\"async\" src=\"https:\/\/efe.com\/wp-content\/uploads\/2023\/08\/pasarelas.jpg\" alt=\"ANTIMODA PASARELAS\" class=\"wp-image-608980\"\/><figcaption>Modelos desfilan creaciones de la dise\u00f1adora Alexandra Bueno en la pasarela \u201cFlorecer SS24\u201d, durante Colombiatex + Colombiamoda 2023 en Medell\u00edn (Colombia). EFE\/Luis Eduardo Noriega A<\/figcaption><\/figure>\n\n\n\n<p>La que a\u00f1os despu\u00e9s fuera creadora de la firma Comme Des Gar\u00e7ons adem\u00e1s de serlo de Dover Street Market- una de las plataformas multimarca de m\u00e1s renombre a nivel internacional- sent\u00f3 las bases de una forma de concebir la moda que, si bien comenz\u00f3 con escasas boutiques en Jap\u00f3n, acabar\u00eda por llegar a todas partes del mundo.<\/p>\n\n\n\n<p>Kawakubo debut\u00f3 en la semana de la moda de Par\u00eds en 1982 con su colecci\u00f3n \u201cDestroy\u201d, en la que prendas drapeadas lejos de contornear la silueta de la mujer dejaban que las formas del cuerpo fluyeran libres entre otras piezas deshilachadas, una presentaci\u00f3n que encontr\u00f3 muchas cr\u00edticas negativas.<\/p>\n\n\n\n<h2 class=\"wp-block-heading\" id=\"h-el-negro-tino-las-pasarelas\">El negro ti\u00f1\u00f3 las pasarelas<\/h2>\n\n\n\n<p>El negro ti\u00f1\u00f3 las pasarelas, configurando un movimiento entre elitistas de moda que dejaron a un lado el glamour y la sofisticaci\u00f3n que dictaba la alta costura para enfundarse en prendas de aire andr\u00f3gino bajo el movimiento \u201ccrow\u201d o \u201ctribu de cuervos\u201d.<\/p>\n\n\n\n<p>Nombres como Yohji Yamamoto, Issey Mikaye, Maison Margiela, Rick Owens conformaron un clan de dise\u00f1adores anti-sistema, que en la actualidad se sit\u00faan en la vanguardia, junto a nuevos nombres que beben de estas referencias.<\/p>\n\n\n\n<p>Firmas como TG Botanical, Wood Wood, o Deadwood sub\u00edan la anti-moda a las pasarelas de la semana de la moda de Copenhague la pasada semana, mientras que otras como Di Petsa convierten en emblema deshilachadas creaciones llenas de transparencias por las que apuestan desde Shakira hasta Bella Hadid.<\/p>\n\n\n\n<p>La \u201canti-moda\u201d no solo es protagonista en firmas emergentes o nicho, sino que grandes marcas de aire subversivo como Balenciaga en sus \u00faltimas temporadas u otras de corte cl\u00e1sico como Saint Laurent trasladan estos c\u00f3digos a sus creaciones.<\/p>\n\n\n\n<h2 class=\"wp-block-heading\" id=\"h-la-economia-por-encima-de-la-creatividad\">La econom\u00eda por encima de la creatividad<\/h2>\n\n\n\n<p>\u201cEn la actualidad, la econom\u00eda se ha puesto por encima de la creatividad y a las prendas casi no se les da valor\u201d, desgrana Ceballos, que indica que \u201cla industria debe ponerse al d\u00eda con la realidad y recuperar su valor cultural\u201d, un principio que fue, precisamente, el que Kawakubo subi\u00f3 a la pasarela en los a\u00f1os ochenta.<\/p>\n\n\n\n<figure class=\"wp-block-image\"><img decoding=\"async\" src=\"https:\/\/efe.com\/wp-content\/uploads\/2023\/08\/pasarela4.jpg\" alt=\"ANTIMODA PASARELAS\" class=\"wp-image-608983\"\/><figcaption>Modelos desfilan en la pasarela \u201cMujeres cambiando la moda\u201d en Colombiatex + Colombiamoda 2023, en Medell\u00edn (Colombia). EFE\/Luis Eduardo Noriega A.<\/figcaption><\/figure>\n\n\n\n<p>Lo que Kawakubo concebi\u00f3 como la necesidad de \u201cdiluir la barrera entre el arte y la moda\u201d, es uno de los principios que alimenta a estas firmas, que experimentan con la imperfecci\u00f3n y los vol\u00famenes m\u00e1s all\u00e1 de buscar favorecer al cuerpo, mediante una serie de c\u00f3digos.<\/p>\n\n\n\n<p>Entre ellos, hombreras anchas en estructuras que dibujan l\u00edneas rectas, colores oscuros y un aire andr\u00f3gino conforman una moda que replican las tiendas de moda r\u00e1pida, mientras que editoriales y sesiones de fotos se impregnan de un aire entre oscuro y \u201cgrunge\u201d.<\/p>\n\n\n\n<p>Fuente:<a href=\"https:\/\/efe.com\/cultura\/2023-08-23\/oda-a-la-imperfeccion-anti-moda-regresa-pasarelas\/\">https:\/\/efe.com\/cultura\/2023-08-23\/oda-a-la-imperfeccion-anti-moda-regresa-pasarelas\/<\/a><\/p>\n","protected":false},"excerpt":{"rendered":"<p>MAR\u00cdA MU\u00d1OZ RIVERA \/ EFE Madrid (EFE).- Asimetr\u00edas, prendas inacabadas, deshilachadas y sobredimensionadas, en tonalidades oscuras y desgastadas, son algunas [&hellip;]<\/p>\n","protected":false},"author":1,"featured_media":57435,"comment_status":"open","ping_status":"open","sticky":false,"template":"","format":"standard","meta":{"site-sidebar-layout":"default","site-content-layout":"","ast-site-content-layout":"default","site-content-style":"default","site-sidebar-style":"default","ast-global-header-display":"","ast-banner-title-visibility":"","ast-main-header-display":"","ast-hfb-above-header-display":"","ast-hfb-below-header-display":"","ast-hfb-mobile-header-display":"","site-post-title":"","ast-breadcrumbs-content":"","ast-featured-img":"","footer-sml-layout":"","theme-transparent-header-meta":"","adv-header-id-meta":"","stick-header-meta":"","header-above-stick-meta":"","header-main-stick-meta":"","header-below-stick-meta":"","astra-migrate-meta-layouts":"default","ast-page-background-enabled":"default","ast-page-background-meta":{"desktop":{"background-color":"var(--ast-global-color-4)","background-image":"","background-repeat":"repeat","background-position":"center center","background-size":"auto","background-attachment":"scroll","background-type":"","background-media":"","overlay-type":"","overlay-color":"","overlay-opacity":"","overlay-gradient":""},"tablet":{"background-color":"","background-image":"","background-repeat":"repeat","background-position":"center center","background-size":"auto","background-attachment":"scroll","background-type":"","background-media":"","overlay-type":"","overlay-color":"","overlay-opacity":"","overlay-gradient":""},"mobile":{"background-color":"","background-image":"","background-repeat":"repeat","background-position":"center center","background-size":"auto","background-attachment":"scroll","background-type":"","background-media":"","overlay-type":"","overlay-color":"","overlay-opacity":"","overlay-gradient":""}},"ast-content-background-meta":{"desktop":{"background-color":"var(--ast-global-color-5)","background-image":"","background-repeat":"repeat","background-position":"center center","background-size":"auto","background-attachment":"scroll","background-type":"","background-media":"","overlay-type":"","overlay-color":"","overlay-opacity":"","overlay-gradient":""},"tablet":{"background-color":"var(--ast-global-color-5)","background-image":"","background-repeat":"repeat","background-position":"center center","background-size":"auto","background-attachment":"scroll","background-type":"","background-media":"","overlay-type":"","overlay-color":"","overlay-opacity":"","overlay-gradient":""},"mobile":{"background-color":"var(--ast-global-color-5)","background-image":"","background-repeat":"repeat","background-position":"center center","background-size":"auto","background-attachment":"scroll","background-type":"","background-media":"","overlay-type":"","overlay-color":"","overlay-opacity":"","overlay-gradient":""}},"footnotes":""},"categories":[8],"tags":[18334,18336,18335,18338],"class_list":["post-57434","post","type-post","status-publish","format-standard","has-post-thumbnail","hentry","category-noticias","tag-anti-moda","tag-asimetrias","tag-guerra-al-glamour","tag-prendas-inacabadas"],"_links":{"self":[{"href":"https:\/\/losperiodistas.com.mx\/portal\/wp-json\/wp\/v2\/posts\/57434","targetHints":{"allow":["GET"]}}],"collection":[{"href":"https:\/\/losperiodistas.com.mx\/portal\/wp-json\/wp\/v2\/posts"}],"about":[{"href":"https:\/\/losperiodistas.com.mx\/portal\/wp-json\/wp\/v2\/types\/post"}],"author":[{"embeddable":true,"href":"https:\/\/losperiodistas.com.mx\/portal\/wp-json\/wp\/v2\/users\/1"}],"replies":[{"embeddable":true,"href":"https:\/\/losperiodistas.com.mx\/portal\/wp-json\/wp\/v2\/comments?post=57434"}],"version-history":[{"count":2,"href":"https:\/\/losperiodistas.com.mx\/portal\/wp-json\/wp\/v2\/posts\/57434\/revisions"}],"predecessor-version":[{"id":57441,"href":"https:\/\/losperiodistas.com.mx\/portal\/wp-json\/wp\/v2\/posts\/57434\/revisions\/57441"}],"wp:featuredmedia":[{"embeddable":true,"href":"https:\/\/losperiodistas.com.mx\/portal\/wp-json\/wp\/v2\/media\/57435"}],"wp:attachment":[{"href":"https:\/\/losperiodistas.com.mx\/portal\/wp-json\/wp\/v2\/media?parent=57434"}],"wp:term":[{"taxonomy":"category","embeddable":true,"href":"https:\/\/losperiodistas.com.mx\/portal\/wp-json\/wp\/v2\/categories?post=57434"},{"taxonomy":"post_tag","embeddable":true,"href":"https:\/\/losperiodistas.com.mx\/portal\/wp-json\/wp\/v2\/tags?post=57434"}],"curies":[{"name":"wp","href":"https:\/\/api.w.org\/{rel}","templated":true}]}}