{"id":57431,"date":"2023-08-23T03:23:50","date_gmt":"2023-08-23T08:23:50","guid":{"rendered":"http:\/\/losperiodistas.com.mx\/portal\/?p=57431"},"modified":"2023-08-23T03:23:52","modified_gmt":"2023-08-23T08:23:52","slug":"primero-los-pobres-dice-xochitl-galvez-beatriz-paredes-pide-a-frente-no-caer-en-farsa-forbes","status":"publish","type":"post","link":"https:\/\/losperiodistas.com.mx\/portal\/primero-los-pobres-dice-xochitl-galvez-beatriz-paredes-pide-a-frente-no-caer-en-farsa-forbes\/","title":{"rendered":"\u2018Primero los pobres\u2019, dice X\u00f3chitl G\u00e1lvez; Beatriz Paredes pide a Frente no caer en farsa | Forbes"},"content":{"rendered":"\n<p class=\"has-background has-medium-font-size\" style=\"background-color:#64f1f1\"><em>X\u00f3chitl G\u00e1lvez y Beatriz Paredes a\u00fan deben presentarse en dos foros, una encuesta y una consulta popular para definir la candidatura presidencial.<\/em><\/p>\n\n\n\n<figure class=\"wp-block-image size-large\"><img fetchpriority=\"high\" decoding=\"async\" width=\"1024\" height=\"576\" src=\"https:\/\/losperiodistas.com.mx\/portal\/wp-content\/uploads\/2023\/08\/d0c1d766-1cc2-496e-9d1c-7298fc770f4b-1280x720-1-1024x576.jpg\" alt=\"\" class=\"wp-image-57432\" srcset=\"https:\/\/losperiodistas.com.mx\/portal\/wp-content\/uploads\/2023\/08\/d0c1d766-1cc2-496e-9d1c-7298fc770f4b-1280x720-1-1024x576.jpg 1024w, https:\/\/losperiodistas.com.mx\/portal\/wp-content\/uploads\/2023\/08\/d0c1d766-1cc2-496e-9d1c-7298fc770f4b-1280x720-1-300x169.jpg 300w, https:\/\/losperiodistas.com.mx\/portal\/wp-content\/uploads\/2023\/08\/d0c1d766-1cc2-496e-9d1c-7298fc770f4b-1280x720-1-768x432.jpg 768w, https:\/\/losperiodistas.com.mx\/portal\/wp-content\/uploads\/2023\/08\/d0c1d766-1cc2-496e-9d1c-7298fc770f4b-1280x720-1.jpg 1280w\" sizes=\"(max-width: 1024px) 100vw, 1024px\" \/><figcaption><em>Foto: Cortes\u00eda.<\/em><\/figcaption><\/figure>\n\n\n\n<p class=\"has-vivid-red-color has-text-color has-medium-font-size\"><strong>YARED DE LA ROSA \/ FORBES<\/strong><\/p>\n\n\n\n<p>El Frente Amplio por M\u00e9xico -conformado por el PAN, PRI, PRD- realiz\u00f3 su tercer foro con aspirantes presidenciales, en el cual s\u00f3lo participaron X\u00f3chitl G\u00e1lvez y Beatriz Paredes, quienes criticaron el sistema de salud y hasta se refirieron a Hugo L\u00f3pez-Gatell, subsecretario de Salud, como \u201cel virus L\u00f3pez-Gatell\u201d y la \u201cepidemia L\u00f3pez-Gatell\u201d.<\/p>\n\n\n\n<p>En el foro regional \u201cDi\u00e1logos Ciudadanos\u201d realizado en Le\u00f3n, Guanajuato, ambas aspirantes a la candidatura presidencial por la oposici\u00f3n coincidieron en que de ganar, impulsar\u00e1n un sistema de salud universal para que todos los habitantes de M\u00e9xico tengan acceso a estos servicios; adem\u00e1s, criticaron la desaparici\u00f3n del Seguro Popular.<\/p>\n\n\n\n<p>X\u00f3chitl G\u00e1lvez propuso dejar de contratar a m\u00e9dicos cubanos, pues asegur\u00f3 que M\u00e9xico tiene suficientes doctores y mencion\u00f3 que si hacen falta especialistas, se debe ampliar el n\u00famero de becas para residentes; adem\u00e1s, se\u00f1al\u00f3 que reciben un pago \u201cm\u00edsero\u201d.<\/p>\n\n\n\n<p>Por otro lado, G\u00e1lvez dijo coincidir con la frase del presidente Andr\u00e9s Manuel L\u00f3pez Obrador de \u201cprimero los pobres\u201d y sostuvo que el pa\u00eds tard\u00f3 mucho en aumentar el salario m\u00ednimo. No obstante, asever\u00f3 que pese a que este incremento, a\u00fan hay 50 millones de personas en la pobreza.<\/p>\n\n\n\n<p>\u201cNo han sido suficiente el aumento del salario m\u00ednimo y los programas sociales para salir de la pobreza. Por eso creo que necesitamos apostarle a la salud, a la educaci\u00f3n y al desarrollo econ\u00f3mico\u201d, enfatiz\u00f3 la senadora por el PAN.<\/p>\n\n\n\n<p>En materia de educaci\u00f3n, Beatriz Paredes rechaz\u00f3 los nuevos libros de texto gratuitos y plante\u00f3 el regreso del programa Escuela de Tiempo Completo en \u201czonas con necesidad en el pa\u00eds\u201d. Al hablar de cultura, la priista satiriz\u00f3 que el actual gobierno federal haya dado mayor presupuesto al desarrollo del beisbol, deporte favorito del presidente, que a la cultura.<\/p>\n\n\n\n<p>\u201cHubo un teatro en Tabasco que fue extraordinario, el teatro campesino; evidentemente, el joven L\u00f3pez Obrador no era aficionado al teatro, y s\u00ed al beisbol, porque si hubiera sido aficionado al teatro, otro destino hubiera sido el de ese presupuesto\u201d, mencion\u00f3.<\/p>\n\n\n\n<p>Adem\u00e1s, en su mensaje final, la priista dijo que el Frente Amplio por M\u00e9xico no puede ser una farsa.<\/p>\n\n\n\n<p>\u201c(De serlo) caer\u00e1 sobre la responsabilidad de todos nosotros haber generado una expectativa de que las cosas se pueden hacer de manera distinta en M\u00e9xico\u201d, expres\u00f3.<\/p>\n\n\n\n<p>Este mensaje se da cuando han habido se\u00f1alamientos de que las dirigencias del PAN, PRI y PRD ya acordaron que X\u00f3chitl G\u00e1lvez sea la candidata.<\/p>\n\n\n\n<p>En el proceso para la definici\u00f3n de la candidatura presidencial del Frente Amplio a\u00fan faltan dos foros a realizarse en Jalisco y Yucat\u00e1n. Despu\u00e9s, del 27 al 30 de agosto, se realizar\u00e1 una segunda encuesta y el 3 de septiembre se har\u00e1 una consulta ciudadana en los 300 distritos electorales del pa\u00eds. Ese d\u00eda, el Comit\u00e9 Organizador anunciar\u00e1 los resultados de la consulta junto con los de la encuesta y nombrar\u00e1 a la persona ganadora.<\/p>\n\n\n\n<p>Fuente: <a href=\"https:\/\/www.forbes.com.mx\/primero-los-pobres-dice-xochitl-galvez-beatriz-paredes-pide-a-frente-no-caer-en-farsa\/\">https:\/\/www.forbes.com.mx\/primero-los-pobres-dice-xochitl-galvez-beatriz-paredes-pide-a-frente-no-caer-en-farsa\/<\/a><\/p>\n","protected":false},"excerpt":{"rendered":"<p>X\u00f3chitl G\u00e1lvez y Beatriz Paredes a\u00fan deben presentarse en dos foros, una encuesta y una consulta popular para definir la [&hellip;]<\/p>\n","protected":false},"author":1,"featured_media":57432,"comment_status":"open","ping_status":"open","sticky":false,"template":"","format":"standard","meta":{"site-sidebar-layout":"default","site-content-layout":"","ast-site-content-layout":"default","site-content-style":"default","site-sidebar-style":"default","ast-global-header-display":"","ast-banner-title-visibility":"","ast-main-header-display":"","ast-hfb-above-header-display":"","ast-hfb-below-header-display":"","ast-hfb-mobile-header-display":"","site-post-title":"","ast-breadcrumbs-content":"","ast-featured-img":"","footer-sml-layout":"","theme-transparent-header-meta":"","adv-header-id-meta":"","stick-header-meta":"","header-above-stick-meta":"","header-main-stick-meta":"","header-below-stick-meta":"","astra-migrate-meta-layouts":"default","ast-page-background-enabled":"default","ast-page-background-meta":{"desktop":{"background-color":"var(--ast-global-color-4)","background-image":"","background-repeat":"repeat","background-position":"center center","background-size":"auto","background-attachment":"scroll","background-type":"","background-media":"","overlay-type":"","overlay-color":"","overlay-opacity":"","overlay-gradient":""},"tablet":{"background-color":"","background-image":"","background-repeat":"repeat","background-position":"center center","background-size":"auto","background-attachment":"scroll","background-type":"","background-media":"","overlay-type":"","overlay-color":"","overlay-opacity":"","overlay-gradient":""},"mobile":{"background-color":"","background-image":"","background-repeat":"repeat","background-position":"center center","background-size":"auto","background-attachment":"scroll","background-type":"","background-media":"","overlay-type":"","overlay-color":"","overlay-opacity":"","overlay-gradient":""}},"ast-content-background-meta":{"desktop":{"background-color":"var(--ast-global-color-5)","background-image":"","background-repeat":"repeat","background-position":"center center","background-size":"auto","background-attachment":"scroll","background-type":"","background-media":"","overlay-type":"","overlay-color":"","overlay-opacity":"","overlay-gradient":""},"tablet":{"background-color":"var(--ast-global-color-5)","background-image":"","background-repeat":"repeat","background-position":"center center","background-size":"auto","background-attachment":"scroll","background-type":"","background-media":"","overlay-type":"","overlay-color":"","overlay-opacity":"","overlay-gradient":""},"mobile":{"background-color":"var(--ast-global-color-5)","background-image":"","background-repeat":"repeat","background-position":"center center","background-size":"auto","background-attachment":"scroll","background-type":"","background-media":"","overlay-type":"","overlay-color":"","overlay-opacity":"","overlay-gradient":""}},"footnotes":""},"categories":[8],"tags":[18331,17226,18333,18332],"class_list":["post-57431","post","type-post","status-publish","format-standard","has-post-thumbnail","hentry","category-noticias","tag-epidemia-lopez-gatell","tag-frente-amplio-por-mexico","tag-seguro-popular","tag-sistema-de-salud-universal"],"_links":{"self":[{"href":"https:\/\/losperiodistas.com.mx\/portal\/wp-json\/wp\/v2\/posts\/57431","targetHints":{"allow":["GET"]}}],"collection":[{"href":"https:\/\/losperiodistas.com.mx\/portal\/wp-json\/wp\/v2\/posts"}],"about":[{"href":"https:\/\/losperiodistas.com.mx\/portal\/wp-json\/wp\/v2\/types\/post"}],"author":[{"embeddable":true,"href":"https:\/\/losperiodistas.com.mx\/portal\/wp-json\/wp\/v2\/users\/1"}],"replies":[{"embeddable":true,"href":"https:\/\/losperiodistas.com.mx\/portal\/wp-json\/wp\/v2\/comments?post=57431"}],"version-history":[{"count":1,"href":"https:\/\/losperiodistas.com.mx\/portal\/wp-json\/wp\/v2\/posts\/57431\/revisions"}],"predecessor-version":[{"id":57433,"href":"https:\/\/losperiodistas.com.mx\/portal\/wp-json\/wp\/v2\/posts\/57431\/revisions\/57433"}],"wp:featuredmedia":[{"embeddable":true,"href":"https:\/\/losperiodistas.com.mx\/portal\/wp-json\/wp\/v2\/media\/57432"}],"wp:attachment":[{"href":"https:\/\/losperiodistas.com.mx\/portal\/wp-json\/wp\/v2\/media?parent=57431"}],"wp:term":[{"taxonomy":"category","embeddable":true,"href":"https:\/\/losperiodistas.com.mx\/portal\/wp-json\/wp\/v2\/categories?post=57431"},{"taxonomy":"post_tag","embeddable":true,"href":"https:\/\/losperiodistas.com.mx\/portal\/wp-json\/wp\/v2\/tags?post=57431"}],"curies":[{"name":"wp","href":"https:\/\/api.w.org\/{rel}","templated":true}]}}