{"id":57424,"date":"2023-08-22T20:59:45","date_gmt":"2023-08-23T01:59:45","guid":{"rendered":"http:\/\/losperiodistas.com.mx\/portal\/?p=57424"},"modified":"2023-08-22T21:01:31","modified_gmt":"2023-08-23T02:01:31","slug":"xochitl-va-a-jalisco-y-detona-la-relacion-entre-alfaro-y-dante-el-gobernador-dice-que-deja-mc-lpo","status":"publish","type":"post","link":"https:\/\/losperiodistas.com.mx\/portal\/xochitl-va-a-jalisco-y-detona-la-relacion-entre-alfaro-y-dante-el-gobernador-dice-que-deja-mc-lpo\/","title":{"rendered":"X\u00f3chitl va a Jalisco y detona la relaci\u00f3n entre Alfaro y Dante: el gobernador dice que deja MC | LPO"},"content":{"rendered":"\n<p class=\"has-medium-font-size\">Destino incierto para el grupo pol\u00edtico del mandatario estatal. Candidatos sin tracci\u00f3n electoral.<\/p>\n\n\n\n<figure class=\"wp-block-image size-full\"><img fetchpriority=\"high\" decoding=\"async\" width=\"940\" height=\"529\" src=\"https:\/\/losperiodistas.com.mx\/portal\/wp-content\/uploads\/2023\/08\/61f4167d1824e_940_529.jpg\" alt=\"\" class=\"wp-image-57425\" srcset=\"https:\/\/losperiodistas.com.mx\/portal\/wp-content\/uploads\/2023\/08\/61f4167d1824e_940_529.jpg 940w, https:\/\/losperiodistas.com.mx\/portal\/wp-content\/uploads\/2023\/08\/61f4167d1824e_940_529-300x169.jpg 300w, https:\/\/losperiodistas.com.mx\/portal\/wp-content\/uploads\/2023\/08\/61f4167d1824e_940_529-768x432.jpg 768w\" sizes=\"(max-width: 940px) 100vw, 940px\" \/><figcaption>Gobierno de Guadalajara<\/figcaption><\/figure>\n\n\n\n<p class=\"has-vivid-red-color has-text-color has-medium-font-size\"><strong>LA POL\u00cdTICA ONLINE<\/strong><\/p>\n\n\n\n<p>En dos d\u00edas la senadora X\u00f3chitl G\u00e1lvez se presentar\u00e1 en Jalisco y, como se\u00f1al de afinidad para con la aspirante, Enrique Alfaro vuelve a dar cuenta de su mala relaci\u00f3n con Dante Delgado e insin\u00faa que abandonar\u00e1 a Movimiento Ciudadano.<\/p>\n\n\n\n<p>\u00abYo ya no tengo inter\u00e9s de participar en un proyecto que no entiendo, que se construye de manera unilateral y que simple y sencillamente nos quiere someter a todos a la voluntad de quienes coordinan el partido a nivel nacional\u00bb, dijo el gobernador. Y agreg\u00f3 a modo de despedida: \u00abNo quiero pelear ni disputar nada, que ellos tomen sus decisiones y que tengan suerte\u00bb.<\/p>\n\n\n\n<p>Es notable. Alfaro acusa a Delgado de ser poco consecuente, de no aportar claridad sobre el rumbo a seguir, pero es lo mismo que \u00e9l hace en la entidad que gobierna cuando se resiste a que Pablo Lemus sea su sucesor a pesar de que el alcalde de Guadalajara es quien mejor se ubica en los sondeos.<\/p>\n\n\n\n<p>Estos dichos van acompa\u00f1ados de un movimiento muy calculado del alfarismo que se quiere acercar a la senadora G\u00e1lvez para encumbrar como candidato a gobernador del Frente opositor o bien al senador Clemente Casta\u00f1eda o al secretario del Sistema de Asistencia Social estatal, Alberto Esquer.<\/p>\n\n\n\n<p>Debe decirse: ambos tienen buenos nexos con X\u00f3chitl y con el PAN. Esquer siempre presume de su papel en la desastrosa campa\u00f1a presidencial de Josefina V\u00e1zquez Mota. Lo que ninguno de los dos parece tener son votos.<\/p>\n\n\n\n<p>Seg\u00fan diversos sondeos encargados este verano en la zona metropolitana de Guadalajara, ni Esquer ni Casta\u00f1eda son competitivos y ambos aparecen muy lejos de Lemus. Un dato: Casta\u00f1eda perder\u00eda la gubernatura a manos de Morena tanto como candidato de MC como del Frente.<\/p>\n\n\n\n<p>A la falta de tracci\u00f3n se agregan otros problemas. Por ejemplo, que diversos actores de MC con fuertes aspiraciones como Claudia Salas o Mirelle Montes &#8211; que aspiran a una candidatura en Guadalajara -, dejaron el PAN para ir tras Alfaro. Pregunta ineludible: \u00bfY ahora qu\u00e9 suceder\u00e1?, \u00bfVuelven al PAN?, \u00bfY Lemus se quedar\u00eda con todo MC Jalisco para \u00e9l?<\/p>\n\n\n\n<p>Existe otra realidad adicional. Hoy por hoy el alfarismo por fuera del gobierno estatal solo existe en el municipio de Tlajomulco. Guadalajara y Zapopan son zonas de influencia de Lemus mientras que Tlaquepaque pertenece a otro grupo pol\u00edtico que difiere de Alfaro aunque porta la marca MC. No es mucho lo que el gobernador est\u00e1 en condiciones de facilitarle a X\u00f3chitl.<\/p>\n\n\n\n<p>Fuente: <a href=\"https:\/\/www.lapoliticaonline.com\/mexico\/politica-mx\/xochitl-va-a-jalisco-y-detona-la-relacion-entre-alfaro-y-dante-el-gobernador-dice-que-deja-mc\/\">https:\/\/www.lapoliticaonline.com\/mexico\/politica-mx\/xochitl-va-a-jalisco-y-detona-la-relacion-entre-alfaro-y-dante-el-gobernador-dice-que-deja-mc\/<\/a><\/p>\n","protected":false},"excerpt":{"rendered":"<p>Destino incierto para el grupo pol\u00edtico del mandatario estatal. Candidatos sin tracci\u00f3n electoral. LA POL\u00cdTICA ONLINE En dos d\u00edas la [&hellip;]<\/p>\n","protected":false},"author":1,"featured_media":57425,"comment_status":"open","ping_status":"open","sticky":false,"template":"","format":"standard","meta":{"site-sidebar-layout":"default","site-content-layout":"","ast-site-content-layout":"default","site-content-style":"default","site-sidebar-style":"default","ast-global-header-display":"","ast-banner-title-visibility":"","ast-main-header-display":"","ast-hfb-above-header-display":"","ast-hfb-below-header-display":"","ast-hfb-mobile-header-display":"","site-post-title":"","ast-breadcrumbs-content":"","ast-featured-img":"","footer-sml-layout":"","theme-transparent-header-meta":"","adv-header-id-meta":"","stick-header-meta":"","header-above-stick-meta":"","header-main-stick-meta":"","header-below-stick-meta":"","astra-migrate-meta-layouts":"default","ast-page-background-enabled":"default","ast-page-background-meta":{"desktop":{"background-color":"var(--ast-global-color-4)","background-image":"","background-repeat":"repeat","background-position":"center center","background-size":"auto","background-attachment":"scroll","background-type":"","background-media":"","overlay-type":"","overlay-color":"","overlay-opacity":"","overlay-gradient":""},"tablet":{"background-color":"","background-image":"","background-repeat":"repeat","background-position":"center center","background-size":"auto","background-attachment":"scroll","background-type":"","background-media":"","overlay-type":"","overlay-color":"","overlay-opacity":"","overlay-gradient":""},"mobile":{"background-color":"","background-image":"","background-repeat":"repeat","background-position":"center center","background-size":"auto","background-attachment":"scroll","background-type":"","background-media":"","overlay-type":"","overlay-color":"","overlay-opacity":"","overlay-gradient":""}},"ast-content-background-meta":{"desktop":{"background-color":"var(--ast-global-color-5)","background-image":"","background-repeat":"repeat","background-position":"center center","background-size":"auto","background-attachment":"scroll","background-type":"","background-media":"","overlay-type":"","overlay-color":"","overlay-opacity":"","overlay-gradient":""},"tablet":{"background-color":"var(--ast-global-color-5)","background-image":"","background-repeat":"repeat","background-position":"center center","background-size":"auto","background-attachment":"scroll","background-type":"","background-media":"","overlay-type":"","overlay-color":"","overlay-opacity":"","overlay-gradient":""},"mobile":{"background-color":"var(--ast-global-color-5)","background-image":"","background-repeat":"repeat","background-position":"center center","background-size":"auto","background-attachment":"scroll","background-type":"","background-media":"","overlay-type":"","overlay-color":"","overlay-opacity":"","overlay-gradient":""}},"footnotes":""},"categories":[8],"tags":[18330,2320,14772],"class_list":["post-57424","post","type-post","status-publish","format-standard","has-post-thumbnail","hentry","category-noticias","tag-enrque-alfaro","tag-movimiento-ciudadano","tag-xochitl-galvez"],"_links":{"self":[{"href":"https:\/\/losperiodistas.com.mx\/portal\/wp-json\/wp\/v2\/posts\/57424","targetHints":{"allow":["GET"]}}],"collection":[{"href":"https:\/\/losperiodistas.com.mx\/portal\/wp-json\/wp\/v2\/posts"}],"about":[{"href":"https:\/\/losperiodistas.com.mx\/portal\/wp-json\/wp\/v2\/types\/post"}],"author":[{"embeddable":true,"href":"https:\/\/losperiodistas.com.mx\/portal\/wp-json\/wp\/v2\/users\/1"}],"replies":[{"embeddable":true,"href":"https:\/\/losperiodistas.com.mx\/portal\/wp-json\/wp\/v2\/comments?post=57424"}],"version-history":[{"count":1,"href":"https:\/\/losperiodistas.com.mx\/portal\/wp-json\/wp\/v2\/posts\/57424\/revisions"}],"predecessor-version":[{"id":57426,"href":"https:\/\/losperiodistas.com.mx\/portal\/wp-json\/wp\/v2\/posts\/57424\/revisions\/57426"}],"wp:featuredmedia":[{"embeddable":true,"href":"https:\/\/losperiodistas.com.mx\/portal\/wp-json\/wp\/v2\/media\/57425"}],"wp:attachment":[{"href":"https:\/\/losperiodistas.com.mx\/portal\/wp-json\/wp\/v2\/media?parent=57424"}],"wp:term":[{"taxonomy":"category","embeddable":true,"href":"https:\/\/losperiodistas.com.mx\/portal\/wp-json\/wp\/v2\/categories?post=57424"},{"taxonomy":"post_tag","embeddable":true,"href":"https:\/\/losperiodistas.com.mx\/portal\/wp-json\/wp\/v2\/tags?post=57424"}],"curies":[{"name":"wp","href":"https:\/\/api.w.org\/{rel}","templated":true}]}}