{"id":57420,"date":"2023-08-22T20:10:49","date_gmt":"2023-08-23T01:10:49","guid":{"rendered":"http:\/\/losperiodistas.com.mx\/portal\/?p=57420"},"modified":"2023-08-22T20:10:51","modified_gmt":"2023-08-23T01:10:51","slug":"diputada-de-morena-denuncia-a-secretaria-del-bienestar-por-corrupcion-y-danos-al-erario-el-financiero","status":"publish","type":"post","link":"https:\/\/losperiodistas.com.mx\/portal\/diputada-de-morena-denuncia-a-secretaria-del-bienestar-por-corrupcion-y-danos-al-erario-el-financiero\/","title":{"rendered":"Diputada de Morena denuncia a Secretar\u00eda del Bienestar por corrupci\u00f3n y da\u00f1os al erario | El Financiero"},"content":{"rendered":"\n<h2 class=\"has-medium-font-size wp-block-heading\">La diputada In\u00e9s Parra dijo que la dependencia ha cometido posibles delitos como peculado, enriquecimiento il\u00edcito y tr\u00e1fico de influencias.<\/h2>\n\n\n\n<figure class=\"wp-block-image size-large is-style-default\"><img fetchpriority=\"high\" decoding=\"async\" width=\"1024\" height=\"573\" src=\"https:\/\/losperiodistas.com.mx\/portal\/wp-content\/uploads\/2023\/08\/Captura-de-Pantalla-2023-08-22-a-las-19.04.50-1024x573.jpg\" alt=\"\" class=\"wp-image-57421\" srcset=\"https:\/\/losperiodistas.com.mx\/portal\/wp-content\/uploads\/2023\/08\/Captura-de-Pantalla-2023-08-22-a-las-19.04.50-1024x573.jpg 1024w, https:\/\/losperiodistas.com.mx\/portal\/wp-content\/uploads\/2023\/08\/Captura-de-Pantalla-2023-08-22-a-las-19.04.50-300x168.jpg 300w, https:\/\/losperiodistas.com.mx\/portal\/wp-content\/uploads\/2023\/08\/Captura-de-Pantalla-2023-08-22-a-las-19.04.50-768x430.jpg 768w, https:\/\/losperiodistas.com.mx\/portal\/wp-content\/uploads\/2023\/08\/Captura-de-Pantalla-2023-08-22-a-las-19.04.50-1536x859.jpg 1536w, https:\/\/losperiodistas.com.mx\/portal\/wp-content\/uploads\/2023\/08\/Captura-de-Pantalla-2023-08-22-a-las-19.04.50.jpg 1834w\" sizes=\"(max-width: 1024px) 100vw, 1024px\" \/><figcaption>La diputada In\u00e9s Parra denunci\u00f3 irregularidades de la Secretar\u00eda del Bienestar.\u00a0(Especial)<\/figcaption><\/figure>\n\n\n\n<p class=\"has-vivid-red-color has-text-color has-medium-font-size\"><strong>V\u00cdCTOR CH\u00c1VEZ \/ EL FINANCIERO<\/strong><\/p>\n\n\n\n<p>La diputada federal de Morena,&nbsp;<a href=\"https:\/\/www.elfinanciero.com.mx\/nacional\/2023\/03\/29\/auditoria-de-la-federacion-es-una-tapadera-y-simulacion-en-el-combate-a-la-corrupcion-diputada\/\" target=\"_blank\" rel=\"noreferrer noopener\">In\u00e9s Parra Ju\u00e1rez<\/a>, inform\u00f3 que present\u00f3&nbsp;<strong>una denuncia penal ante la Fiscal\u00eda General de la Rep\u00fablica (FGR)&nbsp;<\/strong>en contra de la&nbsp;<a href=\"https:\/\/www.elfinanciero.com.mx\/nacional\/2023\/08\/17\/marcelo-ebrard-diputados-denunciaran-secretaria-del-bienestar\/\" target=\"_blank\" rel=\"noreferrer noopener\">Secretar\u00eda de Bienestar<\/a>, por un probable quebranto al erario por 6 mil 068 millones de pesos.<\/p>\n\n\n\n<p>Indic\u00f3 que lo hizo a trav\u00e9s de la Fiscal\u00eda Especializada en Materia de Combate a la Corrupci\u00f3n, por los&nbsp;<strong>posibles delitos&nbsp;<\/strong>de peculado, abuso de autoridad, cohecho, enriquecimiento il\u00edcito, coalici\u00f3n de servidores p\u00fablicos, ejercicio abusivo de funciones y tr\u00e1fico de influencias.Lea el art\u00edculo<img decoding=\"async\" src=\"https:\/\/ads.stickyadstv.com\/auto-user-sync?_fw_gdpr=0&amp;_fw_gdpr_consent=\"><img decoding=\"async\" src=\"https:\/\/ads.stickyadstv.com\/user-matching?id=2545&amp;_fw_gdpr=0&amp;_fw_gdpr_consent=\"><\/p>\n\n\n\n<p>\u201cLas irregularidades detectadas est\u00e1n registradas en las observaciones publicadas por la Auditor\u00eda Superior de la Federaci\u00f3n de las Cuentas P\u00fablicas de los a\u00f1os 2018, 2019, 2020 y 2021, consistentes en<strong>\u00a0pagos y cobros indebidos de beneficiarios\u00a0<\/strong>de diversos programas sociales,\u00a0<strong>desv\u00edo de recursos p\u00fablicos<\/strong>\u00a0de los programas sociales, no acreditaci\u00f3n de la entrega de recursos p\u00fablicos a beneficiarios y deficiencias en los registros de beneficiarios que no acreditan el manejo correcto de los recursos financieros en cuanto a su uso y destino\u201d, detall\u00f3.<\/p>\n\n\n\n<p>La legisladora \u2013quien es integrante del grupo de personas que apoyan al aspirante<a href=\"https:\/\/www.elfinanciero.com.mx\/opinion\/atzayaelh-torres\/2023\/08\/19\/marcelo-ebrard-candidato-de-oposicion\/\" target=\"_blank\" rel=\"noreferrer noopener\">\u00a0Marcelo Ebrard\u00a0<\/a>que denunci\u00f3 apoyos ilegales de la\u00a0<a href=\"https:\/\/www.elfinanciero.com.mx\/nacional\/2023\/08\/16\/marcelo-ebrard-frases-mas-duras-vs-claudia-sheinabaum-por-acarreo\/\" target=\"_blank\" rel=\"noreferrer noopener\">Secretar\u00eda del Bienestar a Claudia Sheinbaum<\/a>&#8211; dijo que conf\u00eda en que la Fiscal\u00eda integre la carpeta de investigaci\u00f3n, haga las diligencias necesarias y presente a los funcionarios corruptos de la Secretar\u00eda del Bienestar que resulten responsables ante los tribunales correspondientes y se siga el proceso judicial.<\/p>\n\n\n\n<p class=\"has-cyan-bluish-gray-background-color has-background\"><a href=\"https:\/\/www.elfinanciero.com.mx\/nacional\/2023\/08\/22\/claudia-fest-sheinbaum-organiza-fiesta-de-5-dias-previo-a-la-encuesta-de-morena\/\"><\/a><a href=\"https:\/\/www.elfinanciero.com.mx\/nacional\/2023\/08\/22\/claudia-fest-sheinbaum-organiza-fiesta-de-5-dias-previo-a-la-encuesta-de-morena\/\">Claudia&#8230; \u00bfFest? Sheinbaum organiza \u2018fiesta\u2019 de 5 d\u00edas previo a la encuesta de Morena<\/a><\/p>\n\n\n\n<p>\u201cEspero y estar\u00e9 vigilando que sea en tiempo y forma\u201d, manifest\u00f3.<\/p>\n\n\n\n<p>\u201cSabemos de los\u00a0<strong>antecedentes poco \u00e9ticos del fiscal general Alejandro Gertz Manero<\/strong>, debemos estar atentos a que permita y no entorpezca la<strong>\u00a0investigaci\u00f3n de corrupci\u00f3n en la Secretar\u00eda de Bienestar\u00a0<\/strong>y se debe exigir y apoyar a la fiscal Mar\u00eda de la Luz Mijangos para que la Fiscal\u00eda de Combate a la Corrupci\u00f3n, de la cual es titular, cumpla cabalmente en su obligaci\u00f3n de efectivo combate a la corrupci\u00f3n y no haya simulaci\u00f3n de las pesquisas\u201d, se\u00f1al\u00f3.<\/p>\n\n\n\n<p>La diputada llam\u00f3 al Ejecutivo Federal a que permita el saneamiento de corruptos de la Secretar\u00eda de Bienestar y de las dem\u00e1s secretar\u00edas de Estado a su cargo, ya que la premisa fundamental del Movimiento para la Regeneraci\u00f3n Nacional (<a href=\"https:\/\/www.elfinanciero.com.mx\/nacional\/2023\/08\/18\/morena-da-visto-bueno-a-las-4-casas-encuestadoras-propuestas-por-corcholatas\/\" target=\"_blank\" rel=\"noreferrer noopener\">Morena<\/a>) es la lucha frontal en contra de la corrupci\u00f3n, por lo que lament\u00f3 que ya en el ejercicio del poder se haya olvidado esto y no se haga nada por el combate a la corrupci\u00f3n.<\/p>\n\n\n\n<p>\u201cLa Secretar\u00eda de la Funci\u00f3n P\u00fablica no ha cumplido con la presentaci\u00f3n de denuncia de hechos que lleve a la c\u00e1rcel a todo funcionario corrupto, le reitero con indignaci\u00f3n e impotencia al presidente\u00a0<a href=\"https:\/\/www.elfinanciero.com.mx\/nacional\/2023\/08\/18\/amlo-mananera-temas-hoy-18-agosto-2023-en-vivo\/\" target=\"_blank\" rel=\"noreferrer noopener\">L\u00f3pez Obrador<\/a>\u00a0que\u00a0<strong>el efectivo combate a la corrupci\u00f3n es una asignatura pendiente de la llamada Cuarta Transformaci\u00f3n<\/strong>\u201d, asever\u00f3.<\/p>\n\n\n\n<p class=\"has-cyan-bluish-gray-background-color has-background\"><a href=\"https:\/\/www.elfinanciero.com.mx\/nacional\/2023\/08\/22\/por-que-beatriz-paredes-es-la-clave-para-que-xochitl-galvez-triunfe-en-el-frente-amplio\/\"><\/a><a href=\"https:\/\/www.elfinanciero.com.mx\/nacional\/2023\/08\/22\/por-que-beatriz-paredes-es-la-clave-para-que-xochitl-galvez-triunfe-en-el-frente-amplio\/\">\u00bfPor qu\u00e9 Beatriz Paredes es la \u2018clave\u2019 para que X\u00f3chitl G\u00e1lvez \u2018triunfe\u2019 en el Frente Amplio?<\/a><\/p>\n\n\n\n<p>Por ello, Parra Ju\u00e1rez manifest\u00f3 que a prueba de fuego est\u00e1 la Fiscal\u00eda Anticorrupci\u00f3n ante esta denuncia contra la Secretar\u00eda de Bienestar, \u201cya se ver\u00e1 si hay castigo a los funcionarios corruptos o ser\u00e1 m\u00e1s de lo mismo como en el viejo r\u00e9gimen\u201d.<\/p>\n\n\n\n<p>Reiter\u00f3 que desde la Legislatura pasada ha luchado contra la corrupci\u00f3n, con diversas denuncias que ha presentado en los \u00f3rganos de control interno por el manejo incorrecto de los programas sociales, porque se contin\u00faa con el clientelismo pol\u00edtico, la cultura de la d\u00e1diva, el \u201cinfluyentismo e intermediarismo\u201d.<\/p>\n\n\n\n<p>\u201cSi no se castiga a los servidores o funcionarios p\u00fablicos corruptos, no habr\u00e1 combate a la corrupci\u00f3n y todo estar\u00e1 en entredicho\u201d, afirm\u00f3.<\/p>\n\n\n\n<p>Fuente: <a href=\"https:\/\/www.elfinanciero.com.mx\/nacional\/2023\/08\/22\/diputada-de-morena-denuncia-a-secretaria-del-bienestar-por-corrupcion-y-danos-al-erario\/\">https:\/\/www.elfinanciero.com.mx\/nacional\/2023\/08\/22\/diputada-de-morena-denuncia-a-secretaria-del-bienestar-por-corrupcion-y-danos-al-erario\/<\/a><\/p>\n","protected":false},"excerpt":{"rendered":"<p>La diputada In\u00e9s Parra dijo que la dependencia ha cometido posibles delitos como peculado, enriquecimiento il\u00edcito y tr\u00e1fico de influencias. [&hellip;]<\/p>\n","protected":false},"author":1,"featured_media":57421,"comment_status":"open","ping_status":"open","sticky":false,"template":"","format":"standard","meta":{"site-sidebar-layout":"default","site-content-layout":"","ast-site-content-layout":"default","site-content-style":"default","site-sidebar-style":"default","ast-global-header-display":"","ast-banner-title-visibility":"","ast-main-header-display":"","ast-hfb-above-header-display":"","ast-hfb-below-header-display":"","ast-hfb-mobile-header-display":"","site-post-title":"","ast-breadcrumbs-content":"","ast-featured-img":"","footer-sml-layout":"","theme-transparent-header-meta":"","adv-header-id-meta":"","stick-header-meta":"","header-above-stick-meta":"","header-main-stick-meta":"","header-below-stick-meta":"","astra-migrate-meta-layouts":"default","ast-page-background-enabled":"default","ast-page-background-meta":{"desktop":{"background-color":"var(--ast-global-color-4)","background-image":"","background-repeat":"repeat","background-position":"center center","background-size":"auto","background-attachment":"scroll","background-type":"","background-media":"","overlay-type":"","overlay-color":"","overlay-opacity":"","overlay-gradient":""},"tablet":{"background-color":"","background-image":"","background-repeat":"repeat","background-position":"center center","background-size":"auto","background-attachment":"scroll","background-type":"","background-media":"","overlay-type":"","overlay-color":"","overlay-opacity":"","overlay-gradient":""},"mobile":{"background-color":"","background-image":"","background-repeat":"repeat","background-position":"center center","background-size":"auto","background-attachment":"scroll","background-type":"","background-media":"","overlay-type":"","overlay-color":"","overlay-opacity":"","overlay-gradient":""}},"ast-content-background-meta":{"desktop":{"background-color":"var(--ast-global-color-5)","background-image":"","background-repeat":"repeat","background-position":"center center","background-size":"auto","background-attachment":"scroll","background-type":"","background-media":"","overlay-type":"","overlay-color":"","overlay-opacity":"","overlay-gradient":""},"tablet":{"background-color":"var(--ast-global-color-5)","background-image":"","background-repeat":"repeat","background-position":"center center","background-size":"auto","background-attachment":"scroll","background-type":"","background-media":"","overlay-type":"","overlay-color":"","overlay-opacity":"","overlay-gradient":""},"mobile":{"background-color":"var(--ast-global-color-5)","background-image":"","background-repeat":"repeat","background-position":"center center","background-size":"auto","background-attachment":"scroll","background-type":"","background-media":"","overlay-type":"","overlay-color":"","overlay-opacity":"","overlay-gradient":""}},"footnotes":""},"categories":[8],"tags":[18328,247,18329],"class_list":["post-57420","post","type-post","status-publish","format-standard","has-post-thumbnail","hentry","category-noticias","tag-ines-parra-juarez","tag-morena","tag-quebranto-en-bienestar"],"_links":{"self":[{"href":"https:\/\/losperiodistas.com.mx\/portal\/wp-json\/wp\/v2\/posts\/57420","targetHints":{"allow":["GET"]}}],"collection":[{"href":"https:\/\/losperiodistas.com.mx\/portal\/wp-json\/wp\/v2\/posts"}],"about":[{"href":"https:\/\/losperiodistas.com.mx\/portal\/wp-json\/wp\/v2\/types\/post"}],"author":[{"embeddable":true,"href":"https:\/\/losperiodistas.com.mx\/portal\/wp-json\/wp\/v2\/users\/1"}],"replies":[{"embeddable":true,"href":"https:\/\/losperiodistas.com.mx\/portal\/wp-json\/wp\/v2\/comments?post=57420"}],"version-history":[{"count":1,"href":"https:\/\/losperiodistas.com.mx\/portal\/wp-json\/wp\/v2\/posts\/57420\/revisions"}],"predecessor-version":[{"id":57422,"href":"https:\/\/losperiodistas.com.mx\/portal\/wp-json\/wp\/v2\/posts\/57420\/revisions\/57422"}],"wp:featuredmedia":[{"embeddable":true,"href":"https:\/\/losperiodistas.com.mx\/portal\/wp-json\/wp\/v2\/media\/57421"}],"wp:attachment":[{"href":"https:\/\/losperiodistas.com.mx\/portal\/wp-json\/wp\/v2\/media?parent=57420"}],"wp:term":[{"taxonomy":"category","embeddable":true,"href":"https:\/\/losperiodistas.com.mx\/portal\/wp-json\/wp\/v2\/categories?post=57420"},{"taxonomy":"post_tag","embeddable":true,"href":"https:\/\/losperiodistas.com.mx\/portal\/wp-json\/wp\/v2\/tags?post=57420"}],"curies":[{"name":"wp","href":"https:\/\/api.w.org\/{rel}","templated":true}]}}