{"id":57417,"date":"2023-08-22T19:59:48","date_gmt":"2023-08-23T00:59:48","guid":{"rendered":"http:\/\/losperiodistas.com.mx\/portal\/?p=57417"},"modified":"2023-08-22T19:59:50","modified_gmt":"2023-08-23T00:59:50","slug":"rector-de-la-ibero-puebla-defiende-libros-de-texto-los-califica-como-adecuados-oem","status":"publish","type":"post","link":"https:\/\/losperiodistas.com.mx\/portal\/rector-de-la-ibero-puebla-defiende-libros-de-texto-los-califica-como-adecuados-oem\/","title":{"rendered":"Rector de la Ibero Puebla defiende libros de texto, los califica como adecuados | OEM"},"content":{"rendered":"\n<h3 class=\"has-medium-font-size wp-block-heading\">El rector de la Ibero Puebla dijo que, aunque se detectaron algunos errores en el contenido, esto no debe impedir su uso y distribuci\u00f3n<\/h3>\n\n\n\n<figure class=\"wp-block-image size-large is-style-default\"><img fetchpriority=\"high\" decoding=\"async\" width=\"1024\" height=\"728\" src=\"https:\/\/losperiodistas.com.mx\/portal\/wp-content\/uploads\/2023\/08\/Captura-de-Pantalla-2023-08-22-a-las-18.55.13-1024x728.jpg\" alt=\"\" class=\"wp-image-57418\" srcset=\"https:\/\/losperiodistas.com.mx\/portal\/wp-content\/uploads\/2023\/08\/Captura-de-Pantalla-2023-08-22-a-las-18.55.13-1024x728.jpg 1024w, https:\/\/losperiodistas.com.mx\/portal\/wp-content\/uploads\/2023\/08\/Captura-de-Pantalla-2023-08-22-a-las-18.55.13-300x213.jpg 300w, https:\/\/losperiodistas.com.mx\/portal\/wp-content\/uploads\/2023\/08\/Captura-de-Pantalla-2023-08-22-a-las-18.55.13-768x546.jpg 768w, https:\/\/losperiodistas.com.mx\/portal\/wp-content\/uploads\/2023\/08\/Captura-de-Pantalla-2023-08-22-a-las-18.55.13.jpg 1502w\" sizes=\"(max-width: 1024px) 100vw, 1024px\" \/><\/figure>\n\n\n\n<p><\/p>\n\n\n\n<p class=\"has-vivid-red-color has-text-color has-medium-font-size\"><strong>DANIELA HERN\u00c1NDEZ \/ EL SOL DE PUEBLA<\/strong><\/p>\n\n\n\n<p><strong>Mario Ernesto Patr\u00f3n Sanchez,<\/strong>&nbsp;rector de la&nbsp;<strong>Universidad Iberoamericana Puebla<\/strong>, defendi\u00f3 la distribuci\u00f3n de<strong>&nbsp;libros de texto gratuitos&nbsp;<\/strong>por parte de la Secretar\u00eda de Educaci\u00f3n P\u00fablica (SEP) en el pa\u00eds, toda vez que, asegur\u00f3, hay un&nbsp;<strong>abordaje adecuado en sus contenidos.<\/strong><\/p>\n\n\n\n<p>En entrevista, Patr\u00f3n S\u00e1nchez refiri\u00f3 que especialistas de la casa de estudios analizaron los contenidos de estos materiales, en donde, si bien encontraron \u00e1reas de oportunidad, estos\u00a0<strong>errores persisten de manera hist\u00f3rica<\/strong>\u00a0en los libros de texto, sin embargo, esto\u00a0<strong>no debe impedir su uso y distribuci\u00f3n.<\/strong><\/p>\n\n\n\n<p><strong><em>\u201cIndudablemente tambi\u00e9n tiene errores tipogr\u00e1ficos, de redacci\u00f3n y de imagen, pero por otra parte tambi\u00e9n encontramos valor y riqueza en los libros de texto\u201d,&nbsp;<\/em><\/strong>dijo.<\/p>\n\n\n\n<p>Descart\u00f3 que los abordajes respecto a las nuevas<strong>\u00a0divergencias e identidades sexo<\/strong>\u00a0gen\u00e9ricas afecten la forma de aprendizaje de los alumnos de educaci\u00f3n b\u00e1sica en el pa\u00eds.<\/p>\n\n\n\n<p>En tanto, afirm\u00f3 que lo preocupante en torno al debate de la distribuci\u00f3n de estos materiales es la&nbsp;<strong>polarizaci\u00f3n pol\u00edtica<\/strong>&nbsp;que hay detr\u00e1s, pues no permite abordar una reflexi\u00f3n precisa de sus contenidos desde&nbsp;<strong>una perspectiva que priorice a los estudiantes.<\/strong><\/p>\n\n\n\n<p><em>\u201cEs muy penoso el entorno de polarizaci\u00f3n pol\u00edtica alrededor, nos parece que es un reflejo de lo que est\u00e1 pasando en el pa\u00eds, es un tema que se deber\u00eda discutir con neutralidad pol\u00edtica, pero sobre todo con perspectiva pedag\u00f3gica, did\u00e1ctica e hist\u00f3rica\u201d,<\/em>&nbsp;opin\u00f3.<\/p>\n\n\n\n<p>Por lo anterior, el rector<strong>&nbsp;hizo un llamado a separar esta discusi\u00f3n del entorno pol\u00edtico e ideol\u00f3gico<\/strong>, pues la educaci\u00f3n, principalmente en Puebla, necesita priorizar el combate al rezago educativo que dej\u00f3 la pandemia de covid-19.<\/p>\n\n\n\n<p><em>\u201cNos preocupan las afirmaciones asociadas con el tema ideol\u00f3gico, tambi\u00e9n entendemos que la propia historia del pa\u00eds tiene un acervo ideol\u00f3gico, pero no consideramos que sean libros de car\u00e1cter comunista y tampoco consideramos que los libros sean inadecuados\u201d,\u00a0<\/em>finaliz\u00f3.<\/p>\n\n\n\n<p>Fuente: <a href=\"https:\/\/www.elsoldepuebla.com.mx\/local\/rector-de-la-ibero-puebla-defiende-libros-de-texto-los-califica-como-adecuados-10577860.html\">https:\/\/www.elsoldepuebla.com.mx\/local\/rector-de-la-ibero-puebla-defiende-libros-de-texto-los-califica-como-adecuados-10577860.html<\/a><\/p>\n","protected":false},"excerpt":{"rendered":"<p>El rector de la Ibero Puebla dijo que, aunque se detectaron algunos errores en el contenido, esto no debe impedir [&hellip;]<\/p>\n","protected":false},"author":1,"featured_media":57418,"comment_status":"open","ping_status":"open","sticky":false,"template":"","format":"standard","meta":{"site-sidebar-layout":"default","site-content-layout":"","ast-site-content-layout":"default","site-content-style":"default","site-sidebar-style":"default","ast-global-header-display":"","ast-banner-title-visibility":"","ast-main-header-display":"","ast-hfb-above-header-display":"","ast-hfb-below-header-display":"","ast-hfb-mobile-header-display":"","site-post-title":"","ast-breadcrumbs-content":"","ast-featured-img":"","footer-sml-layout":"","theme-transparent-header-meta":"","adv-header-id-meta":"","stick-header-meta":"","header-above-stick-meta":"","header-main-stick-meta":"","header-below-stick-meta":"","astra-migrate-meta-layouts":"default","ast-page-background-enabled":"default","ast-page-background-meta":{"desktop":{"background-color":"var(--ast-global-color-4)","background-image":"","background-repeat":"repeat","background-position":"center center","background-size":"auto","background-attachment":"scroll","background-type":"","background-media":"","overlay-type":"","overlay-color":"","overlay-opacity":"","overlay-gradient":""},"tablet":{"background-color":"","background-image":"","background-repeat":"repeat","background-position":"center center","background-size":"auto","background-attachment":"scroll","background-type":"","background-media":"","overlay-type":"","overlay-color":"","overlay-opacity":"","overlay-gradient":""},"mobile":{"background-color":"","background-image":"","background-repeat":"repeat","background-position":"center center","background-size":"auto","background-attachment":"scroll","background-type":"","background-media":"","overlay-type":"","overlay-color":"","overlay-opacity":"","overlay-gradient":""}},"ast-content-background-meta":{"desktop":{"background-color":"var(--ast-global-color-5)","background-image":"","background-repeat":"repeat","background-position":"center center","background-size":"auto","background-attachment":"scroll","background-type":"","background-media":"","overlay-type":"","overlay-color":"","overlay-opacity":"","overlay-gradient":""},"tablet":{"background-color":"var(--ast-global-color-5)","background-image":"","background-repeat":"repeat","background-position":"center center","background-size":"auto","background-attachment":"scroll","background-type":"","background-media":"","overlay-type":"","overlay-color":"","overlay-opacity":"","overlay-gradient":""},"mobile":{"background-color":"var(--ast-global-color-5)","background-image":"","background-repeat":"repeat","background-position":"center center","background-size":"auto","background-attachment":"scroll","background-type":"","background-media":"","overlay-type":"","overlay-color":"","overlay-opacity":"","overlay-gradient":""}},"footnotes":""},"categories":[8],"tags":[18327,12408,18326],"class_list":["post-57417","post","type-post","status-publish","format-standard","has-post-thumbnail","hentry","category-noticias","tag-libros-de-texto-adecuados","tag-mario-ernesto-patron-sanchez","tag-rector-ibero-puebla"],"_links":{"self":[{"href":"https:\/\/losperiodistas.com.mx\/portal\/wp-json\/wp\/v2\/posts\/57417","targetHints":{"allow":["GET"]}}],"collection":[{"href":"https:\/\/losperiodistas.com.mx\/portal\/wp-json\/wp\/v2\/posts"}],"about":[{"href":"https:\/\/losperiodistas.com.mx\/portal\/wp-json\/wp\/v2\/types\/post"}],"author":[{"embeddable":true,"href":"https:\/\/losperiodistas.com.mx\/portal\/wp-json\/wp\/v2\/users\/1"}],"replies":[{"embeddable":true,"href":"https:\/\/losperiodistas.com.mx\/portal\/wp-json\/wp\/v2\/comments?post=57417"}],"version-history":[{"count":1,"href":"https:\/\/losperiodistas.com.mx\/portal\/wp-json\/wp\/v2\/posts\/57417\/revisions"}],"predecessor-version":[{"id":57419,"href":"https:\/\/losperiodistas.com.mx\/portal\/wp-json\/wp\/v2\/posts\/57417\/revisions\/57419"}],"wp:featuredmedia":[{"embeddable":true,"href":"https:\/\/losperiodistas.com.mx\/portal\/wp-json\/wp\/v2\/media\/57418"}],"wp:attachment":[{"href":"https:\/\/losperiodistas.com.mx\/portal\/wp-json\/wp\/v2\/media?parent=57417"}],"wp:term":[{"taxonomy":"category","embeddable":true,"href":"https:\/\/losperiodistas.com.mx\/portal\/wp-json\/wp\/v2\/categories?post=57417"},{"taxonomy":"post_tag","embeddable":true,"href":"https:\/\/losperiodistas.com.mx\/portal\/wp-json\/wp\/v2\/tags?post=57417"}],"curies":[{"name":"wp","href":"https:\/\/api.w.org\/{rel}","templated":true}]}}