{"id":57413,"date":"2023-08-23T08:08:00","date_gmt":"2023-08-23T13:08:00","guid":{"rendered":"http:\/\/losperiodistas.com.mx\/portal\/?p=57413"},"modified":"2023-08-22T19:52:26","modified_gmt":"2023-08-23T00:52:26","slug":"dia-internacional-para-el-recuerdo-del-comercio-de-esclavos-y-su-abolicion-did","status":"publish","type":"post","link":"https:\/\/losperiodistas.com.mx\/portal\/dia-internacional-para-el-recuerdo-del-comercio-de-esclavos-y-su-abolicion-did\/","title":{"rendered":"D\u00eda Internacional para el recuerdo del comercio de esclavos y su abolici\u00f3n\u00a0| DID"},"content":{"rendered":"\n<p class=\"has-medium-font-size\">Tambien el 23 de agosto se celebran el D\u00eda del Internauto y el D\u00eda Internacional del Hashtag<\/p>\n\n\n\n<p><\/p>\n\n\n\n<figure class=\"wp-block-image size-full is-style-default\"><img fetchpriority=\"high\" decoding=\"async\" width=\"640\" height=\"426\" src=\"https:\/\/losperiodistas.com.mx\/portal\/wp-content\/uploads\/2023\/08\/prescripcion-2.jpg\" alt=\"\" class=\"wp-image-57414\" srcset=\"https:\/\/losperiodistas.com.mx\/portal\/wp-content\/uploads\/2023\/08\/prescripcion-2.jpg 640w, https:\/\/losperiodistas.com.mx\/portal\/wp-content\/uploads\/2023\/08\/prescripcion-2-300x200.jpg 300w\" sizes=\"(max-width: 640px) 100vw, 640px\" \/><\/figure>\n\n\n\n<p><\/p>\n\n\n\n<p class=\"has-vivid-red-color has-text-color has-medium-font-size\"><strong>D\u00cdA INTERNACIONAL DE<\/strong><\/p>\n\n\n\n<p>El 23 de agosto es el&nbsp;<strong>D\u00eda Internacional para el recuerdo del comercio de esclavos y su abolici\u00f3n<\/strong>.<\/p>\n\n\n\n<p>La raz\u00f3n de haber elegido este d\u00eda en particular se debe a la sublevaci\u00f3n de esclavos que tuvo lugar en Santo Domingo, hoy en d\u00eda conocido como Hait\u00ed, en el a\u00f1o 1791, donde no solo lograron la independencia de esa parte de la isla, sino que adem\u00e1s fueron el g\u00e9nesis para la abolici\u00f3n del comercio transatl\u00e1ntico de esclavos.<\/p>\n\n\n\n<h2 class=\"wp-block-heading\" id=\"resTit_1\">Origen de este D\u00eda Internacional<\/h2>\n\n\n\n<p>En realidad, la trata de esclavos como comercio legal tuvo una duraci\u00f3n de un poco m\u00e1s de 400 a\u00f1os, durante los cuales se vendieron a m\u00e1s de 15 millones de hombres, mujeres y ni\u00f1os, como si fuesen ganado, para someterles a los trabajos m\u00e1s duros y a condiciones de vida infrahumana.<\/p>\n\n\n\n<p>Esta realidad es lo que llev\u00f3 a la ONU a decretar en 1998 el 23 de agosto como&nbsp;<strong>D\u00eda Internacional para el recuerdo del comercio de esclavos y su abolici\u00f3n<\/strong>, no solo para recordar a las v\u00edctimas, sino para demostrar la importancia que tiene el respeto a los Derechos Humanos en el mundo.<\/p>\n\n\n\n<h2 class=\"wp-block-heading\" id=\"resTit_2\">La Ruta del Esclavo<\/h2>\n\n\n\n<p>La Ruta del Esclavo, es un proyecto intercultural que elabor\u00f3 la UNESCO, con el prop\u00f3sito de celebrar esta fecha.<\/p>\n\n\n\n<p>Se trata de efectuar un examen colectivo de las causas hist\u00f3ricas que dieron origen a este tipo de explotaci\u00f3n racial, estudiando tanto sus m\u00e9todos como las consecuencias de la tragedia.<\/p>\n\n\n\n<p>Tambi\u00e9n el proyecto busca conocer la forma en la que se origin\u00f3 la interacci\u00f3n entre \u00c1frica y Europa, a la que luego se sumar\u00eda Am\u00e9rica y el Caribe.<\/p>\n\n\n\n<p>El ideal que persigue la Ruta de Esclavos es el de no olvidar a los h\u00e9roes an\u00f3nimos por la libertad de toda una raza que se opusieron a los prejuicios raciales y a la explotaci\u00f3n humana.<\/p>\n\n\n\n<h2 class=\"wp-block-heading\" id=\"resTit_3\">\u00bfQu\u00e9 hacer para conmemorar este d\u00eda?<\/h2>\n\n\n\n<p>Lo m\u00e1s recomendable para celebrar el&nbsp;<strong>D\u00eda Internacional para el recuerdo del comercio de esclavos y su abolici\u00f3n<\/strong>, es asistir a charlas y simposios sobre el tema.<\/p>\n\n\n\n<p>Asistir a un acto cultural donde se exponga un poco de la cultura africana o documentales que muestren la lucha de los esclavos por su libertad.<\/p>\n\n\n\n<p>Tambi\u00e9n podr\u00edas transmitir estos valores a las futuras generaciones, educ\u00e1ndoles sobre estos hechos hist\u00f3ricos o proyect\u00e1ndoles pel\u00edculas como Amistad, El atlas de las nubes, el Color P\u00farpura o incluso alguna m\u00e1s reciente, como Diamante de Sangre, donde se demuestra como las personas siguen siendo esclavizadas en la actualidad.<\/p>\n\n\n\n<p>Otra acci\u00f3n que puedes realizar es compartir un mensaje reflexivo a trav\u00e9s de las redes sociales acompa\u00f1ado del hashtag\u00a0<strong>#D\u00edaInternacionalContraLaEsclavitud<\/strong>.<\/p>\n\n\n\n<h2 class=\"wp-block-heading\">D\u00eda del Internauta<\/h2>\n\n\n\n<p><strong>El Dia del Internautase celebra el 23 de agosto<\/strong>&nbsp;de cada a\u00f1o para conmemorar un aniversario m\u00e1s de la publicaci\u00f3n de la primera p\u00e1gina web a nivel mundial, un acontecimiento sin precedentes, que se llev\u00f3 a cabo en el a\u00f1o 1991 y que hasta la fecha representa uno de los m\u00e1s grandes avances tecnol\u00f3gicos de la humanidad.<\/p>\n\n\n\n<h2 class=\"wp-block-heading\" id=\"resTit_1\">\u00bfQu\u00e9 es un internauta?<\/h2>\n\n\n\n<p>Un internauta es una persona que se conecta a trav\u00e9s de&nbsp;<strong>Internet<\/strong>. Este importante medio se ha convertido en la principal herramienta tecnol\u00f3gica usada por millones de personas en todo el mundo y que le ha proporcionado al hombre moderno grandes avances, gracias a las distintas aplicaciones que se manejan en la red.<\/p>\n\n\n\n<p>Son muchas las ventajas que tiene un internauta cuando visita las distintas p\u00e1ginas, pudiendo conseguir toda la informaci\u00f3n que busca, adem\u00e1s de la posibilidad de interactuar y conocer a otras personas gracias a las distintas redes sociales.<\/p>\n\n\n\n<h2 class=\"wp-block-heading\" id=\"resTit_2\">\u00bfCu\u00e1l fue la primera p\u00e1gina web de la historia?<\/h2>\n\n\n\n<p>Esta p\u00e1gina fue creada por un ingeniero inform\u00e1tico de origen ingl\u00e9s llamado&nbsp;<strong>Timothy Jhon Berners-Lee, inventor de la World Wide Web&nbsp;<\/strong>y que fue creada en Suiza en los&nbsp;<strong>laboratorios CERN<\/strong>. Este hombre est\u00e1 considerado como una de las 100 personas m\u00e1s importantes e influyentes del siglo XX.<\/p>\n\n\n\n<h2 class=\"wp-block-heading\" id=\"resTit_3\"><\/h2>\n\n\n\n<figure class=\"wp-block-image is-style-default\"><img decoding=\"async\" src=\"https:\/\/www.diainternacionalde.com\/imagenes\/dias\/agosto\/08-23_dia-internauta_timothy-jhon-berners-lee_m.jpg\" alt=\"Tim Berners-Lee en 2014. De Paul Clarke.\" title=\"Tim Berners-Lee en 2014. De Paul Clarke.\"\/><figcaption><a href=\"https:\/\/commons.wikimedia.org\/w\/index.php?curid=53878695\" target=\"_blank\" rel=\"noreferrer noopener\">Tim Berners-Lee en 2014. De Paul Clarke &#8211; Trabajo propio, CC BY-SA 4.0<\/a>.<\/figcaption><\/figure>\n\n\n\n<p>El objetivo principal de este novedoso y original sistema fue intercambiar informaci\u00f3n relevante entre los distintos cient\u00edficos de las universidades alrededor del mundo, sin embargo, con el devenir de los a\u00f1os, se ha convertido en un verdadero boom tecnol\u00f3gico que cada d\u00eda traspasa m\u00e1s fronteras, para llegar a los lugares m\u00e1s rec\u00f3nditos del planeta.<\/p>\n\n\n\n<h2 class=\"wp-block-heading\" id=\"resTit_4\">El ciberespacio, ventajas y desventajas<\/h2>\n\n\n\n<p>Mucha gente tiende a confundir el&nbsp;<strong>Ciberesepacio con Internet<\/strong>, sin embargo, son dos conceptos que, aunque se relacionan, no significan lo mismo.<\/p>\n\n\n\n<p><strong>Internet&nbsp;<\/strong>representa la red de datos para transmitir la informaci\u00f3n, pero, es a trav\u00e9s del&nbsp;<strong>Ciberespacio&nbsp;<\/strong>que los internautas logran interactuar, enviar y recibir la informaci\u00f3n creada por cada uno de ellos.<\/p>\n\n\n\n<p>Este sorprendente y surrealista mundo virtual y que resulta tan fascinante para todos, ha revolucionado la forma de pensar, vivir y actuar de un alt\u00edsimo porcentaje de individuos y ha generado profundos cambios en los distintos \u00e1mbitos del quehacer humano, desde lo m\u00e1s personal hasta lo concerniente a temas&nbsp;<strong>econ\u00f3micos, sociales, pol\u00edticos y religiosos<\/strong>, capaz de traspasar todas las barreras.<\/p>\n\n\n\n<p>Sin embargo, no todo es bueno, ya que, como cualquier \u00e1mbito de la vida est\u00e1 sujeto a delitos y actuaciones irresponsables que provocan da\u00f1os individuales y colectivos a personas, instituciones, organismos y pa\u00edses en todo el mundo.<\/p>\n\n\n\n<h2 class=\"wp-block-heading\" id=\"resTit_5\">Cada d\u00eda son miles los internautas que se suman a Internet<\/h2>\n\n\n\n<p>De acuerdo al informe&nbsp;<strong>We are Social y<\/strong>&nbsp;<strong>Hootsuite<\/strong>, una plataforma que administra redes sociales,son m\u00e1s los internautas que hacen de Internet un estilo de vida.<\/p>\n\n\n\n<figure class=\"wp-block-image is-style-default\"><img decoding=\"async\" src=\"https:\/\/www.diainternacionalde.com\/imagenes\/dias\/agosto\/08-23_dia-internauta3_m.jpg\" alt=\"\" title=\"\"\/><\/figure>\n\n\n\n<p>Este estudio revel\u00f3 que poco a poco m\u00e1s personas entran a los distintos buscadores que hay en la red para estar actualizados e informados sobre el acontecer diario, comunicarse de forma efectiva y realizar distintas tareas que le brindan mayor comodidad y bienestar.<\/p>\n\n\n\n<p>Se estima que al menos existen unos 4.500 millones de internautas, sin embargo, la cifra crece exponencialmente.<\/p>\n\n\n\n<h2 class=\"wp-block-heading\" id=\"resTit_6\">\u00bfCu\u00e1les son los principales motores de b\u00fasqueda visitados por los internautas?<\/h2>\n\n\n\n<p>Son muchos los buscadores web que en la actualidad se manejan a nivel mundial, pero s\u00f3lo unos cuantos han logrado tener la aceptaci\u00f3n y preferencia entre los cibernautas, donde no cabe duda que el l\u00edder indiscutible es Google, que encabeza la lista con casi un 80%, seguido por otros que poco a poca han venido ganando fama como, por ejemplo:<\/p>\n\n\n\n<ul class=\"wp-block-list\"><li><strong>Baidu<\/strong>: Con un 12,11% de aceptaci\u00f3n, el primer buscador de China y que es bastante parecido a Google.<\/li><li><strong>Bing<\/strong>: Se ubica en el tercer lugar con 4,57% y a trav\u00e9s del \u00e9l, los cibernautas pueden acceder a los resultados de b\u00fasquedas m\u00e1s destacados de la Internet.<\/li><li><strong>Yahoo! Search<\/strong>: Con un 2,5 de aceptaci\u00f3n entre las personas, que de forma concreta ayuda a los cibernautas a dar con la informaci\u00f3n espec\u00edfica que desean obtener, como por ejemplo im\u00e1genes, videos, etc.<\/li><\/ul>\n\n\n\n<h2 class=\"wp-block-heading\" id=\"resTit_7\">Algunos datos curiosos sobre Internet que quiz\u00e1s desconoces<\/h2>\n\n\n\n<figure class=\"wp-block-image is-style-default\"><img decoding=\"async\" src=\"https:\/\/www.diainternacionalde.com\/imagenes\/dias\/agosto\/08-23_dia-internauta_m.jpg\" alt=\"\" title=\"\"\/><\/figure>\n\n\n\n<p>Aqu\u00ed te dejamos algunos datos interesantes que quiz\u00e1s no sab\u00edas:<\/p>\n\n\n\n<ul class=\"wp-block-list\"><li>Lograr que la televisi\u00f3n llegara a un mayor n\u00famero de personas, le llev\u00f3 al hombre casi 18 a\u00f1os, mientras que, a Internet, s\u00f3lo le llev\u00f3 cuatro a\u00f1os.<\/li><li>Uno de los sitios m\u00e1s visitados por los cibernautas es la plataforma&nbsp;<strong>YouTube<\/strong>, donde diariamente millones de personas entran a \u00e9l para ver y descargar los videos que all\u00ed se encuentran.<\/li><li>Se calcula que, de forma continua, millones de correos electr\u00f3nicos y tweets son enviados diariamente y no se puede cuantificar el n\u00famero de forma precisa.<\/li><li>Se estima que la llamada&nbsp;<strong>\u00abDeep Web\u00bb<\/strong>&nbsp;tiene una capacidad mayor a la superficie de la web. Se calcula que puede ser 500 veces m\u00e1s grande.<\/li><li>En los \u00faltimos tiempos, es m\u00e1s com\u00fan el uso de los dispositivos m\u00f3viles para navegar que el mismo ordenador.<\/li><li>Se calcula, que al menos 30.000 sitios webs son jaqueados diariamente en todo el mundo.<\/li><\/ul>\n\n\n\n<h2 class=\"wp-block-heading\" id=\"resTit_8\">\u00bfC\u00f3mo celebrar el d\u00eda del Internauta?<\/h2>\n\n\n\n<figure class=\"wp-block-image is-style-default\"><img decoding=\"async\" src=\"https:\/\/www.diainternacionalde.com\/imagenes\/dias\/agosto\/08-23_dia-internauta2_m.jpg\" alt=\"\" title=\"\"\/><\/figure>\n\n\n\n<p>Vale la pena celebrar este d\u00eda a lo grande, ya que gracias a la participaci\u00f3n de millones de cibernautas que d\u00eda a d\u00eda visitan Internet, es posible que esta importante tecnolog\u00eda virtual siga creciendo y ofreciendo m\u00e1s ventajas a los seres humanos durante muchas d\u00e9cadas m\u00e1s.<\/p>\n\n\n\n<p>Te invitamos a que sigas haciendo uso de internet, ya sea para realizar tr\u00e1mites, buscar un sitio para comer, buscar informaci\u00f3n sobre alg\u00fan viaje que quieras hacer, o visitar un museo virtual.<\/p>\n\n\n\n<p>Puedes celebrarlo tambi\u00e9n vali\u00e9ndote de las distintas redes sociales para compartirlo con toda la familia virtual que hoy existe en el ciberespacio y no te olvides de agregar el hashtag\u00a0<strong><em>#D\u00edadelInternauta<\/em><\/strong>.<\/p>\n\n\n\n<p><\/p>\n\n\n\n<h2 class=\"wp-block-heading\">D\u00eda Internacional del Hashtag<\/h2>\n\n\n\n<p>El 23 de agosto del a\u00f1o 2007, naci\u00f3 en&nbsp;<strong><em>Twitter<\/em><\/strong>&nbsp;lo que hoy conocemos con el nombre de hashtag, pero no fue hasta el a\u00f1o 2018 cuando la famosa red social del pajarito azul decret\u00f3 que cada 23 de agosto a partir de ese momento se conmemorar\u00eda de forma digital el&nbsp;<strong>D\u00eda Internacional del Hashtag<\/strong>.<\/p>\n\n\n\n<figure class=\"wp-block-image is-style-default\"><img decoding=\"async\" src=\"https:\/\/www.diainternacionalde.com\/imagenes\/dias\/agosto\/08-23_dia-hashtag_m.jpg\" alt=\"\" title=\"\"\/><\/figure>\n\n\n\n<h2 class=\"wp-block-heading\" id=\"resTit_1\">Una funcionalidad espontanea<\/h2>\n\n\n\n<p>Aunque no lo creas, el hashtag no fue una idea concebida por los creadores de Twitter, sino m\u00e1s bien una&nbsp;<strong>original acci\u00f3n procedente de un usuario de la red social,&nbsp;<em>Chris Messina<\/em><\/strong>, el cual comparti\u00f3 un mensaje que inclu\u00eda por vez primera la famosa etiqueta, escribi\u00e9ndola junto a la palabra #barcamp.<\/p>\n\n\n\n<p>El prop\u00f3sito de Messina era crear una especie de grupo entorno al hashtag, pero sin propon\u00e9rselo gener\u00f3 una nueva forma de clasificar la informaci\u00f3n y una manera mucho m\u00e1s sencilla de detectar los t\u00f3picos de inter\u00e9s o trending topics.<\/p>\n\n\n\n<p>El fen\u00f3meno hashtag se viraliz\u00f3 a tal manera, que dos a\u00f1os despu\u00e9s&nbsp;<strong><em>Twitter<\/em><\/strong>&nbsp;lo incluy\u00f3 como una de las funciones de la red social y desde entonces, se propago al resto de las plataformas sociales como Facebook, Instagram e incluso Youtube.<\/p>\n\n\n\n<p>Claro est\u00e1 que la manera de usar estas etiquetas varia de una red social a otra y su prop\u00f3sito es ligeramente diferente.<\/p>\n\n\n\n<h2 class=\"wp-block-heading\" id=\"resTit_2\">Curiosidades de los hashtags<\/h2>\n\n\n\n<p>Tal vez el dato m\u00e1s interesante que podemos dar sobre los hashtags, es que&nbsp;<strong>cada d\u00eda se comparte un promedio de&nbsp;<em>125 millones<\/em>&nbsp;de estas etiquetas en todo el mundo<\/strong>.<\/p>\n\n\n\n<p>Es m\u00e1s, los creadores de Twitter han desvelado que esta es una de las razones por las que quisieron crear un&nbsp;<strong>D\u00eda Internacional del Hashtag<\/strong>.<\/p>\n\n\n\n<p>Gracias a los hashtag muchas personas en el mundo han podido propagar de manera efectiva sus mensajes. Han generado un impacto no solo en la cultura de la humanidad, sino que han visibilizado realidades y problem\u00e1ticas que anteriormente pasaban desapercibidas, logrando calar en la conciencia general del mundo.<\/p>\n\n\n\n<h2 class=\"wp-block-heading\" id=\"resTit_3\">\u00bfC\u00f3mo celebrar este d\u00eda?<\/h2>\n\n\n\n<p>Celebrarlo es extremadamente sencillo, puesto que el propio&nbsp;<strong><em>Twitter<\/em><\/strong>&nbsp;ha creado un hashtag para celebrar el d\u00eda del hashtag, se trata de la etiqueta&nbsp;<strong>#HashtagDay<\/strong>&nbsp;y&nbsp;<strong>#D\u00edaDelHashtag<\/strong>.<\/p>\n\n\n\n<p>En a\u00f1os anteriores, usar estas etiquetas supon\u00eda que apareciera un emoji de coraz\u00f3n azul. Ya veremos c\u00f3mo nos sorprende este a\u00f1o no solo esta red social, sino todas las dem\u00e1s.<\/p>\n\n\n\n<p>Porque siendo completamente sinceros los hashtags son parte de la cultura digital colectiva. As\u00ed que comp\u00e1rtelos sea o no sea el D\u00eda Internacional del Hashtag.<\/p>\n\n\n\n<p>Fuente: <a href=\"https:\/\/www.diainternacionalde.com\/ficha\/dia-internacional-recuerdo-comercio-esclavos-abolicion\">https:\/\/www.diainternacionalde.com\/ficha\/dia-internacional-recuerdo-comercio-esclavos-abolicion<\/a><\/p>\n","protected":false},"excerpt":{"rendered":"<p>Tambien el 23 de agosto se celebran el D\u00eda del Internauto y el D\u00eda Internacional del Hashtag D\u00cdA INTERNACIONAL DE [&hellip;]<\/p>\n","protected":false},"author":1,"featured_media":57414,"comment_status":"open","ping_status":"open","sticky":false,"template":"","format":"standard","meta":{"site-sidebar-layout":"default","site-content-layout":"","ast-site-content-layout":"default","site-content-style":"default","site-sidebar-style":"default","ast-global-header-display":"","ast-banner-title-visibility":"","ast-main-header-display":"","ast-hfb-above-header-display":"","ast-hfb-below-header-display":"","ast-hfb-mobile-header-display":"","site-post-title":"","ast-breadcrumbs-content":"","ast-featured-img":"","footer-sml-layout":"","theme-transparent-header-meta":"","adv-header-id-meta":"","stick-header-meta":"","header-above-stick-meta":"","header-main-stick-meta":"","header-below-stick-meta":"","astra-migrate-meta-layouts":"default","ast-page-background-enabled":"default","ast-page-background-meta":{"desktop":{"background-color":"var(--ast-global-color-4)","background-image":"","background-repeat":"repeat","background-position":"center center","background-size":"auto","background-attachment":"scroll","background-type":"","background-media":"","overlay-type":"","overlay-color":"","overlay-opacity":"","overlay-gradient":""},"tablet":{"background-color":"","background-image":"","background-repeat":"repeat","background-position":"center center","background-size":"auto","background-attachment":"scroll","background-type":"","background-media":"","overlay-type":"","overlay-color":"","overlay-opacity":"","overlay-gradient":""},"mobile":{"background-color":"","background-image":"","background-repeat":"repeat","background-position":"center center","background-size":"auto","background-attachment":"scroll","background-type":"","background-media":"","overlay-type":"","overlay-color":"","overlay-opacity":"","overlay-gradient":""}},"ast-content-background-meta":{"desktop":{"background-color":"var(--ast-global-color-5)","background-image":"","background-repeat":"repeat","background-position":"center center","background-size":"auto","background-attachment":"scroll","background-type":"","background-media":"","overlay-type":"","overlay-color":"","overlay-opacity":"","overlay-gradient":""},"tablet":{"background-color":"var(--ast-global-color-5)","background-image":"","background-repeat":"repeat","background-position":"center center","background-size":"auto","background-attachment":"scroll","background-type":"","background-media":"","overlay-type":"","overlay-color":"","overlay-opacity":"","overlay-gradient":""},"mobile":{"background-color":"var(--ast-global-color-5)","background-image":"","background-repeat":"repeat","background-position":"center center","background-size":"auto","background-attachment":"scroll","background-type":"","background-media":"","overlay-type":"","overlay-color":"","overlay-opacity":"","overlay-gradient":""}},"footnotes":""},"categories":[8],"tags":[18324,18325,18323],"class_list":["post-57413","post","type-post","status-publish","format-standard","has-post-thumbnail","hentry","category-noticias","tag-diadelinternauta","tag-diainternacionalcontralaesclavitud","tag-hashtag"],"_links":{"self":[{"href":"https:\/\/losperiodistas.com.mx\/portal\/wp-json\/wp\/v2\/posts\/57413","targetHints":{"allow":["GET"]}}],"collection":[{"href":"https:\/\/losperiodistas.com.mx\/portal\/wp-json\/wp\/v2\/posts"}],"about":[{"href":"https:\/\/losperiodistas.com.mx\/portal\/wp-json\/wp\/v2\/types\/post"}],"author":[{"embeddable":true,"href":"https:\/\/losperiodistas.com.mx\/portal\/wp-json\/wp\/v2\/users\/1"}],"replies":[{"embeddable":true,"href":"https:\/\/losperiodistas.com.mx\/portal\/wp-json\/wp\/v2\/comments?post=57413"}],"version-history":[{"count":1,"href":"https:\/\/losperiodistas.com.mx\/portal\/wp-json\/wp\/v2\/posts\/57413\/revisions"}],"predecessor-version":[{"id":57416,"href":"https:\/\/losperiodistas.com.mx\/portal\/wp-json\/wp\/v2\/posts\/57413\/revisions\/57416"}],"wp:featuredmedia":[{"embeddable":true,"href":"https:\/\/losperiodistas.com.mx\/portal\/wp-json\/wp\/v2\/media\/57414"}],"wp:attachment":[{"href":"https:\/\/losperiodistas.com.mx\/portal\/wp-json\/wp\/v2\/media?parent=57413"}],"wp:term":[{"taxonomy":"category","embeddable":true,"href":"https:\/\/losperiodistas.com.mx\/portal\/wp-json\/wp\/v2\/categories?post=57413"},{"taxonomy":"post_tag","embeddable":true,"href":"https:\/\/losperiodistas.com.mx\/portal\/wp-json\/wp\/v2\/tags?post=57413"}],"curies":[{"name":"wp","href":"https:\/\/api.w.org\/{rel}","templated":true}]}}