{"id":57408,"date":"2023-08-22T19:35:09","date_gmt":"2023-08-23T00:35:09","guid":{"rendered":"http:\/\/losperiodistas.com.mx\/portal\/?p=57408"},"modified":"2023-08-22T19:35:11","modified_gmt":"2023-08-23T00:35:11","slug":"muertos-choque-cuacnopalan-oaxaca-numero-sube-a-16-confirma-inm-e-consulta","status":"publish","type":"post","link":"https:\/\/losperiodistas.com.mx\/portal\/muertos-choque-cuacnopalan-oaxaca-numero-sube-a-16-confirma-inm-e-consulta\/","title":{"rendered":"Muertos Choque Cuacnopalan-Oaxaca: n\u00famero sube a 16, confirma INM | E-Consulta"},"content":{"rendered":"\n<p class=\"has-medium-font-size\">El Instituto Nacional de Migraci\u00f3n precis\u00f3 que los fallecidos son 15 mexicanos y un venezolano<\/p>\n\n\n\n<div class=\"wp-block-image is-style-default\"><figure class=\"aligncenter size-full\"><img fetchpriority=\"high\" decoding=\"async\" width=\"640\" height=\"426\" src=\"https:\/\/losperiodistas.com.mx\/portal\/wp-content\/uploads\/2023\/08\/choque_cuacnopalan-oaxaca_sube_a_16_numero_de_muertos.jpg\" alt=\"\" class=\"wp-image-57409\" srcset=\"https:\/\/losperiodistas.com.mx\/portal\/wp-content\/uploads\/2023\/08\/choque_cuacnopalan-oaxaca_sube_a_16_numero_de_muertos.jpg 640w, https:\/\/losperiodistas.com.mx\/portal\/wp-content\/uploads\/2023\/08\/choque_cuacnopalan-oaxaca_sube_a_16_numero_de_muertos-300x200.jpg 300w\" sizes=\"(max-width: 640px) 100vw, 640px\" \/><figcaption>Foto: Andrea Castillo<br><a href=\"https:\/\/www.facebook.com\/sharer\/sharer.php?u=https:\/\/www.e-consulta.com\/nota\/2023-08-22\/municipios\/muertos-choque-cuacnopalan-oaxaca-numero-sube-16-confirma-inm\" target=\"_blank\" rel=\"noreferrer noopener\"><\/a><a href=\"https:\/\/twitter.com\/intent\/tweet?text=Muertos%20Choque%20Cuacnopalan-Oaxaca%3A%20n%C3%BAmero%20sube%20a%2016%2C%20confirma%20INM&amp;url=https:\/\/www.e-consulta.com\/nota\/2023-08-22\/municipios\/muertos-choque-cuacnopalan-oaxaca-numero-sube-16-confirma-inm&amp;via=e_consulta\" target=\"_blank\" rel=\"noreferrer noopener\"><\/a><a href=\"whatsapp:\/\/send?text=Muertos%20Choque%20Cuacnopalan-Oaxaca%3A%20n%C3%BAmero%20sube%20a%2016%2C%20confirma%20INM%20-%20[Leer]%20https:\/\/www.e-consulta.com\/nota\/2023-08-22\/municipios\/muertos-choque-cuacnopalan-oaxaca-numero-sube-16-confirma-inm\"><\/a><a href=\"\/\/www.e-consulta.com\/nota\/2023-08-22\/municipios\/muertos-choque-cuacnopalan-oaxaca-numero-sube-16-confirma-inm\" target=\"_blank\" rel=\"noreferrer noopener\"><\/a><\/figcaption><\/figure><\/div>\n\n\n\n<p class=\"has-vivid-red-color has-text-color has-medium-font-size\"><strong>ANDREA CASTILLO \/ E-CONSULTA<\/strong><\/p>\n\n\n\n<p>El n\u00famero de&nbsp;<strong>muertos<\/strong>&nbsp;por el&nbsp;<strong>choque&nbsp;<\/strong>en la&nbsp;<a href=\"https:\/\/www.e-consulta.com\/nota\/2023-08-22\/seguridad\/mueren-15-migrantes-tras-choque-en-la-cuacnopalan-oaxaca-fotos-y-video\" target=\"_blank\" rel=\"noreferrer noopener\"><strong>autopista Cuacnopalan-Oaxaca<\/strong>&nbsp;<\/a>ocurrido la<strong>&nbsp;madrugada de este martes<\/strong>&nbsp;aument\u00f3 a&nbsp;<strong>16<\/strong>, de acuerdo con el Instituto Nacional de Migraci\u00f3n (INM); se trata de&nbsp;<strong>15 mexicanos y un venezolano<\/strong>.<\/p>\n\n\n\n<p>El percance ocurri\u00f3 a la altura del&nbsp;<strong>kil\u00f3metro 91 de la vialidad<\/strong>, en Oaxaca, entre un&nbsp;<strong>cami\u00f3n tipo torton que impact\u00f3 con un autob\u00fas de pasajeros<\/strong>&nbsp;en el que viajaban 52 personas, 10 de ellas originarias de Venezuela.<\/p>\n\n\n\n<p>Las personas extranjeras que viajaban en el autob\u00fas contaban con una&nbsp;<strong>cita del programa CBP One<\/strong>&nbsp;para hacer su&nbsp;<strong>proceso de ingreso a Estados Unidos de manera regular<\/strong>, confirm\u00f3 el INM.<\/p>\n\n\n\n<p>De acuerdo con el&nbsp;<strong>REPORTE PRELIMINAR&nbsp;<\/strong>de&nbsp;<strong>Cruz Roja Puebla<\/strong>, en el&nbsp;<strong>Cessa de Tehuac\u00e1n<\/strong>&nbsp;permanecen hospitalizados:<\/p>\n\n\n\n<p>Te puede interesar:<\/p>\n\n\n\n<p><a href=\"https:\/\/www.e-consulta.com\/nota\/2023-08-22\/municipios\/migrantes-muertos-en-la-cuacnopalan-oaxaca-embajadas-aun-sin-acercarse\">Migrantes muertos en la Cuacnopalan-Oaxaca: embajadas, a\u00fan sin acercarse<\/a><\/p>\n\n\n\n<ul class=\"wp-block-list\"><li>Dos mujeres<\/li><li>Cinco hombres<\/li><li>Tres menores de edad varones<\/li><\/ul>\n\n\n\n<p>En el&nbsp;<strong>Hospital General de Tehuac\u00e1n<\/strong>:<\/p>\n\n\n\n<ul class=\"wp-block-list\"><li>15 mujeres<\/li><li>13 hombres<\/li><li>Tres menores de edad varones<\/li><li>Tres menores de edad femeninas<\/li><\/ul>\n\n\n\n<p>Y\u00a0<strong>los heridos ser\u00edan<\/strong>:<\/p>\n\n\n\n<p><a href=\"https:\/\/www.e-consulta.com\/nota\/2023-08-22\/municipios\/migrantes-lesionados-en-choque-autopista-cuacnopalan-oaxaca-lista\">Migrantes lesionados en choque autopista Cuacnopalan-Oaxaca: lista<\/a><\/p>\n\n\n\n<ul class=\"wp-block-list\"><li>Mauro Juan Paulino, de 56 a\u00f1os &#8211; M\u00e9xico<\/li><li><strong>Jos\u00e9 Ricardo Valencia Vaez, de 35 a\u00f1os \u2013 Venezuela<\/strong><\/li><li><strong>Jos\u00e9 Gregorio Chirinos Sanz, de 24 a\u00f1os &#8211; Venezuela<\/strong><\/li><li><strong>Jos\u00e9 Alfonso Manr\u00edquez Romero, de 23 a\u00f1os &#8211; Venezuela<\/strong><\/li><li>\u00c1ngel Cortez P\u00e9rez, de 14 a\u00f1os &#8211; Ciudad de M\u00e9xico<\/li><li>Mateo Cort\u00e9s P\u00e9rez, de 8 a\u00f1os &#8211; Ciudad de M\u00e9xico<\/li><li><strong>Keibi Daniel Alzuru Contreras, de 27 a\u00f1os \u2013 Venezuela<\/strong><\/li><li><strong>Gustavo Adolfo Montero Ozuna, de 50 a\u00f1os \u2013 Venezuela<\/strong><\/li><li>Sebasti\u00e1n Ram\u00edrez Vel\u00e1zquez, de 47 a\u00f1os \u2013 Quer\u00e9taro<\/li><li>Carlos Gerardo Hern\u00e1ndez Paulino, de 37 a\u00f1os &#8211; Ciudad de M\u00e9xico<\/li><li>H\u00e9ctor Luis Navarro Bautista, de 22 a\u00f1os<\/li><li><strong>Marcos Alejandro Medina Carrasquel, de 32 a\u00f1os \u2013 Venezuela<\/strong><\/li><li>Jessica Elizabeth Hip\u00f3lito V\u00e1zquez, de 32 a\u00f1os \u2013 Estado de M\u00e9xico<\/li><li>\u00c1ngel Alexis Ram\u00edrez S\u00e1nchez, de 9 a\u00f1os &#8211; Quer\u00e9taro<\/li><li><strong>Luis Enrique Salazar Alay\u00f3n, de 32 a\u00f1os \u2013 Venezuela<\/strong><\/li><li>Martha Itzel Hern\u00e1ndez M\u00e9ndez, de 25 a\u00f1os- Estado de M\u00e9xico<\/li><li>Aurelia S\u00e1nchez Garc\u00eda, de 51 a\u00f1os &#8211; Ciudad de M\u00e9xico<\/li><li><strong>Aar\u00f3n Segundo B\u00e1ez, de 57 a\u00f1os \u2014 Venezuela<\/strong><\/li><li>Mar\u00eda Del Carmen Aguilar Hern\u00e1ndez, de 48 a\u00f1os &#8211; Estado de M\u00e9xico<\/li><li>Jesica Elizabeth Apolito V\u00e1squez, de 11 a\u00f1os \u2013 Estado de M\u00e9xico<\/li><li>Nicandro Alfonso Quiroy Aguilar, de 21 a\u00f1os &#8211; Estado de M\u00e9xico<\/li><li>Guillermo Flores Miranda, de 54 a\u00f1os \u2013 Ciudad de M\u00e9xico<\/li><li>Eva Malla Reyes, de 47 a\u00f1os \u2013 Ciudad de M\u00e9xico<\/li><li>Francisca Cruz, de 63 a\u00f1os &#8211; Ciudad de M\u00e9xico<\/li><li>Mat\u00edas Leo Cruz, de 5 a\u00f1os- Ciudad de M\u00e9xico<\/li><li>Araceli Cruz Santiago, de 38 a\u00f1os &#8211; Oaxaca<\/li><li>Sergio Mart\u00ednez Mart\u00ednez, de 43 a\u00f1os &#8211; Oaxaca<\/li><li>Carlos Daniel Mart\u00ednez Cruz, de 10 a\u00f1os &#8211; Oaxaca<\/li><li>Lizbeth Mart\u00ednez Cruz, de 20 a\u00f1os &#8211; Oaxaca<\/li><li>Mauro Juan Mart\u00ednez Cruz, de 52 a\u00f1os &#8211; Oaxaca<\/li><li>Margarita Amalla Reyes, de 47 a\u00f1os &#8211; Oaxaca<\/li><li>Primitivo Cruz Palonec, de 81 a\u00f1os &#8211; Oaxaca<\/li><li>Carmena Ordaz Emilio, de 14 a\u00f1os<\/li><li>Reyna Isabel Ordaz Lucas, de 41 a\u00f1os &#8211; Oaxaca<\/li><li>Lua Gabriela Carmona Ordaz, de 5 a\u00f1os &#8211; Oaxaca<\/li><li>Eulalia Cruz, de 60 a\u00f1os &#8211; Oaxaca<\/li><li>Alicia V\u00e1zquez Amalla &#8211; Oaxaca<\/li><li>Carlos Mart\u00ednez Rivera, de 26 a\u00f1os &#8211; Puebla (traslado por familiares)<\/li><li>3 femeninas, sin datos<\/li><\/ul>\n\n\n\n<p>Fuente: <a href=\"https:\/\/www.e-consulta.com\/nota\/2023-08-22\/municipios\/muertos-choque-cuacnopalan-oaxaca-numero-sube-16-confirma-inm\">https:\/\/www.e-consulta.com\/nota\/2023-08-22\/municipios\/muertos-choque-cuacnopalan-oaxaca-numero-sube-16-confirma-inm<\/a><\/p>\n","protected":false},"excerpt":{"rendered":"<p>El Instituto Nacional de Migraci\u00f3n precis\u00f3 que los fallecidos son 15 mexicanos y un venezolano ANDREA CASTILLO \/ E-CONSULTA El [&hellip;]<\/p>\n","protected":false},"author":1,"featured_media":57409,"comment_status":"open","ping_status":"open","sticky":false,"template":"","format":"standard","meta":{"site-sidebar-layout":"default","site-content-layout":"","ast-site-content-layout":"default","site-content-style":"default","site-sidebar-style":"default","ast-global-header-display":"","ast-banner-title-visibility":"","ast-main-header-display":"","ast-hfb-above-header-display":"","ast-hfb-below-header-display":"","ast-hfb-mobile-header-display":"","site-post-title":"","ast-breadcrumbs-content":"","ast-featured-img":"","footer-sml-layout":"","theme-transparent-header-meta":"","adv-header-id-meta":"","stick-header-meta":"","header-above-stick-meta":"","header-main-stick-meta":"","header-below-stick-meta":"","astra-migrate-meta-layouts":"default","ast-page-background-enabled":"default","ast-page-background-meta":{"desktop":{"background-color":"var(--ast-global-color-4)","background-image":"","background-repeat":"repeat","background-position":"center center","background-size":"auto","background-attachment":"scroll","background-type":"","background-media":"","overlay-type":"","overlay-color":"","overlay-opacity":"","overlay-gradient":""},"tablet":{"background-color":"","background-image":"","background-repeat":"repeat","background-position":"center center","background-size":"auto","background-attachment":"scroll","background-type":"","background-media":"","overlay-type":"","overlay-color":"","overlay-opacity":"","overlay-gradient":""},"mobile":{"background-color":"","background-image":"","background-repeat":"repeat","background-position":"center center","background-size":"auto","background-attachment":"scroll","background-type":"","background-media":"","overlay-type":"","overlay-color":"","overlay-opacity":"","overlay-gradient":""}},"ast-content-background-meta":{"desktop":{"background-color":"var(--ast-global-color-5)","background-image":"","background-repeat":"repeat","background-position":"center center","background-size":"auto","background-attachment":"scroll","background-type":"","background-media":"","overlay-type":"","overlay-color":"","overlay-opacity":"","overlay-gradient":""},"tablet":{"background-color":"var(--ast-global-color-5)","background-image":"","background-repeat":"repeat","background-position":"center center","background-size":"auto","background-attachment":"scroll","background-type":"","background-media":"","overlay-type":"","overlay-color":"","overlay-opacity":"","overlay-gradient":""},"mobile":{"background-color":"var(--ast-global-color-5)","background-image":"","background-repeat":"repeat","background-position":"center center","background-size":"auto","background-attachment":"scroll","background-type":"","background-media":"","overlay-type":"","overlay-color":"","overlay-opacity":"","overlay-gradient":""}},"footnotes":""},"categories":[8],"tags":[18320,18318,3828,18322],"class_list":["post-57408","post","type-post","status-publish","format-standard","has-post-thumbnail","hentry","category-noticias","tag-carretera-cuacnopalan-oaxaca","tag-choque-autobus","tag-migrantes","tag-migrantes-venezolanos"],"_links":{"self":[{"href":"https:\/\/losperiodistas.com.mx\/portal\/wp-json\/wp\/v2\/posts\/57408","targetHints":{"allow":["GET"]}}],"collection":[{"href":"https:\/\/losperiodistas.com.mx\/portal\/wp-json\/wp\/v2\/posts"}],"about":[{"href":"https:\/\/losperiodistas.com.mx\/portal\/wp-json\/wp\/v2\/types\/post"}],"author":[{"embeddable":true,"href":"https:\/\/losperiodistas.com.mx\/portal\/wp-json\/wp\/v2\/users\/1"}],"replies":[{"embeddable":true,"href":"https:\/\/losperiodistas.com.mx\/portal\/wp-json\/wp\/v2\/comments?post=57408"}],"version-history":[{"count":1,"href":"https:\/\/losperiodistas.com.mx\/portal\/wp-json\/wp\/v2\/posts\/57408\/revisions"}],"predecessor-version":[{"id":57410,"href":"https:\/\/losperiodistas.com.mx\/portal\/wp-json\/wp\/v2\/posts\/57408\/revisions\/57410"}],"wp:featuredmedia":[{"embeddable":true,"href":"https:\/\/losperiodistas.com.mx\/portal\/wp-json\/wp\/v2\/media\/57409"}],"wp:attachment":[{"href":"https:\/\/losperiodistas.com.mx\/portal\/wp-json\/wp\/v2\/media?parent=57408"}],"wp:term":[{"taxonomy":"category","embeddable":true,"href":"https:\/\/losperiodistas.com.mx\/portal\/wp-json\/wp\/v2\/categories?post=57408"},{"taxonomy":"post_tag","embeddable":true,"href":"https:\/\/losperiodistas.com.mx\/portal\/wp-json\/wp\/v2\/tags?post=57408"}],"curies":[{"name":"wp","href":"https:\/\/api.w.org\/{rel}","templated":true}]}}