{"id":57391,"date":"2023-08-22T13:53:52","date_gmt":"2023-08-22T18:53:52","guid":{"rendered":"http:\/\/losperiodistas.com.mx\/portal\/?p=57391"},"modified":"2023-08-22T13:53:54","modified_gmt":"2023-08-22T18:53:54","slug":"investidura-y-ronda-de-consultas-ultimas-noticias-en-directo-el-rey-propone-la-investidura-de-feijoo-el-pais","status":"publish","type":"post","link":"https:\/\/losperiodistas.com.mx\/portal\/investidura-y-ronda-de-consultas-ultimas-noticias-en-directo-el-rey-propone-la-investidura-de-feijoo-el-pais\/","title":{"rendered":"Investidura y ronda de consultas, \u00faltimas noticias en directo | El Rey propone la investidura de Feij\u00f3o | El Pa\u00eds"},"content":{"rendered":"\n<h2 class=\"has-luminous-vivid-amber-background-color has-background has-medium-font-size wp-block-heading\">Felipe VI ha propuesto al l\u00edder del PP, seg\u00fan ha comunicado a la presidenta del Congreso, Francina Armengol | El dirigente popular cuenta, por el momento, con 172 apoyos, que ser\u00edan insuficientes para ser elegido presidente<\/h2>\n\n\n\n<figure class=\"wp-block-image size-large is-style-default\"><img fetchpriority=\"high\" decoding=\"async\" width=\"1024\" height=\"681\" src=\"https:\/\/losperiodistas.com.mx\/portal\/wp-content\/uploads\/2023\/08\/Captura-de-Pantalla-2023-08-22-a-las-12.47.03-1024x681.jpg\" alt=\"\" class=\"wp-image-57392\" srcset=\"https:\/\/losperiodistas.com.mx\/portal\/wp-content\/uploads\/2023\/08\/Captura-de-Pantalla-2023-08-22-a-las-12.47.03-1024x681.jpg 1024w, https:\/\/losperiodistas.com.mx\/portal\/wp-content\/uploads\/2023\/08\/Captura-de-Pantalla-2023-08-22-a-las-12.47.03-300x200.jpg 300w, https:\/\/losperiodistas.com.mx\/portal\/wp-content\/uploads\/2023\/08\/Captura-de-Pantalla-2023-08-22-a-las-12.47.03-768x511.jpg 768w, https:\/\/losperiodistas.com.mx\/portal\/wp-content\/uploads\/2023\/08\/Captura-de-Pantalla-2023-08-22-a-las-12.47.03-1536x1022.jpg 1536w, https:\/\/losperiodistas.com.mx\/portal\/wp-content\/uploads\/2023\/08\/Captura-de-Pantalla-2023-08-22-a-las-12.47.03-2048x1362.jpg 2048w\" sizes=\"(max-width: 1024px) 100vw, 1024px\" \/><figcaption>El rey Felipe VI recibe al l\u00edder del PP, Alberto N\u00fa\u00f1ez Feij\u00f3o, este martes. SEBASTIAN MARISCAL MARTINEZ (EFE)<\/figcaption><\/figure>\n\n\n\n<p class=\"has-vivid-red-color has-text-color has-medium-font-size\"><strong>EL PA\u00cdS<\/strong><\/p>\n\n\n\n<p>El Rey ha propuesto este martes al l\u00edder del PP, Alberto N\u00fa\u00f1ez Feij\u00f3o, como candidato a la investidura, seg\u00fan ha comunicado la Casa Real a la presidencia del Congreso, Francina Armengol, tras finalizar la ronda de consultas del jefe del Estado con los partidos pol\u00edticos. Feij\u00f3o ha aceptado el encargo. Esa investidura, sin embargo, est\u00e1 en este momento condenada al fracaso, porque el PP solo cuenta con 172 votos a favor en el Congreso (los de su grupo m\u00e1s los de Vox, UPN y Coalici\u00f3n Canaria) y tiene en contra 178 (los del PSOE, Sumar, Junts, ERC, EH Bildu, PNV y BNG). Por su parte, el presidente del Gobierno y<a href=\"https:\/\/elpais.com\/espana\/2023-08-22\/sanchez-le-dice-al-rey-que-tendra-apoyos-para-la-investidura-pero-no-se-opone-a-que-feijoo-lo-intente.html\" target=\"_blank\" rel=\"noreferrer noopener\">\u00a0candidato del PSOE, Pedro S\u00e1nchez<\/a>, ha afirmado que cree que su partido \u201cest\u00e1 en condiciones de aunar el respaldo parlamentario exigido\u201d para reeditar un Ejecutivo progresista. El PNV ha confirmado que este martes ha recibido la primera llamada del PSOE para recabar su apoyo. S\u00e1nchez ha recordado al PP que la investidura no es un \u201ctr\u00e1mite de exhibici\u00f3n\u201d y ha dicho que los \u201cesfuerzos y contorsiones\u201d de los populares son \u201cleg\u00edtimos\u201d pero \u201cbald\u00edos\u201d.<\/p>\n\n\n\n<p>Feij\u00f3o agradece a Felipe VI la decisi\u00f3n de proponerlo como candidato a la investidura<\/p>\n\n\n\n<p>El l\u00edder del Partido Popular, Alberto N\u00fa\u00f1ez Feij\u00f3o, ha agradecido al rey Felipe VI la decisi\u00f3n de nombrarle candidato a la Presidencia del Gobierno. El popular ha expresado su intenci\u00f3n de dar \u201cvoz a los m\u00e1s de 11 millones de ciudadanos\u201d que votaron al PP y a los partidos que apoyar\u00e1n su investidura (Vox, Coalici\u00f3n Canaria\u00a0y UPN).\u00a0<\/p>\n\n\n\n<figure class=\"wp-block-embed is-type-rich is-provider-twitter wp-block-embed-twitter\"><div class=\"wp-block-embed__wrapper\">\n<blockquote class=\"twitter-tweet\" data-width=\"500\" data-dnt=\"true\"><p lang=\"es\" dir=\"ltr\">Agradezco a S.M. el Rey su decisi\u00f3n de nombrarme candidato a la Presidencia del Gobierno.<br><br>Daremos voz a los m\u00e1s de 11 millones de ciudadanos que quieren cambio, estabilidad y moderaci\u00f3n con un Gobierno que defienda la igualdad de todos los espa\u00f1oles. <a href=\"https:\/\/t.co\/fLqCBiZoir\">pic.twitter.com\/fLqCBiZoir<\/a><\/p>&mdash; Alberto N\u00fa\u00f1ez Feij\u00f3o (@NunezFeijoo) <a href=\"https:\/\/twitter.com\/NunezFeijoo\/status\/1694055633081807007?ref_src=twsrc%5Etfw\">August 22, 2023<\/a><\/blockquote><script async src=\"https:\/\/platform.twitter.com\/widgets.js\" charset=\"utf-8\"><\/script>\n<\/div><\/figure>\n\n\n\n<p>Qu\u00e9 ha pasado en las \u00faltimas horas<\/p>\n\n\n\n<p>Esto es lo m\u00e1s relevante que ha ocurrido hasta las 20.45 de este martes 22 de agosto, segunda jornada de la ronda de consultas del Rey con los partidos pol\u00edticos:<\/p>\n\n\n\n<p><a href=\"https:\/\/elpais.com\/espana\/2023-08-22\/ultimas-noticias-de-la-nueva-legislatura-negociaciones-y-pactos-del-gobierno-en-directo.html#ad41c9dd61683948ae1b3c497b46df4a\"><strong>Felipe VI ha encargado al Feij\u00f3o que se presente como candidato a la investidura.&nbsp;<\/strong><\/a>La fecha del debate ser\u00e1 fijada por la presidenta del Congreso, la socialista Francina Armengol, que ha afirmado durante su comparecencia que se pondr\u00e1 en contacto con Feij\u00f3o \u201cinmediatamente\u201d para saber su opini\u00f3n y despu\u00e9s tomar\u00e1 la decisi\u00f3n \u00abm\u00e1s adecuada\u00bb.<\/p>\n\n\n\n<p><strong><a href=\"https:\/\/elpais.com\/espana\/2023-08-22\/ultimas-noticias-de-la-nueva-legislatura-negociaciones-y-pactos-del-gobierno-en-directo.html#11cf6a8f457e37e38592a1abb4ace2f6\">El l\u00edder del PP ha agradecido de forma expl\u00edcita a Vox y a su l\u00edder el apoyo de sus diputados.<\/a><\/strong>Feij\u00f3o y Abascal hablaron esta ma\u00f1ana antes de la audiencia con el Rey y recondujeron el \u201cmalentendido\u201d, seg\u00fan Feij\u00f3o, que les hab\u00eda enfrentado en los \u00faltimos d\u00edas.<\/p>\n\n\n\n<p><a href=\"https:\/\/elpais.com\/espana\/2023-08-22\/sanchez-le-dice-al-rey-que-tendra-apoyos-para-la-investidura-pero-no-se-opone-a-que-feijoo-lo-intente.html\"><strong>S\u00e1nchez ha dicho al Rey que tendr\u00e1 apoyos para la investidura.<\/strong><\/a>&nbsp;Ese intento de Feij\u00f3o ser\u00eda, seg\u00fan S\u00e1nchez, \u201cun tr\u00e1mite de exhibici\u00f3n\u201d y no un aut\u00e9ntico debate de investidura, que \u201ctiene como \u00fanica finalidad reunir el respaldo necesario\u201d para ser designado presidente del Gobierno.<\/p>\n\n\n\n<p><a href=\"https:\/\/elpais.com\/espana\/2023-08-22\/ultimas-noticias-de-la-nueva-legislatura-negociaciones-y-pactos-del-gobierno-en-directo.html#acbed687b2773f678a9e616a40687569\"><strong>El PNV ha recibido la llamada del PSOE para hablar de la investidura.<\/strong><\/a>El dirigente del PNV ha asegurado que no se han citado todav\u00eda, sino que va a trasladar la comunicaci\u00f3n dentro del partido, y se ver\u00e1 \u00abcu\u00e1ndo quedan\u00bb con el PSOE.Act.\u00a022\u00a0ago\u00a02023 &#8211; 12:45\u00a0CST<\/p>\n\n\n\n<p><\/p>\n\n\n\n<div class=\"wp-block-image is-style-default\"><figure class=\"alignleft is-resized\"><img decoding=\"async\" src=\"https:\/\/s3.amazonaws.com\/arc-authors\/prisa\/ddbddc3c-c44a-42bd-92a6-bfe243bd41e4.jpg\" alt=\"Miguel Gonz\u00e1lez\" width=\"-581\" height=\"-581\"\/><\/figure><\/div>\n\n\n\n<p>MIGUEL GONZ\u00c1LEZ Corresponsal diplom\u00e1tico y de Defensa de EL PA\u00cdS<\/p>\n\n\n\n<p style=\"font-size:26px\"><strong>La Zarzuela justifica la elecci\u00f3n de Feij\u00f3o en que el PP fue el m\u00e1s votado y nadie tiene mayor\u00eda<\/strong><\/p>\n\n\n\n<p>La Casa del Rey ha justificado la propuesta de Alberto N\u00fa\u00f1ez como candidato a la investidura recordando que el Partido Popular fue el m\u00e1s votado en las elecciones del pasado 23&nbsp;de julio. Con la excepci\u00f3n \u2014en alusi\u00f3n a la legislatura XI, iniciada en enero de 2016, cuando Mariano Rajoy declin\u00f3 la propuesta del Rey para que sometiera a la investidura y lo hizo en su lugar Pedro S\u00e1nchez\u2014, en todas las elecciones generales celebradas tras la entrada en vigor de la Constituci\u00f3n, \u201cel candidato del grupo pol\u00edtico que ha obtenido el mayor n\u00famero de esca\u00f1os ha sido el primero en ser propuesto por Su Majestad el Rey como candidato a la Presidencia del Gobierno\u201d, por lo que \u201cesta pr\u00e1ctica se ha ido convirtiendo con el paso de los a\u00f1os en una costumbre\u201d.<\/p>\n\n\n\n<p>M\u00e1s all\u00e1 de esa costumbre, subraya La Zarzuela, en la ronda de consultas llevada a cabo este lunes y martes por el Rey con los representantes de los grupos pol\u00edticos del Congreso, \u201cno se ha constatado, a d\u00eda de hoy, la existencia de una mayor\u00eda suficiente para la investidura que, en su caso, hiciera decaer esta costumbre\u201d.<\/p>\n\n\n\n<p>El comunicado, que se ha hecho p\u00fablico instantes despu\u00e9s de que la presidenta del Congreso, Francina Armengol, anunciara la propuesta de Feij\u00f3o como candidato a la investidura, recuerda que, si este no obtuviera la confianza de la C\u00e1mara baja, lo que parece probable, Felipe VI \u201ctramitar\u00e1 sucesivas propuestas\u201d de candidatos. Si ninguno de ellos resultase elegido en el plazo de dos meses tras la primera votaci\u00f3n, \u201cel Rey proceder\u00e1 a la disoluci\u00f3n de las C\u00e1maras y a la convocatoria de nuevas elecciones generales con el refrendo de la presidenta del Congreso\u201d.<\/p>\n\n\n\n<p>Fuente: <a href=\"https:\/\/elpais.com\/espana\/2023-08-22\/ultimas-noticias-de-la-nueva-legislatura-negociaciones-y-pactos-del-gobierno-en-directo.html\">https:\/\/elpais.com\/espana\/2023-08-22\/ultimas-noticias-de-la-nueva-legislatura-negociaciones-y-pactos-del-gobierno-en-directo.html<\/a><\/p>\n","protected":false},"excerpt":{"rendered":"<p>Felipe VI ha propuesto al l\u00edder del PP, seg\u00fan ha comunicado a la presidenta del Congreso, Francina Armengol | El [&hellip;]<\/p>\n","protected":false},"author":1,"featured_media":57392,"comment_status":"open","ping_status":"open","sticky":false,"template":"","format":"standard","meta":{"site-sidebar-layout":"default","site-content-layout":"","ast-site-content-layout":"default","site-content-style":"default","site-sidebar-style":"default","ast-global-header-display":"","ast-banner-title-visibility":"","ast-main-header-display":"","ast-hfb-above-header-display":"","ast-hfb-below-header-display":"","ast-hfb-mobile-header-display":"","site-post-title":"","ast-breadcrumbs-content":"","ast-featured-img":"","footer-sml-layout":"","theme-transparent-header-meta":"","adv-header-id-meta":"","stick-header-meta":"","header-above-stick-meta":"","header-main-stick-meta":"","header-below-stick-meta":"","astra-migrate-meta-layouts":"default","ast-page-background-enabled":"default","ast-page-background-meta":{"desktop":{"background-color":"var(--ast-global-color-4)","background-image":"","background-repeat":"repeat","background-position":"center center","background-size":"auto","background-attachment":"scroll","background-type":"","background-media":"","overlay-type":"","overlay-color":"","overlay-opacity":"","overlay-gradient":""},"tablet":{"background-color":"","background-image":"","background-repeat":"repeat","background-position":"center center","background-size":"auto","background-attachment":"scroll","background-type":"","background-media":"","overlay-type":"","overlay-color":"","overlay-opacity":"","overlay-gradient":""},"mobile":{"background-color":"","background-image":"","background-repeat":"repeat","background-position":"center center","background-size":"auto","background-attachment":"scroll","background-type":"","background-media":"","overlay-type":"","overlay-color":"","overlay-opacity":"","overlay-gradient":""}},"ast-content-background-meta":{"desktop":{"background-color":"var(--ast-global-color-5)","background-image":"","background-repeat":"repeat","background-position":"center center","background-size":"auto","background-attachment":"scroll","background-type":"","background-media":"","overlay-type":"","overlay-color":"","overlay-opacity":"","overlay-gradient":""},"tablet":{"background-color":"var(--ast-global-color-5)","background-image":"","background-repeat":"repeat","background-position":"center center","background-size":"auto","background-attachment":"scroll","background-type":"","background-media":"","overlay-type":"","overlay-color":"","overlay-opacity":"","overlay-gradient":""},"mobile":{"background-color":"var(--ast-global-color-5)","background-image":"","background-repeat":"repeat","background-position":"center center","background-size":"auto","background-attachment":"scroll","background-type":"","background-media":"","overlay-type":"","overlay-color":"","overlay-opacity":"","overlay-gradient":""}},"footnotes":""},"categories":[8],"tags":[18316,7200,18317],"class_list":["post-57391","post","type-post","status-publish","format-standard","has-post-thumbnail","hentry","category-noticias","tag-feijoo-propuesto-para-formar-gobierno","tag-felipe-vi","tag-gobierno-de-espana"],"_links":{"self":[{"href":"https:\/\/losperiodistas.com.mx\/portal\/wp-json\/wp\/v2\/posts\/57391","targetHints":{"allow":["GET"]}}],"collection":[{"href":"https:\/\/losperiodistas.com.mx\/portal\/wp-json\/wp\/v2\/posts"}],"about":[{"href":"https:\/\/losperiodistas.com.mx\/portal\/wp-json\/wp\/v2\/types\/post"}],"author":[{"embeddable":true,"href":"https:\/\/losperiodistas.com.mx\/portal\/wp-json\/wp\/v2\/users\/1"}],"replies":[{"embeddable":true,"href":"https:\/\/losperiodistas.com.mx\/portal\/wp-json\/wp\/v2\/comments?post=57391"}],"version-history":[{"count":1,"href":"https:\/\/losperiodistas.com.mx\/portal\/wp-json\/wp\/v2\/posts\/57391\/revisions"}],"predecessor-version":[{"id":57393,"href":"https:\/\/losperiodistas.com.mx\/portal\/wp-json\/wp\/v2\/posts\/57391\/revisions\/57393"}],"wp:featuredmedia":[{"embeddable":true,"href":"https:\/\/losperiodistas.com.mx\/portal\/wp-json\/wp\/v2\/media\/57392"}],"wp:attachment":[{"href":"https:\/\/losperiodistas.com.mx\/portal\/wp-json\/wp\/v2\/media?parent=57391"}],"wp:term":[{"taxonomy":"category","embeddable":true,"href":"https:\/\/losperiodistas.com.mx\/portal\/wp-json\/wp\/v2\/categories?post=57391"},{"taxonomy":"post_tag","embeddable":true,"href":"https:\/\/losperiodistas.com.mx\/portal\/wp-json\/wp\/v2\/tags?post=57391"}],"curies":[{"name":"wp","href":"https:\/\/api.w.org\/{rel}","templated":true}]}}