{"id":57388,"date":"2023-08-22T13:20:33","date_gmt":"2023-08-22T18:20:33","guid":{"rendered":"http:\/\/losperiodistas.com.mx\/portal\/?p=57388"},"modified":"2023-08-22T13:20:36","modified_gmt":"2023-08-22T18:20:36","slug":"diogenes-la-pelicula-peruana-que-nacio-de-un-sueno-y-plantea-no-repetir-errores-del-pasado-france-24","status":"publish","type":"post","link":"https:\/\/losperiodistas.com.mx\/portal\/diogenes-la-pelicula-peruana-que-nacio-de-un-sueno-y-plantea-no-repetir-errores-del-pasado-france-24\/","title":{"rendered":"&#8216;Di\u00f3genes&#8217;, la pel\u00edcula peruana que naci\u00f3 de un sue\u00f1o y plantea no repetir errores del pasado\u00a0| France 24"},"content":{"rendered":"\n<figure class=\"wp-block-embed is-type-video is-provider-youtube wp-block-embed-youtube wp-embed-aspect-16-9 wp-has-aspect-ratio\"><div class=\"wp-block-embed__wrapper\">\n<iframe title=\"&quot;Di\u00f3genes&quot;, la pel\u00edcula peruana que naci\u00f3 de un sue\u00f1o\" width=\"500\" height=\"281\" src=\"https:\/\/www.youtube.com\/embed\/tbQE9rcrmms?feature=oembed\" frameborder=\"0\" allow=\"accelerometer; autoplay; clipboard-write; encrypted-media; gyroscope; picture-in-picture; web-share\" referrerpolicy=\"strict-origin-when-cross-origin\" allowfullscreen><\/iframe>\n<\/div><figcaption>CULTURA\u00a0\u00a9 &#8216;Di\u00f3genes&#8217; &#8211; Leonardo Barbuy La Torre<\/figcaption><\/figure>\n\n\n\n<p class=\"has-vivid-red-color has-text-color\"><strong>FRANCE 24<\/strong><\/p>\n\n\n\n<p>En esta nueva cr\u00f3nica de Cultura, conversamos con Leonardo Barbuy, creador de la pel\u00edcula &#8216;Di\u00f3genes&#8217;, desde su natal Per\u00fa. La cinta, ganadora de las categor\u00edas a Mejor Pel\u00edcula iberoamericana y Mejor Direcci\u00f3n en el Festival de M\u00e1laga, propone repensar la concepci\u00f3n de la muerte y de las relaciones humanas. Barbuy detalla que la pel\u00edcula busca generar consciencia frente a la historia violenta de desapariciones y muertes en Per\u00fa. Tambi\u00e9n habl\u00f3 de la est\u00e9tica y la imagen en blanco y negro.<\/p>\n\n\n\n<p>\u00bfQu\u00e9 pasa con la muerte? \u00bfY c\u00f3mo nos pensamos a partir de la violencia? Son algunas de las preguntas que se plantea Leonardo Barbuy en su galardonada pel\u00edcula &#8216;Di\u00f3genes&#8217;.<\/p>\n\n\n\n<p>Barbuy aborda el tema de la muerte y la violencia de distintas formas y una de ellas es la est\u00e9tica y la imagen en blanco y negro. \u201cLa violencia es de contraste y tiene muchas zonas oscuras\u201d, sostiene.<\/p>\n\n\n\n<p>El estreno de la pel\u00edcula coincide con el aniversario n\u00famero 20 de la entrega del Informe de la Comisi\u00f3n de la Verdad y Reconciliaci\u00f3n en Per\u00fa, luego de varios a\u00f1os de guerra de guerrillas y represi\u00f3n estatal.<\/p>\n\n\n\n<p>&#8216;Di\u00f3genes&#8217;, entonces, pretende explicar que \u201ctenemos que reconocernos frente a nuestros muertos y desaparecidos para entender qui\u00e9nes somos y no perpetuar esos mecanismos de violencia\u201d, agrega.<\/p>\n\n\n\n<p>Barbuy tambi\u00e9n destaca en entrevista con France 24 el rol de las comunidades de la sierra peruana en la inspiraci\u00f3n y desarrollo de la pel\u00edcula.<\/p>\n\n\n\n<p>Barbuy de peque\u00f1o iba a la sierra a visitar a sus abuelos y se fijaba en las peque\u00f1as casas de pastoreo que se ubicaban en las cimas de las monta\u00f1as. \u00c9l cre\u00eda que estaban inhabitadas y al crecer tuvo un sue\u00f1o relacionado con la muerte en una de esas casas que llamaban su atenci\u00f3n en su infancia.<\/p>\n\n\n\n<p>\u00bfUn sue\u00f1o premonitorio sobre su vida como hijo que pierde a un padre? Una pregunta que contiene un punto clave en la pel\u00edcula adem\u00e1s de la muerte: las premoniciones.<\/p>\n\n\n\n<p>Si bien Burbuy reconoce que &#8216;Di\u00f3genes&#8217; es ficci\u00f3n, la pel\u00edcula se ha nutrido de la investigaci\u00f3n.<\/p>\n\n\n\n<p>Esto con el fin de conocer procesos antropol\u00f3gicos y sociol\u00f3gicos como el ejercicio de la crianza y la memoria en la sierra peruana; as\u00ed como los v\u00ednculos con la naturaleza, el valor de los sue\u00f1os y justamente de las premoniciones.<\/p>\n\n\n\n<p>Fuente: <a href=\"https:\/\/www.france24.com\/es\/programas\/cultura\/20230820-di%C3%B3genes-la-pel%C3%ADcula-peruana-que-naci%C3%B3-de-un-sue%C3%B1o-y-plantea-no-repetir-errores-del-pasado\">https:\/\/www.france24.com\/es\/programas\/cultura\/20230820-di%C3%B3genes-la-pel%C3%ADcula-peruana-que-naci%C3%B3-de-un-sue%C3%B1o-y-plantea-no-repetir-errores-del-pasado<\/a><\/p>\n","protected":false},"excerpt":{"rendered":"<p>FRANCE 24 En esta nueva cr\u00f3nica de Cultura, conversamos con Leonardo Barbuy, creador de la pel\u00edcula &#8216;Di\u00f3genes&#8217;, desde su natal [&hellip;]<\/p>\n","protected":false},"author":1,"featured_media":57389,"comment_status":"open","ping_status":"open","sticky":false,"template":"","format":"standard","meta":{"site-sidebar-layout":"default","site-content-layout":"","ast-site-content-layout":"default","site-content-style":"default","site-sidebar-style":"default","ast-global-header-display":"","ast-banner-title-visibility":"","ast-main-header-display":"","ast-hfb-above-header-display":"","ast-hfb-below-header-display":"","ast-hfb-mobile-header-display":"","site-post-title":"","ast-breadcrumbs-content":"","ast-featured-img":"","footer-sml-layout":"","theme-transparent-header-meta":"","adv-header-id-meta":"","stick-header-meta":"","header-above-stick-meta":"","header-main-stick-meta":"","header-below-stick-meta":"","astra-migrate-meta-layouts":"default","ast-page-background-enabled":"default","ast-page-background-meta":{"desktop":{"background-color":"var(--ast-global-color-4)","background-image":"","background-repeat":"repeat","background-position":"center center","background-size":"auto","background-attachment":"scroll","background-type":"","background-media":"","overlay-type":"","overlay-color":"","overlay-opacity":"","overlay-gradient":""},"tablet":{"background-color":"","background-image":"","background-repeat":"repeat","background-position":"center center","background-size":"auto","background-attachment":"scroll","background-type":"","background-media":"","overlay-type":"","overlay-color":"","overlay-opacity":"","overlay-gradient":""},"mobile":{"background-color":"","background-image":"","background-repeat":"repeat","background-position":"center center","background-size":"auto","background-attachment":"scroll","background-type":"","background-media":"","overlay-type":"","overlay-color":"","overlay-opacity":"","overlay-gradient":""}},"ast-content-background-meta":{"desktop":{"background-color":"var(--ast-global-color-5)","background-image":"","background-repeat":"repeat","background-position":"center center","background-size":"auto","background-attachment":"scroll","background-type":"","background-media":"","overlay-type":"","overlay-color":"","overlay-opacity":"","overlay-gradient":""},"tablet":{"background-color":"var(--ast-global-color-5)","background-image":"","background-repeat":"repeat","background-position":"center center","background-size":"auto","background-attachment":"scroll","background-type":"","background-media":"","overlay-type":"","overlay-color":"","overlay-opacity":"","overlay-gradient":""},"mobile":{"background-color":"var(--ast-global-color-5)","background-image":"","background-repeat":"repeat","background-position":"center center","background-size":"auto","background-attachment":"scroll","background-type":"","background-media":"","overlay-type":"","overlay-color":"","overlay-opacity":"","overlay-gradient":""}},"footnotes":""},"categories":[8],"tags":[18314,16390,18313,18315],"class_list":["post-57388","post","type-post","status-publish","format-standard","has-post-thumbnail","hentry","category-noticias","tag-diogenes","tag-festival-de-malaga","tag-leonardo-barbuy","tag-pelicula-peruana"],"_links":{"self":[{"href":"https:\/\/losperiodistas.com.mx\/portal\/wp-json\/wp\/v2\/posts\/57388","targetHints":{"allow":["GET"]}}],"collection":[{"href":"https:\/\/losperiodistas.com.mx\/portal\/wp-json\/wp\/v2\/posts"}],"about":[{"href":"https:\/\/losperiodistas.com.mx\/portal\/wp-json\/wp\/v2\/types\/post"}],"author":[{"embeddable":true,"href":"https:\/\/losperiodistas.com.mx\/portal\/wp-json\/wp\/v2\/users\/1"}],"replies":[{"embeddable":true,"href":"https:\/\/losperiodistas.com.mx\/portal\/wp-json\/wp\/v2\/comments?post=57388"}],"version-history":[{"count":1,"href":"https:\/\/losperiodistas.com.mx\/portal\/wp-json\/wp\/v2\/posts\/57388\/revisions"}],"predecessor-version":[{"id":57390,"href":"https:\/\/losperiodistas.com.mx\/portal\/wp-json\/wp\/v2\/posts\/57388\/revisions\/57390"}],"wp:featuredmedia":[{"embeddable":true,"href":"https:\/\/losperiodistas.com.mx\/portal\/wp-json\/wp\/v2\/media\/57389"}],"wp:attachment":[{"href":"https:\/\/losperiodistas.com.mx\/portal\/wp-json\/wp\/v2\/media?parent=57388"}],"wp:term":[{"taxonomy":"category","embeddable":true,"href":"https:\/\/losperiodistas.com.mx\/portal\/wp-json\/wp\/v2\/categories?post=57388"},{"taxonomy":"post_tag","embeddable":true,"href":"https:\/\/losperiodistas.com.mx\/portal\/wp-json\/wp\/v2\/tags?post=57388"}],"curies":[{"name":"wp","href":"https:\/\/api.w.org\/{rel}","templated":true}]}}