{"id":57381,"date":"2023-08-22T10:59:25","date_gmt":"2023-08-22T15:59:25","guid":{"rendered":"http:\/\/losperiodistas.com.mx\/portal\/?p=57381"},"modified":"2023-08-22T10:59:27","modified_gmt":"2023-08-22T15:59:27","slug":"irritacion-en-tepeaca-por-la-imagen-de-san-francisco","status":"publish","type":"post","link":"https:\/\/losperiodistas.com.mx\/portal\/irritacion-en-tepeaca-por-la-imagen-de-san-francisco\/","title":{"rendered":"Irritaci\u00f3n en Tepeaca por la imagen de San Francisco"},"content":{"rendered":"\n<p class=\"has-medium-font-size\">*Explorador de Juli\u00e1n de Jes\u00fas Pe\u00f1a a Televisa; Sergio Salom\u00f3n y Sim\u00f3n Cohen<\/p>\n\n\n\n<p><\/p>\n\n\n\n<figure class=\"wp-block-image size-full is-style-default\"><img fetchpriority=\"high\" decoding=\"async\" width=\"803\" height=\"401\" src=\"https:\/\/losperiodistas.com.mx\/portal\/wp-content\/uploads\/2023\/08\/SAN-FRANCISCO-DE-ASI\u0301S.-TEPEACA.jpg\" alt=\"\" class=\"wp-image-57382\" srcset=\"https:\/\/losperiodistas.com.mx\/portal\/wp-content\/uploads\/2023\/08\/SAN-FRANCISCO-DE-ASI\u0301S.-TEPEACA.jpg 803w, https:\/\/losperiodistas.com.mx\/portal\/wp-content\/uploads\/2023\/08\/SAN-FRANCISCO-DE-ASI\u0301S.-TEPEACA-300x150.jpg 300w, https:\/\/losperiodistas.com.mx\/portal\/wp-content\/uploads\/2023\/08\/SAN-FRANCISCO-DE-ASI\u0301S.-TEPEACA-768x384.jpg 768w\" sizes=\"(max-width: 803px) 100vw, 803px\" \/><\/figure>\n\n\n\n<p class=\"has-vivid-red-color has-text-color\" style=\"font-size:26px\"><strong><em>Por Ra\u00fal Torres Salmer\u00f3n<\/em><\/strong><\/p>\n\n\n\n<p>En los \u00faltimos d\u00edas hay un malestar generalizado en Tepeaca, debido a que la escultura de San Francisco de As\u00eds de la iglesia del mismo nombre en el Convento Franciscano del Siglo XVI, tuvo una inadecuada intervenci\u00f3n y se destruy\u00f3 totalmente la policrom\u00eda estofada original que recubr\u00eda la vestimenta de la imagen.<\/p>\n\n\n\n<p>Desde fines de julio, el Colectivo de Divulgaci\u00f3n Hist\u00f3rica y Patrimonial de Tepeaca y Artepeaca dio a conocer el hecho y plante\u00f3 que el Centro Puebla del Instituto Nacional de Antropolog\u00eda e Historia (INAH), inici\u00f3 las investigaciones pertinentes, pero el da\u00f1o sigue ah\u00ed.<\/p>\n\n\n\n<p>En los primeros d\u00edas de agosto, la Comisi\u00f3n Ciudadana para el Cuidado y Rescate del Patrimonio Cultural Tepeaquense, en seguimiento a las denuncias ciudadanas formuladas por la inadecuada intervenci\u00f3n efectuada hace unas semanas, ya mand\u00f3 oficios a diversas instancias para fincar responsabilidades al Departamento de Tr\u00e1mites y Servicios Legales del Centro INAH Puebla; al Secretario de Cultura del Gobierno del Estado de Puebla; al Arzobispo V\u00edctor S\u00e1nchez Espinosa y al Gobernador Sergio Salom\u00f3n C\u00e9spedes.<\/p>\n\n\n\n<p>En t\u00e9rminos generales las denuncias se\u00f1alan que se destruy\u00f3 totalmente la policrom\u00eda estofada original, que recubr\u00eda la vestimenta de la imagen, perdi\u00e9ndose as\u00ed m\u00e1s de 400 a\u00f1os de valores significativos de historia, arte y religi\u00f3n, suceso por dem\u00e1s lamentable. La fallida intervenci\u00f3n no tuvo la autorizaci\u00f3n del INAH y se le atribuye a un comit\u00e9 religioso. Est\u00e1n firmadas cada una por 80 ciudadanos.<\/p>\n\n\n\n<p>El Colectivo Opci\u00f3n Ciudadana inform\u00f3 que las denuncias tienen por objeto satisfacer la preocupaci\u00f3n generalizada en la poblaci\u00f3n, que haya un estricto cumplimiento a la ley, as\u00ed como las acciones conducentes para fincar responsabilidades y aplicar sanciones correspondientes.<\/p>\n\n\n\n<p>EXPLORADOR A TELEVISA PUEBLA<\/p>\n\n\n\n<p>Quien volvi\u00f3 a Televisa Puebla es el Periodista Juli\u00e1n de Jes\u00fas Pe\u00f1a con la Serie Explorador, una serie de reportajes documentales que se transmite desde el 18 de agosto.<\/p>\n\n\n\n<p>Explorador es una muestra de la historia de M\u00e9xico en un viaje de paisajes, narraciones incre\u00edbles y grandes im\u00e1genes, descubre enigmas, mitos e historias sorprendentes como un Indiana Jones de la era moderna.<\/p>\n\n\n\n<p>La serie difunde las historias desconocidas o poco difundidas de M\u00e9xico; lugares y personajes, inmuebles y casonas, as\u00ed como la tradici\u00f3n oral y costumbres que nos dan orgullo y principio de identidad.<\/p>\n\n\n\n<p>Juli\u00e1n de Jes\u00fas Pe\u00f1a, es Director de Conceptouno.tv, empresa que produce Explorador y que durante 5 a\u00f1os en plataformas y 3 a\u00f1os en televisi\u00f3n a trav\u00e9s de Enlace M\u00e9xico, que conduce Isabella Zozoaga, ha transmitido los reportajes en el canal 26 del Gobierno de Puebla y en los Estados Unidos, en la se\u00f1al de televisi\u00f3n por cable de Mexicanal, de costa a costa en la Uni\u00f3n Americana.<\/p>\n\n\n\n<p>Explorador se transmite los lunes en W Radio Puebla, en el informativo que dirige Fernando Abraj\u00e1n, en el 1280 de amplitud modulada y a partir del viernes 18 de agosto y cada jueves, la serie es parte del contenido del programa matinal Aqu\u00ed Estamos, que dirige la productora Ang\u00e9lica Su\u00e1rez Zarco y el Director del canal Gerardo Jean Carrasco.<\/p>\n\n\n\n<p>Las historias y leyendas se basan en: edificios y casonas; personajes hist\u00f3ricos, de ficci\u00f3n, de milagrer\u00eda con santos e im\u00e1genes religiosas; pueblos y comunidades; mitos y leyendas e historias y an\u00e9cdotas de la \u00e9poca de oro del cine nacional.<\/p>\n\n\n\n<p>El primer cap\u00edtulo de la serie que transmiti\u00f3 fue sobre la tumba de Miguel Miram\u00f3n en la Catedral de Puebla. La presentaci\u00f3n de Juli\u00e1n de Jes\u00fas en Televisa se puede ver en este link <a href=\"https:\/\/youtu.be\/_A03zUAyJMc\">https:\/\/youtu.be\/_A03zUAyJMc<\/a> y el primer Explorador en: <a href=\"https:\/\/fb.watch\/mxZ7z-l8fi\/?mibextid=Nif5oz\">https:\/\/fb.watch\/mxZ7z-l8fi\/?mibextid=Nif5oz<\/a>. Felicitaciones al Periodista.<\/p>\n\n\n\n<p>SERGIO SALOM\u00d3N Y SIM\u00d3N COHEN<\/p>\n\n\n\n<p>Al asistir a la conferencia magistral del empresario y emprendedor Simon Cohen, el gobernador Sergio Salom\u00f3n C\u00e9spedes llam\u00f3 a los poblanos a dejar a un lado la indiferencia y enfrentar los actuales retos de la vida, con acciones claras y no solamente siendo testigos de lo que acontece en el entorno.<\/p>\n\n\n\n<p>\u00abMi familia y yo hemos aprendido a trav\u00e9s de la vida que no vale ser meros testigos de lo que sucede en el entorno, porque los retos de la actualidad esperan nuestra acci\u00f3n, no nuestra pasividad. Por eso reitero mi llamado permanente a las familias a que generemos conciencia, que en plenitud podamos entender y que el silencio nos permita ver que nuestra indiferencia sin duda no ayuda\u00bb, expres\u00f3 el mandatario.<\/p>\n\n\n\n<p>En el Auditorio Metropolitano, declar\u00f3 que el \u00e9xito se alcanza con la paz mental y espiritual, y no pasando por encima de los derechos de las personas y reflexion\u00f3 que su misi\u00f3n en esta etapa de Gobernador es encontrar el equilibrio social, a fin de generar bienestar y resolver los problemas que aquejan a las y los poblanos.<\/p>\n\n\n\n<p>En fin, como escribi\u00f3 Fern\u00e1n P\u00e9rez de Guzm\u00e1n (Espa\u00f1a, 1377-1460 ), en sus Coplas Sentenciosas:<\/p>\n\n\n\n<p>Humildad y obediencia<\/p>\n\n\n\n<p>ambas van por un sendero;<\/p>\n\n\n\n<p>poca es la diferencia<\/p>\n\n\n\n<p>entre falso y lisonjero.<\/p>\n\n\n\n<p>raultorress@hotmail.com<\/p>\n","protected":false},"excerpt":{"rendered":"<p>*Explorador de Juli\u00e1n de Jes\u00fas Pe\u00f1a a Televisa; Sergio Salom\u00f3n y Sim\u00f3n Cohen Por Ra\u00fal Torres Salmer\u00f3n En los \u00faltimos [&hellip;]<\/p>\n","protected":false},"author":1,"featured_media":57382,"comment_status":"open","ping_status":"open","sticky":false,"template":"","format":"standard","meta":{"site-sidebar-layout":"default","site-content-layout":"","ast-site-content-layout":"default","site-content-style":"default","site-sidebar-style":"default","ast-global-header-display":"","ast-banner-title-visibility":"","ast-main-header-display":"","ast-hfb-above-header-display":"","ast-hfb-below-header-display":"","ast-hfb-mobile-header-display":"","site-post-title":"","ast-breadcrumbs-content":"","ast-featured-img":"","footer-sml-layout":"","theme-transparent-header-meta":"","adv-header-id-meta":"","stick-header-meta":"","header-above-stick-meta":"","header-main-stick-meta":"","header-below-stick-meta":"","astra-migrate-meta-layouts":"default","ast-page-background-enabled":"default","ast-page-background-meta":{"desktop":{"background-color":"var(--ast-global-color-4)","background-image":"","background-repeat":"repeat","background-position":"center center","background-size":"auto","background-attachment":"scroll","background-type":"","background-media":"","overlay-type":"","overlay-color":"","overlay-opacity":"","overlay-gradient":""},"tablet":{"background-color":"","background-image":"","background-repeat":"repeat","background-position":"center center","background-size":"auto","background-attachment":"scroll","background-type":"","background-media":"","overlay-type":"","overlay-color":"","overlay-opacity":"","overlay-gradient":""},"mobile":{"background-color":"","background-image":"","background-repeat":"repeat","background-position":"center center","background-size":"auto","background-attachment":"scroll","background-type":"","background-media":"","overlay-type":"","overlay-color":"","overlay-opacity":"","overlay-gradient":""}},"ast-content-background-meta":{"desktop":{"background-color":"var(--ast-global-color-5)","background-image":"","background-repeat":"repeat","background-position":"center center","background-size":"auto","background-attachment":"scroll","background-type":"","background-media":"","overlay-type":"","overlay-color":"","overlay-opacity":"","overlay-gradient":""},"tablet":{"background-color":"var(--ast-global-color-5)","background-image":"","background-repeat":"repeat","background-position":"center center","background-size":"auto","background-attachment":"scroll","background-type":"","background-media":"","overlay-type":"","overlay-color":"","overlay-opacity":"","overlay-gradient":""},"mobile":{"background-color":"var(--ast-global-color-5)","background-image":"","background-repeat":"repeat","background-position":"center center","background-size":"auto","background-attachment":"scroll","background-type":"","background-media":"","overlay-type":"","overlay-color":"","overlay-opacity":"","overlay-gradient":""}},"footnotes":""},"categories":[8,19],"tags":[18312],"class_list":["post-57381","post","type-post","status-publish","format-standard","has-post-thumbnail","hentry","category-noticias","category-sin-limites-2","tag-convento-franciscano-de-tepeaca"],"_links":{"self":[{"href":"https:\/\/losperiodistas.com.mx\/portal\/wp-json\/wp\/v2\/posts\/57381","targetHints":{"allow":["GET"]}}],"collection":[{"href":"https:\/\/losperiodistas.com.mx\/portal\/wp-json\/wp\/v2\/posts"}],"about":[{"href":"https:\/\/losperiodistas.com.mx\/portal\/wp-json\/wp\/v2\/types\/post"}],"author":[{"embeddable":true,"href":"https:\/\/losperiodistas.com.mx\/portal\/wp-json\/wp\/v2\/users\/1"}],"replies":[{"embeddable":true,"href":"https:\/\/losperiodistas.com.mx\/portal\/wp-json\/wp\/v2\/comments?post=57381"}],"version-history":[{"count":1,"href":"https:\/\/losperiodistas.com.mx\/portal\/wp-json\/wp\/v2\/posts\/57381\/revisions"}],"predecessor-version":[{"id":57383,"href":"https:\/\/losperiodistas.com.mx\/portal\/wp-json\/wp\/v2\/posts\/57381\/revisions\/57383"}],"wp:featuredmedia":[{"embeddable":true,"href":"https:\/\/losperiodistas.com.mx\/portal\/wp-json\/wp\/v2\/media\/57382"}],"wp:attachment":[{"href":"https:\/\/losperiodistas.com.mx\/portal\/wp-json\/wp\/v2\/media?parent=57381"}],"wp:term":[{"taxonomy":"category","embeddable":true,"href":"https:\/\/losperiodistas.com.mx\/portal\/wp-json\/wp\/v2\/categories?post=57381"},{"taxonomy":"post_tag","embeddable":true,"href":"https:\/\/losperiodistas.com.mx\/portal\/wp-json\/wp\/v2\/tags?post=57381"}],"curies":[{"name":"wp","href":"https:\/\/api.w.org\/{rel}","templated":true}]}}