{"id":57288,"date":"2023-08-22T15:55:10","date_gmt":"2023-08-22T20:55:10","guid":{"rendered":"http:\/\/losperiodistas.com.mx\/portal\/?p=57288"},"modified":"2023-08-22T19:37:56","modified_gmt":"2023-08-23T00:37:56","slug":"creel-no-iba-a-romper-la-unidad-del-frente","status":"publish","type":"post","link":"https:\/\/losperiodistas.com.mx\/portal\/creel-no-iba-a-romper-la-unidad-del-frente\/","title":{"rendered":"Creel no iba a romper la unidad del frente"},"content":{"rendered":"\n<figure class=\"wp-block-image size-full\"><img fetchpriority=\"high\" decoding=\"async\" width=\"1000\" height=\"559\" src=\"https:\/\/losperiodistas.com.mx\/portal\/wp-content\/uploads\/2023\/08\/Captura-de-pantalla-2023-08-22-a-las-14.50.37.jpg\" alt=\"\" class=\"wp-image-57400\" srcset=\"https:\/\/losperiodistas.com.mx\/portal\/wp-content\/uploads\/2023\/08\/Captura-de-pantalla-2023-08-22-a-las-14.50.37.jpg 1000w, https:\/\/losperiodistas.com.mx\/portal\/wp-content\/uploads\/2023\/08\/Captura-de-pantalla-2023-08-22-a-las-14.50.37-300x168.jpg 300w, https:\/\/losperiodistas.com.mx\/portal\/wp-content\/uploads\/2023\/08\/Captura-de-pantalla-2023-08-22-a-las-14.50.37-768x429.jpg 768w\" sizes=\"(max-width: 1000px) 100vw, 1000px\" \/><\/figure>\n\n\n\n<p class=\"has-vivid-red-color has-text-color\" style=\"font-size:26px\"><strong><em>Por Humberto Aguilar Coronado*<\/em><\/strong><\/p>\n\n\n\n<p>Desde hace muchos meses se empez\u00f3 a pensar en la posibilidad de que la oposici\u00f3n, pudiera ir unida para enfrentar al r\u00e9gimen autoritario, d\u00e9spota y mentiroso del Obradorato.<\/p>\n\n\n\n<p>En ese momento, se buscaba a una persona que encabezara el esfuerzo democr\u00e1tico, pero nadie encontraba a la mujer o al hombre que&nbsp; encabezar\u00e1 el esfuerzo, porque nadie manifestaba inter\u00e9s alguno ante la aprobaci\u00f3n presidencial y el desprestigio de los partidos pol\u00edticos.<\/p>\n\n\n\n<p>En ese contexto, Santiago Creel fue el primero que levant\u00f3 la mano y dijo presente para liderear ese proyecto.<\/p>\n\n\n\n<p>Durante meses encabez\u00f3 las preferencias electorales de la oposici\u00f3n y fiel a su estilo, recorri\u00f3 el pa\u00eds convenciendo a panistas y ciudadanos sin partido, al tiempo que ayudaba a conformar, lo que ahora, es el Frente Amplio por M\u00e8xico.<\/p>\n\n\n\n<p>Despu\u00e9s se sumaron otras doce personas y el sigui\u00f3 adelante, afirmando que iba a buscar la nominaci\u00f3n con las reglas que se propusieran.<\/p>\n\n\n\n<p>Cumpli\u00f3 con los requisitos marcados por el comit\u00e9 organizador y se present\u00f3 en tres foros para presentar&nbsp; su visi\u00f3n del pa\u00eds y su propuesta de gobierno de coalici\u00f3n, sabedor de que en la primera encuesta aparec\u00eda sorpresivamente en tercer lugar.<\/p>\n\n\n\n<p>Hasta hace 2 meses, nadie esperaba que surgiera el momentum de X\u00f3chitl y me parece que encontr\u00f3 la oportunidad propicia para colocar su <em>momentum<\/em> en el imaginario colectivo, desplazando a Santiago en las preferencias y motivando a una buena parte de la sociedad civil.<\/p>\n\n\n\n<p>Yo que conozco y he sido una persona muy cercana, desde hace m\u00e1s de 30 a\u00f1os en la vida pol\u00edtica de Santiago Creel, estaba convencido que \u00e9l no iba a romper la unidad del Frente Amplio por M\u00e8xico.<\/p>\n\n\n\n<p>Aunque diversas manifestaciones ciudadanas y militantes panistas sin rostro, le pidieran, y en algunos casos sin autoridad moral, le exigieran bajarse de la contienda, Santiago reflexion\u00f3 y decidi\u00f3.<\/p>\n\n\n\n<p>S\u00ed, decidi\u00f3 abonar su capital pol\u00edtico a la causa democr\u00e1tica y apoyar abiertamente a X\u00f3chitl.<\/p>\n\n\n\n<p>Para mi, adem\u00e1s de reconocer su participaci\u00f3n, impulso y dise\u00f1o de pol\u00edticas p\u00fablicas y de instituciones en nuestro pa\u00eds, reconozco su amor por la causa democr\u00e1tica y por M\u00e8xico.<\/p>\n\n\n\n<p>Su decisi\u00f3n le da respuesta a la sociedad civil, pero no a las presiones ejercidas durante los \u00faltimos d\u00edas en cartas firmadas por muchos que se dicen panistas, pero que en muchos casos, no aparecen en el padr\u00f3n de miembros, ni se comportan como tal.<\/p>\n\n\n\n<p>Santiago Creel es un dem\u00f3crata que tom\u00f3 una decisi\u00f3n dif\u00edcil, pero acertada en estos momentos para abonar a la unidad del Frente Amplio<strong> X<\/strong> M\u00e9xico.<\/p>\n\n\n\n<p>Con X\u00f3chitl Galvez se suma Creel, pero tambi\u00e9n se suma su equipo cercano y seguramente los que le firmaron para apoyarlo.<\/p>\n\n\n\n<p>Bien por Santiago Creel; bien por el Frente Amplio <strong>X<\/strong> M\u00e9xico; bien por M\u00e8xico.<\/p>\n\n\n\n<p>Vamos contigo X\u00f3chitl, hasta la victoria.<\/p>\n\n\n\n<p>*Es Diputado Federal del PAN<\/p>\n","protected":false},"excerpt":{"rendered":"<p>Por Humberto Aguilar Coronado* Desde hace muchos meses se empez\u00f3 a pensar en la posibilidad de que la oposici\u00f3n, pudiera [&hellip;]<\/p>\n","protected":false},"author":1,"featured_media":57412,"comment_status":"open","ping_status":"open","sticky":false,"template":"","format":"standard","meta":{"site-sidebar-layout":"default","site-content-layout":"","ast-site-content-layout":"default","site-content-style":"default","site-sidebar-style":"default","ast-global-header-display":"","ast-banner-title-visibility":"","ast-main-header-display":"","ast-hfb-above-header-display":"","ast-hfb-below-header-display":"","ast-hfb-mobile-header-display":"","site-post-title":"","ast-breadcrumbs-content":"","ast-featured-img":"","footer-sml-layout":"","theme-transparent-header-meta":"","adv-header-id-meta":"","stick-header-meta":"","header-above-stick-meta":"","header-main-stick-meta":"","header-below-stick-meta":"","astra-migrate-meta-layouts":"default","ast-page-background-enabled":"default","ast-page-background-meta":{"desktop":{"background-color":"var(--ast-global-color-4)","background-image":"","background-repeat":"repeat","background-position":"center center","background-size":"auto","background-attachment":"scroll","background-type":"","background-media":"","overlay-type":"","overlay-color":"","overlay-opacity":"","overlay-gradient":""},"tablet":{"background-color":"","background-image":"","background-repeat":"repeat","background-position":"center center","background-size":"auto","background-attachment":"scroll","background-type":"","background-media":"","overlay-type":"","overlay-color":"","overlay-opacity":"","overlay-gradient":""},"mobile":{"background-color":"","background-image":"","background-repeat":"repeat","background-position":"center center","background-size":"auto","background-attachment":"scroll","background-type":"","background-media":"","overlay-type":"","overlay-color":"","overlay-opacity":"","overlay-gradient":""}},"ast-content-background-meta":{"desktop":{"background-color":"var(--ast-global-color-5)","background-image":"","background-repeat":"repeat","background-position":"center center","background-size":"auto","background-attachment":"scroll","background-type":"","background-media":"","overlay-type":"","overlay-color":"","overlay-opacity":"","overlay-gradient":""},"tablet":{"background-color":"var(--ast-global-color-5)","background-image":"","background-repeat":"repeat","background-position":"center center","background-size":"auto","background-attachment":"scroll","background-type":"","background-media":"","overlay-type":"","overlay-color":"","overlay-opacity":"","overlay-gradient":""},"mobile":{"background-color":"var(--ast-global-color-5)","background-image":"","background-repeat":"repeat","background-position":"center center","background-size":"auto","background-attachment":"scroll","background-type":"","background-media":"","overlay-type":"","overlay-color":"","overlay-opacity":"","overlay-gradient":""}},"footnotes":""},"categories":[8,18],"tags":[17226,4970],"class_list":["post-57288","post","type-post","status-publish","format-standard","has-post-thumbnail","hentry","category-noticias","category-palabra-de-tigre","tag-frente-amplio-por-mexico","tag-santiago-creel"],"_links":{"self":[{"href":"https:\/\/losperiodistas.com.mx\/portal\/wp-json\/wp\/v2\/posts\/57288","targetHints":{"allow":["GET"]}}],"collection":[{"href":"https:\/\/losperiodistas.com.mx\/portal\/wp-json\/wp\/v2\/posts"}],"about":[{"href":"https:\/\/losperiodistas.com.mx\/portal\/wp-json\/wp\/v2\/types\/post"}],"author":[{"embeddable":true,"href":"https:\/\/losperiodistas.com.mx\/portal\/wp-json\/wp\/v2\/users\/1"}],"replies":[{"embeddable":true,"href":"https:\/\/losperiodistas.com.mx\/portal\/wp-json\/wp\/v2\/comments?post=57288"}],"version-history":[{"count":1,"href":"https:\/\/losperiodistas.com.mx\/portal\/wp-json\/wp\/v2\/posts\/57288\/revisions"}],"predecessor-version":[{"id":57401,"href":"https:\/\/losperiodistas.com.mx\/portal\/wp-json\/wp\/v2\/posts\/57288\/revisions\/57401"}],"wp:featuredmedia":[{"embeddable":true,"href":"https:\/\/losperiodistas.com.mx\/portal\/wp-json\/wp\/v2\/media\/57412"}],"wp:attachment":[{"href":"https:\/\/losperiodistas.com.mx\/portal\/wp-json\/wp\/v2\/media?parent=57288"}],"wp:term":[{"taxonomy":"category","embeddable":true,"href":"https:\/\/losperiodistas.com.mx\/portal\/wp-json\/wp\/v2\/categories?post=57288"},{"taxonomy":"post_tag","embeddable":true,"href":"https:\/\/losperiodistas.com.mx\/portal\/wp-json\/wp\/v2\/tags?post=57288"}],"curies":[{"name":"wp","href":"https:\/\/api.w.org\/{rel}","templated":true}]}}