{"id":57106,"date":"2023-08-18T06:19:00","date_gmt":"2023-08-18T11:19:00","guid":{"rendered":"http:\/\/losperiodistas.com.mx\/portal\/?p=57106"},"modified":"2023-08-18T06:19:02","modified_gmt":"2023-08-18T11:19:02","slug":"sin-acuerdo-morena-cerro-sorteo-de-casas-encuestadoras-que-definiran-a-su-candidato-presidencial-infobae","status":"publish","type":"post","link":"https:\/\/losperiodistas.com.mx\/portal\/sin-acuerdo-morena-cerro-sorteo-de-casas-encuestadoras-que-definiran-a-su-candidato-presidencial-infobae\/","title":{"rendered":"Sin acuerdo, Morena cerr\u00f3 sorteo de casas encuestadoras que definir\u00e1n a su candidato presidencial | Infobae"},"content":{"rendered":"\n<h2 class=\"has-white-color has-text-color has-background has-medium-font-size wp-block-heading\" style=\"background-color:#ac1515\">Mario Delgado inform\u00f3 que al menos siete empresas no cumpl\u00edan con los requisitos para hacer las encuestas; las cuatro seleccionadas ser\u00e1n sometidas a revisi\u00f3n y los resultados finales ser\u00e1n dados a conocer el viernes<\/h2>\n\n\n\n<div class=\"wp-block-image is-style-default\"><figure class=\"aligncenter size-large\"><img fetchpriority=\"high\" decoding=\"async\" width=\"1024\" height=\"574\" src=\"https:\/\/losperiodistas.com.mx\/portal\/wp-content\/uploads\/2023\/08\/Captura-de-Pantalla-2023-08-18-a-las-5.11.28-1024x574.jpg\" alt=\"\" class=\"wp-image-57107\" srcset=\"https:\/\/losperiodistas.com.mx\/portal\/wp-content\/uploads\/2023\/08\/Captura-de-Pantalla-2023-08-18-a-las-5.11.28-1024x574.jpg 1024w, https:\/\/losperiodistas.com.mx\/portal\/wp-content\/uploads\/2023\/08\/Captura-de-Pantalla-2023-08-18-a-las-5.11.28-300x168.jpg 300w, https:\/\/losperiodistas.com.mx\/portal\/wp-content\/uploads\/2023\/08\/Captura-de-Pantalla-2023-08-18-a-las-5.11.28-768x431.jpg 768w, https:\/\/losperiodistas.com.mx\/portal\/wp-content\/uploads\/2023\/08\/Captura-de-Pantalla-2023-08-18-a-las-5.11.28-1536x861.jpg 1536w, https:\/\/losperiodistas.com.mx\/portal\/wp-content\/uploads\/2023\/08\/Captura-de-Pantalla-2023-08-18-a-las-5.11.28.jpg 1712w\" sizes=\"(max-width: 1024px) 100vw, 1024px\" \/><figcaption>Mario Delgado inform\u00f3 que hubo discrepancias para elegir a las casas encuestadoras. <br>(Captura de pantalla)<\/figcaption><\/figure><\/div>\n\n\n\n<p class=\"has-vivid-red-color has-text-color has-medium-font-size\"><strong>ANAYELI TAPIA SANDOVAL \/ INFOBAE<\/strong><\/p>\n\n\n\n<p>Luego de cinco horas de reuni\u00f3n, entre quejas y sin acuerdo un\u00e1nime, la Comisi\u00f3n de Elecciones del Movimiento Regeneraci\u00f3n Nacional (<strong>Morena<\/strong>) cerr\u00f3 su sorteo de las&nbsp;<strong>casas encuestadoras<\/strong>&nbsp;a las que se recurrir\u00e1 para definir al pr\u00f3ximo candidato presidencial del partido guinda.<\/p>\n\n\n\n<div class=\"wp-block-image is-style-default\"><figure class=\"alignleft is-resized\"><img decoding=\"async\" src=\"https:\/\/www.infobae.com\/new-resizer\/uCPmocCjC00I3NzMc_Oj2-Pb-1k=\/filters:format(webp):quality(85)\/cloudfront-us-east-1.images.arcpublishing.com\/infobae\/2GRUPVXO3BHPNKDWPEUHKJEMUY.jpg\" alt=\"\" width=\"-506\" height=\"-345\"\/><\/figure><\/div>\n\n\n\n<p>Te puede interesar:<strong><a href=\"https:\/\/www.infobae.com\/mexico\/2023\/08\/15\/morena-rifara-en-privado-a-las-encuestadoras-que-definiran-a-la-corcholata-ganadora\/\">Morena rifar\u00e1 en privado a las encuestadoras que definir\u00e1n a la corcholata ganadora<\/a><\/strong><\/p>\n\n\n\n<p><\/p>\n\n\n\n<p><\/p>\n\n\n\n<p><\/p>\n\n\n\n<p>Al encuentro asistieron los representantes de algunas \u201ccorcholatas\u201d: Martha Luc\u00eda Mal\u00fa M\u00edcher (<strong>Marcelo Ebrard<\/strong>), Carlos Puente (<strong>Manuel Velasco<\/strong>), Juan Carlos Calatrejo (<strong>Claudia Sheinbaum<\/strong>), Alejandro Rojas D\u00edaz Dur\u00e1n y (<strong>Ricardo Monreal<\/strong>) y Arturo \u00c1vila (<strong>Ad\u00e1n Augusto L\u00f3pez Hern\u00e1ndez<\/strong>).<\/p>\n\n\n\n<p>El Presidente Nacional de Morena,<strong>&nbsp;Mario Delgado<\/strong>, y la Comisi\u00f3n Nacional de Elecciones del partido ofrecieron un breve mensaje a los medios de comunicaci\u00f3n en el que expuso que se determin\u00f3 que&nbsp;<strong>siete casas encuestadoras no cumpl\u00edan con el criterio&nbsp;<\/strong>para realizar las encuestas.<\/p>\n\n\n\n<p>Ante esta situaci\u00f3n, adelant\u00f3 que ma\u00f1ana viernes 18 de agosto la Comisi\u00f3n deber\u00e1 verificar que otras\u00a0<strong>cuatro encuestas seleccionadas<\/strong>, y que fueron propuestas por cada aspirante, s\u00ed cumplan los requisitos necesarios para considerarlas y definir al candidato de entre Marcelo Ebrard, Claudia Sheinbaum, Ad\u00e1n Augusto L\u00f3pez Hern\u00e1ndez, Ricardo Monreal, Gerardo Fern\u00e1ndez Noro\u00f1a y Manuel Velasco.<\/p>\n\n\n\n<p class=\"has-cyan-bluish-gray-background-color has-background\"><a href=\"https:\/\/www.infobae.com\/mexico\/2023\/08\/13\/mario-delgado-advirtio-que-la-derecha-no-avanzara-en-la-cdmx\/\" target=\"_blank\" rel=\"noreferrer noopener\">Te puede interesar:<strong>Mario Delgado advirti\u00f3 que la derecha no avanzar\u00e1 en la CDMX<\/strong><\/a><\/p>\n\n\n\n<p>En su mensaje, Delgado precis\u00f3 que&nbsp;<strong>se deber\u00e1 analizar<\/strong>&nbsp;si las casas encuestadoras tienen experiencia probada en encuestas domiciliarias cara a cara a nivel nacional; si cuentan con el personal suficiente; poseen los requerimientos t\u00e9cnicos establecidos por la Comisi\u00f3n, y si son capaces de levantar las encuentras en los plazos establecidos.<\/p>\n\n\n\n<p>Adem\u00e1s, subray\u00f3 que si una de estas empresas no cumplen los requisitos, entonces se utilizar\u00e1 el orden de prelaci\u00f3n establecido y el criterio de que un aspirante no puede repetir dos encuestadoras para finalmente seleccionar a la que reemplazar\u00eda a la que quedar\u00eda fuera.<img decoding=\"async\" alt=\"Las &quot;corcholatas&quot; que buscan la candidatura presidencial abanderando a Morena. (Infobae)\" height=\"1080\" width=\"1920\" src=\"https:\/\/www.infobae.com\/new-resizer\/9pLgHonml7FTBn23bZveftPN8-U=\/arc-anglerfish-arc2-prod-infobae\/public\/CJLTKXGPLJDO7B4CT2MFK2HQP4.jpg\" srcset=\"https:\/\/www.infobae.com\/new-resizer\/CPCG98Xjqr81WgU7OONzqFwa2k0=\/420x236\/filters:format(webp):quality(85)\/cloudfront-us-east-1.images.arcpublishing.com\/infobae\/CJLTKXGPLJDO7B4CT2MFK2HQP4.jpg 420w,https:\/\/www.infobae.com\/new-resizer\/G_e6ubKsv9hg9DyXCyxzsle5cZs=\/768x432\/filters:format(webp):quality(85)\/cloudfront-us-east-1.images.arcpublishing.com\/infobae\/CJLTKXGPLJDO7B4CT2MFK2HQP4.jpg 768w,https:\/\/www.infobae.com\/new-resizer\/p3p6tUifSHzz3wzgx1vBpIQozQ0=\/992x558\/filters:format(webp):quality(85)\/cloudfront-us-east-1.images.arcpublishing.com\/infobae\/CJLTKXGPLJDO7B4CT2MFK2HQP4.jpg 992w,https:\/\/www.infobae.com\/new-resizer\/qggI9dZYDIVAsB5udQKNmDvKLW4=\/1200x675\/filters:format(webp):quality(85)\/cloudfront-us-east-1.images.arcpublishing.com\/infobae\/CJLTKXGPLJDO7B4CT2MFK2HQP4.jpg 1200w,https:\/\/www.infobae.com\/new-resizer\/0VXMjQ-mrdbPczPVsur23fjMPFM=\/1440x810\/filters:format(webp):quality(85)\/cloudfront-us-east-1.images.arcpublishing.com\/infobae\/CJLTKXGPLJDO7B4CT2MFK2HQP4.jpg 1440w\">Las \u00abcorcholatas\u00bb que buscan la candidatura presidencial abanderando a Morena. (Infobae)<\/p>\n\n\n\n<p>El Presidente de Morena tambi\u00e9n recalc\u00f3 que el nombre de las casas encuestadoras\u00a0<strong>no se dar\u00e1 a conocer hasta el 6 de septiembre<\/strong>, fecha en la que finalmente se dar\u00e1 a conocer al candidato oficial del partido.<\/p>\n\n\n\n<p>Al salir del Consejo, Rojas D\u00edaz Dur\u00e1n dio unas declaraciones a los medios en donde dijo que si otros aspirantes tienen inconformidades el partido deber\u00e1 buscar&nbsp;<strong>mayor consenso&nbsp;<\/strong>para que el proceso interno sea leg\u00edtimo y democr\u00e1tico.<\/p>\n\n\n\n<p>Por su parte, la representante de Marcelo Ebrard dijo que no firm\u00f3 ning\u00fan acuerdo y solicitar\u00e1n al Consejo Nacional de Morena que se revisen las encuestadoras que fueron seleccionadas.<\/p>\n\n\n\n<p class=\"has-cyan-bluish-gray-background-color has-background\"><a href=\"https:\/\/www.infobae.com\/mexico\/2023\/08\/17\/morena-se-pronuncia-ante-las-criticas-de-ebrard-hemos-actuado-imparcial-y-transparente\/\" target=\"_blank\" rel=\"noreferrer noopener\">Te puede interesar:<strong>Morena se pronuncia ante las cr\u00edticas de Ebrard: \u201cHemos actuado imparcial y transparente\u201d<\/strong><\/a><\/p>\n\n\n\n<p>Cabe resultar que ninguna de las encuestas seleccionadas deber\u00e1 tener alg\u00fan se\u00f1alamiento por haber emitido resultados \u201cdesconfiables\u201d en pasados ejercicios de elecci\u00f3n. Adem\u00e1s, las firmas tendr\u00e1n contratos de confidencialidad.<\/p>\n\n\n\n<h2 class=\"wp-block-heading\">C\u00f3mo ser\u00e1 la encuesta<\/h2>\n\n\n\n<p>De acuerdo con la informaci\u00f3n que el propio partido ha dado a conocer, el levantamiento se realizar\u00e1 del&nbsp;<strong>28 de agosto al 3 de septiembre:<\/strong>&nbsp;Morena har\u00e1 la encuesta principal y las cuatro firmas seleccionadas har\u00e1n las encuestas espejo.<\/p>\n\n\n\n<p>De igual forma, habr\u00e1 una&nbsp;<strong>veda&nbsp;<\/strong>y los candidatos no podr\u00e1n promocionar ni hacer campa\u00f1as a partir del&nbsp;<strong>28 de agosto&nbsp;<\/strong>y hasta que se d\u00e9 a conocer el resultado el 6 de septiembre. Los resultados ser\u00e1n completamente p\u00fablicos.<\/p>\n\n\n\n<p>Hasta donde se ten\u00eda conocimiento, la&nbsp;<strong>pregunta&nbsp;<\/strong>que se har\u00e1 ser\u00e1: \u201c\u00bfA qui\u00e9n prefiere como coordinador o coordinadora de los comit\u00e9s de defensa de la Cuarta Transformaci\u00f3n rumbo a las elecciones de 2024?\u201d, no obstante, Mario Delgado precis\u00f3 que ser\u00e1 hasta el 27 de agosto cuando se d\u00e9 a conocer el cuestionario final.<\/p>\n\n\n\n<p>El equipo encargado de hacer las encuestas estar\u00e1 conformado por un coordinador designado por la Comisi\u00f3n de Encuestas, un encuestador y un representante de cada uno de los seis aspirantes que buscan contender en las<strong>\u00a0elecciones presidenciales de 2024.<\/strong><\/p>\n\n\n\n<p>Fuente: <a href=\"https:\/\/www.infobae.com\/mexico\/2023\/08\/18\/sin-acuerdo-morena-cerro-sorteo-de-casas-encuestadoras-que-definiran-a-su-candidato-presidencial\/\">https:\/\/www.infobae.com\/mexico\/2023\/08\/18\/sin-acuerdo-morena-cerro-sorteo-de-casas-encuestadoras-que-definiran-a-su-candidato-presidencial\/<\/a><\/p>\n\n\n\n<hr class=\"wp-block-separator\"\/>\n\n\n\n<p><a href=\"https:\/\/t.me\/LosPeriodistasLive\">S\u00edguenos en Telegram: Los Periodistas<\/a><\/p>\n","protected":false},"excerpt":{"rendered":"<p>Mario Delgado inform\u00f3 que al menos siete empresas no cumpl\u00edan con los requisitos para hacer las encuestas; las cuatro seleccionadas [&hellip;]<\/p>\n","protected":false},"author":1,"featured_media":57107,"comment_status":"open","ping_status":"open","sticky":false,"template":"","format":"standard","meta":{"site-sidebar-layout":"default","site-content-layout":"","ast-site-content-layout":"default","site-content-style":"default","site-sidebar-style":"default","ast-global-header-display":"","ast-banner-title-visibility":"","ast-main-header-display":"","ast-hfb-above-header-display":"","ast-hfb-below-header-display":"","ast-hfb-mobile-header-display":"","site-post-title":"","ast-breadcrumbs-content":"","ast-featured-img":"","footer-sml-layout":"","theme-transparent-header-meta":"","adv-header-id-meta":"","stick-header-meta":"","header-above-stick-meta":"","header-main-stick-meta":"","header-below-stick-meta":"","astra-migrate-meta-layouts":"default","ast-page-background-enabled":"default","ast-page-background-meta":{"desktop":{"background-color":"var(--ast-global-color-4)","background-image":"","background-repeat":"repeat","background-position":"center center","background-size":"auto","background-attachment":"scroll","background-type":"","background-media":"","overlay-type":"","overlay-color":"","overlay-opacity":"","overlay-gradient":""},"tablet":{"background-color":"","background-image":"","background-repeat":"repeat","background-position":"center center","background-size":"auto","background-attachment":"scroll","background-type":"","background-media":"","overlay-type":"","overlay-color":"","overlay-opacity":"","overlay-gradient":""},"mobile":{"background-color":"","background-image":"","background-repeat":"repeat","background-position":"center center","background-size":"auto","background-attachment":"scroll","background-type":"","background-media":"","overlay-type":"","overlay-color":"","overlay-opacity":"","overlay-gradient":""}},"ast-content-background-meta":{"desktop":{"background-color":"var(--ast-global-color-5)","background-image":"","background-repeat":"repeat","background-position":"center center","background-size":"auto","background-attachment":"scroll","background-type":"","background-media":"","overlay-type":"","overlay-color":"","overlay-opacity":"","overlay-gradient":""},"tablet":{"background-color":"var(--ast-global-color-5)","background-image":"","background-repeat":"repeat","background-position":"center center","background-size":"auto","background-attachment":"scroll","background-type":"","background-media":"","overlay-type":"","overlay-color":"","overlay-opacity":"","overlay-gradient":""},"mobile":{"background-color":"var(--ast-global-color-5)","background-image":"","background-repeat":"repeat","background-position":"center center","background-size":"auto","background-attachment":"scroll","background-type":"","background-media":"","overlay-type":"","overlay-color":"","overlay-opacity":"","overlay-gradient":""}},"footnotes":""},"categories":[8],"tags":[5486,7927,2324,247],"class_list":["post-57106","post","type-post","status-publish","format-standard","has-post-thumbnail","hentry","category-noticias","tag-elecciones-2024","tag-encuestas","tag-mario-delgado","tag-morena"],"_links":{"self":[{"href":"https:\/\/losperiodistas.com.mx\/portal\/wp-json\/wp\/v2\/posts\/57106","targetHints":{"allow":["GET"]}}],"collection":[{"href":"https:\/\/losperiodistas.com.mx\/portal\/wp-json\/wp\/v2\/posts"}],"about":[{"href":"https:\/\/losperiodistas.com.mx\/portal\/wp-json\/wp\/v2\/types\/post"}],"author":[{"embeddable":true,"href":"https:\/\/losperiodistas.com.mx\/portal\/wp-json\/wp\/v2\/users\/1"}],"replies":[{"embeddable":true,"href":"https:\/\/losperiodistas.com.mx\/portal\/wp-json\/wp\/v2\/comments?post=57106"}],"version-history":[{"count":1,"href":"https:\/\/losperiodistas.com.mx\/portal\/wp-json\/wp\/v2\/posts\/57106\/revisions"}],"predecessor-version":[{"id":57108,"href":"https:\/\/losperiodistas.com.mx\/portal\/wp-json\/wp\/v2\/posts\/57106\/revisions\/57108"}],"wp:featuredmedia":[{"embeddable":true,"href":"https:\/\/losperiodistas.com.mx\/portal\/wp-json\/wp\/v2\/media\/57107"}],"wp:attachment":[{"href":"https:\/\/losperiodistas.com.mx\/portal\/wp-json\/wp\/v2\/media?parent=57106"}],"wp:term":[{"taxonomy":"category","embeddable":true,"href":"https:\/\/losperiodistas.com.mx\/portal\/wp-json\/wp\/v2\/categories?post=57106"},{"taxonomy":"post_tag","embeddable":true,"href":"https:\/\/losperiodistas.com.mx\/portal\/wp-json\/wp\/v2\/tags?post=57106"}],"curies":[{"name":"wp","href":"https:\/\/api.w.org\/{rel}","templated":true}]}}