{"id":570,"date":"2020-10-28T04:49:51","date_gmt":"2020-10-28T10:49:51","guid":{"rendered":"http:\/\/losperiodistas.com.mx\/portal\/?p=570"},"modified":"2020-10-28T06:30:49","modified_gmt":"2020-10-28T12:30:49","slug":"la-oportunidad-de-mario-delgado","status":"publish","type":"post","link":"https:\/\/losperiodistas.com.mx\/portal\/la-oportunidad-de-mario-delgado\/","title":{"rendered":"La oportunidad de Mario Delgado"},"content":{"rendered":"\n<p><\/p>\n\n\n\n<p style=\"font-size:26px\"><em>Por Dr. Carlos Figueroa Ibarra<\/em><\/p>\n\n\n\n<p><\/p>\n\n\n\n<p>El viernes 23 de octubre en la tarde recib\u00ed la noticia de que el ganador de la encuesta para presidir al Comit\u00e9 Ejecutivo Nacional de Morena hab\u00eda sido Mario Delgado, actual jefe de bancada de Morena en la C\u00e1mara de Diputados.&nbsp; El domingo 25 recib\u00ed una llamada telef\u00f3nica de \u00e9l hacia mi persona la cual agradezco bastante. No he escatimado palabras en art\u00edculos y entrevistas para expresar mis preferencias por Yeidckol Polevnsky para ocupar el encargo que Mario ostentar\u00e1. Tampoco las he escatimado para expresar mi visi\u00f3n cr\u00edtica con respecto a su trayectoria. Pero aprovecho la oportunidad para deslindarme&nbsp; de un insulto hacia Mario atribuido a mi persona y que fuera publicado en uno de los principales rotativos de Puebla.&nbsp; El propio gobernador Barbosa expresando su consideraci\u00f3n hacia mi persona manifest\u00f3 con raz\u00f3n su desacuerdo con la expresi\u00f3n que se me atribuy\u00f3. Ped\u00ed a la autora del art\u00edculo la grabaci\u00f3n de la entrevista para que si en caso hubiese proferido&nbsp; dicho insulto,&nbsp; expresarle a Mario Delgado una disculpa. Pero me dijo que no ten\u00eda esa grabaci\u00f3n, que la nota la hab\u00eda redactado en base a algunos apuntes hechos mientras por tel\u00e9fono escuchaba&nbsp; mis opiniones. Alguien estuvo a mi lado durante la entrevista y me asegur\u00f3 que jam\u00e1s hab\u00eda proferido expresi\u00f3n semejante hacia el ahora presidente electo del CEN de Morena.<\/p>\n\n\n\n<p>Dicho esto, reitero mi valoraci\u00f3n hacia la llamada que me hizo Mario Delgado. Le expres\u00e9 que no lo hab\u00eda apoyado y que ten\u00eda una visi\u00f3n cr\u00edtica acerca de su persona en base a la norma \u00e9tica que tengo de nunca escribir y publicar algo sobre alguien que no me atreva a dec\u00edrselo en persona. Me respondi\u00f3 que eso no importaba, que lo importante era sacar adelante a Morena y que cumpla el papel que no ha cumplido. Entend\u00ed su llamada, que hizo a cada uno de los integrantes del&nbsp; CEN de Morena, como la voluntad pol\u00edtica de iniciar una nueva \u00e9poca en la vida del partido. He le\u00eddo de su prop\u00f3sito de restablecer la unidad en Morena, de retomar el trabajo de organizaci\u00f3n de base que hicimos entre 2015 y 2018 con los comit\u00e9s seccionales y de protagonistas del cambio verdadero, de retomar el trabajo de formaci\u00f3n pol\u00edtica, en suma de hacer lo que deber\u00eda haber hecho Alfonso Ram\u00edrez Cuellar en todos estos meses de su infausta gesti\u00f3n. En agosto de este a\u00f1o escrib\u00ed un art\u00edculo (https:\/\/www.e-consulta.com\/opinion\/2020-08-24\/ramirez-cuellar-la-oportunidad-perdida) en el que argumentaba c\u00f3mo Ram\u00edrez Cu\u00e9llar hab\u00eda perdido la oportunidad de serenar a Morena y encauzarla por buen rumbo. En vez de eso se dedic\u00f3 a cumplir la agenda de poder de Bertha Luj\u00e1n y de los grupos de inter\u00e9s que la acuerpan. Se esmer\u00f3 en&nbsp; crear en el CEN un ambiente de hostilidad y de imposici\u00f3n, &nbsp;golpe\u00f3 sin recato el trabajo feminista encabezado por Carol Arriaga, tambi\u00e9n a los integrantes de los comit\u00e9s ejecutivos estatales que no compart\u00edan sus filias y sus fobias y sobre todo se esmer\u00f3 en manchar el nombre de Yeidckol Polevnsky haci\u00e9ndole acusaciones de corrupci\u00f3n que nunca pudo sustentar en un tribunal. Adem\u00e1s de ello, sin consultar con el CEN de Morena se permiti\u00f3 emitir opiniones y documentos que confrontaban a Andr\u00e9s Manuel. &nbsp;Su gesti\u00f3n la ha cerrado deplorablemente con las derrotas electorales de Morena en Coahuila e Hidalgo.<\/p>\n\n\n\n<p>En unos d\u00edas veremos a Mario Delgado presidir a Morena. Tiene la oportunidad hist\u00f3rica que Ram\u00edrez Cu\u00e9llar&nbsp; tir\u00f3 a la basura. Uniendo al partido en medio de sus diferencias, desmantelando el discurso de odio que lo ha envenenado en los \u00faltimos 20 meses, poni\u00e9ndolo a trabajar para que se convierta en un apoyo al presidente y no en un problema m\u00e1s para \u00e9l, &nbsp;puede encabezar a una organizaci\u00f3n que tiene grandes posibilidades de lograr un triunfo notable en las decisivas elecciones de 2021. Si logra hacerlo, tendr\u00e1 grandes perspectivas en su futura pol\u00edtico.<\/p>\n\n\n\n<p><\/p>\n","protected":false},"excerpt":{"rendered":"<p>Por Dr. Carlos Figueroa Ibarra El viernes 23 de octubre en la tarde recib\u00ed la noticia de que el ganador [&hellip;]<\/p>\n","protected":false},"author":1,"featured_media":600,"comment_status":"open","ping_status":"open","sticky":false,"template":"","format":"standard","meta":{"site-sidebar-layout":"default","site-content-layout":"","ast-site-content-layout":"default","site-content-style":"default","site-sidebar-style":"default","ast-global-header-display":"","ast-banner-title-visibility":"","ast-main-header-display":"","ast-hfb-above-header-display":"","ast-hfb-below-header-display":"","ast-hfb-mobile-header-display":"","site-post-title":"","ast-breadcrumbs-content":"","ast-featured-img":"","footer-sml-layout":"","theme-transparent-header-meta":"","adv-header-id-meta":"","stick-header-meta":"","header-above-stick-meta":"","header-main-stick-meta":"","header-below-stick-meta":"","astra-migrate-meta-layouts":"default","ast-page-background-enabled":"default","ast-page-background-meta":{"desktop":{"background-color":"var(--ast-global-color-4)","background-image":"","background-repeat":"repeat","background-position":"center center","background-size":"auto","background-attachment":"scroll","background-type":"","background-media":"","overlay-type":"","overlay-color":"","overlay-opacity":"","overlay-gradient":""},"tablet":{"background-color":"","background-image":"","background-repeat":"repeat","background-position":"center center","background-size":"auto","background-attachment":"scroll","background-type":"","background-media":"","overlay-type":"","overlay-color":"","overlay-opacity":"","overlay-gradient":""},"mobile":{"background-color":"","background-image":"","background-repeat":"repeat","background-position":"center center","background-size":"auto","background-attachment":"scroll","background-type":"","background-media":"","overlay-type":"","overlay-color":"","overlay-opacity":"","overlay-gradient":""}},"ast-content-background-meta":{"desktop":{"background-color":"var(--ast-global-color-5)","background-image":"","background-repeat":"repeat","background-position":"center center","background-size":"auto","background-attachment":"scroll","background-type":"","background-media":"","overlay-type":"","overlay-color":"","overlay-opacity":"","overlay-gradient":""},"tablet":{"background-color":"var(--ast-global-color-5)","background-image":"","background-repeat":"repeat","background-position":"center center","background-size":"auto","background-attachment":"scroll","background-type":"","background-media":"","overlay-type":"","overlay-color":"","overlay-opacity":"","overlay-gradient":""},"mobile":{"background-color":"var(--ast-global-color-5)","background-image":"","background-repeat":"repeat","background-position":"center center","background-size":"auto","background-attachment":"scroll","background-type":"","background-media":"","overlay-type":"","overlay-color":"","overlay-opacity":"","overlay-gradient":""}},"footnotes":""},"categories":[22],"tags":[],"class_list":["post-570","post","type-post","status-publish","format-standard","has-post-thumbnail","hentry","category-opinion-invitada"],"_links":{"self":[{"href":"https:\/\/losperiodistas.com.mx\/portal\/wp-json\/wp\/v2\/posts\/570","targetHints":{"allow":["GET"]}}],"collection":[{"href":"https:\/\/losperiodistas.com.mx\/portal\/wp-json\/wp\/v2\/posts"}],"about":[{"href":"https:\/\/losperiodistas.com.mx\/portal\/wp-json\/wp\/v2\/types\/post"}],"author":[{"embeddable":true,"href":"https:\/\/losperiodistas.com.mx\/portal\/wp-json\/wp\/v2\/users\/1"}],"replies":[{"embeddable":true,"href":"https:\/\/losperiodistas.com.mx\/portal\/wp-json\/wp\/v2\/comments?post=570"}],"version-history":[{"count":2,"href":"https:\/\/losperiodistas.com.mx\/portal\/wp-json\/wp\/v2\/posts\/570\/revisions"}],"predecessor-version":[{"id":601,"href":"https:\/\/losperiodistas.com.mx\/portal\/wp-json\/wp\/v2\/posts\/570\/revisions\/601"}],"wp:featuredmedia":[{"embeddable":true,"href":"https:\/\/losperiodistas.com.mx\/portal\/wp-json\/wp\/v2\/media\/600"}],"wp:attachment":[{"href":"https:\/\/losperiodistas.com.mx\/portal\/wp-json\/wp\/v2\/media?parent=570"}],"wp:term":[{"taxonomy":"category","embeddable":true,"href":"https:\/\/losperiodistas.com.mx\/portal\/wp-json\/wp\/v2\/categories?post=570"},{"taxonomy":"post_tag","embeddable":true,"href":"https:\/\/losperiodistas.com.mx\/portal\/wp-json\/wp\/v2\/tags?post=570"}],"curies":[{"name":"wp","href":"https:\/\/api.w.org\/{rel}","templated":true}]}}