{"id":56986,"date":"2023-08-16T13:43:03","date_gmt":"2023-08-16T18:43:03","guid":{"rendered":"http:\/\/losperiodistas.com.mx\/portal\/?p=56986"},"modified":"2023-08-16T15:47:43","modified_gmt":"2023-08-16T20:47:43","slug":"marcelo-ebrard-acusa-a-claudia-sheinbaum-de-acarreo-lanza-advertencia-a-morena-tras-incumplimiento-de-reglas-infobae","status":"publish","type":"post","link":"https:\/\/losperiodistas.com.mx\/portal\/marcelo-ebrard-acusa-a-claudia-sheinbaum-de-acarreo-lanza-advertencia-a-morena-tras-incumplimiento-de-reglas-infobae\/","title":{"rendered":"Marcelo Ebrard acusa a Claudia Sheinbaum de acarreo; lanza advertencia a Morena tras incumplimiento de reglas | Infobae"},"content":{"rendered":"\n<h2 class=\"has-light-green-cyan-background-color has-background has-medium-font-size wp-block-heading\">El excanciller inform\u00f3 a trav\u00e9s de sus redes sociales que har\u00eda un anuncio importante sobre qui\u00e9n va a encabezar a Morena rumbo a las elecciones del 2024<\/h2>\n\n\n\n<figure class=\"wp-block-image size-large\"><img fetchpriority=\"high\" decoding=\"async\" width=\"1024\" height=\"571\" src=\"https:\/\/losperiodistas.com.mx\/portal\/wp-content\/uploads\/2023\/08\/Captura-de-pantalla-2023-08-16-a-las-12.37.59-1024x571.png\" alt=\"\" class=\"wp-image-56987\" srcset=\"https:\/\/losperiodistas.com.mx\/portal\/wp-content\/uploads\/2023\/08\/Captura-de-pantalla-2023-08-16-a-las-12.37.59-1024x571.png 1024w, https:\/\/losperiodistas.com.mx\/portal\/wp-content\/uploads\/2023\/08\/Captura-de-pantalla-2023-08-16-a-las-12.37.59-300x167.png 300w, https:\/\/losperiodistas.com.mx\/portal\/wp-content\/uploads\/2023\/08\/Captura-de-pantalla-2023-08-16-a-las-12.37.59-768x428.png 768w, https:\/\/losperiodistas.com.mx\/portal\/wp-content\/uploads\/2023\/08\/Captura-de-pantalla-2023-08-16-a-las-12.37.59-1536x856.png 1536w, https:\/\/losperiodistas.com.mx\/portal\/wp-content\/uploads\/2023\/08\/Captura-de-pantalla-2023-08-16-a-las-12.37.59.png 1632w\" sizes=\"(max-width: 1024px) 100vw, 1024px\" \/><figcaption>El aspirante a candidato de Morena present\u00f3 una propuesta m\u00e1s (Cuartoscuro)<\/figcaption><\/figure>\n\n\n\n<p><\/p>\n\n\n\n<p class=\"has-vivid-red-color has-text-color has-medium-font-size\"><strong>OCTAVIO VARGAS \/ INFOBAE<\/strong><\/p>\n\n\n\n<p>En el marco del supuesto sorteo para seleccionar a la casa encuestadora que realizar\u00e1 en censo para determinar qui\u00e9n ser\u00e1 el representante de Morena,&nbsp;<strong>Marcelo Ebrard convoc\u00f3 a una conferencia de prensa donde destac\u00f3 los diferentes logros que se han logrado durante el gobierno de AMLO<\/strong>, esto mientras en la pantalla se mostraba una gr\u00e1fica que demostraba un superioridad de Morena sobre el Frente Amplio por M\u00e9xico.<\/p>\n\n\n\n<div class=\"wp-block-image\"><figure class=\"alignleft is-resized\"><img decoding=\"async\" src=\"https:\/\/www.infobae.com\/new-resizer\/jwpnAh0UujNeYNEOy3eeTOesBkY=\/filters:format(webp):quality(85)\/cloudfront-us-east-1.images.arcpublishing.com\/infobae\/RPMORIZJRRGJVGKJEJNNP7J2IQ.jpg\" alt=\"Durante una visita a Chiapas, P\u00edo asegur\u00f3 que el excanciller ganar\u00e1 la encuesta interna de Morena y las elecciones el pr\u00f3ximo a\u00f1o. (Cuartoscuro)\" width=\"-488\" height=\"-274\"\/><\/figure><\/div>\n\n\n\n<p>Te puede interesar:<strong><a href=\"https:\/\/www.infobae.com\/mexico\/2023\/08\/11\/pio-lopez-obrador-respalda-a-ebrard-proclama-su-victoria-presidencial-en-2024\/\">P\u00edo L\u00f3pez Obrador respalda a Ebrard: proclama su victoria presidencial en 2024<\/a><\/strong><\/p>\n\n\n\n<p>Asimismo, comparti\u00f3&nbsp;<strong>una gr\u00e1fica que evidenciaba la idea de que \u00e9l va en la cabeza<\/strong>&nbsp;y que la ha superado sin pagar las encuestas, explic\u00f3 que lleg\u00f3 a este resultado con una s\u00edntesis de todas las casas encargadas de realizar los censos.<\/p>\n\n\n\n<p>Adem\u00e1s, el excanciller descart\u00f3 que en la competencia se contemplen al resto de sus compa\u00f1eros que aspiran por la coordinaci\u00f3n (Ricardo Monreal, Ad\u00e1n Augusto L\u00f3pez, Fern\u00e1ndez Noro\u00f1a, de PT, y Manuel Velasco del PVEM).<strong>&nbsp;Acus\u00f3 que han utilizado acarre\u00f3 pagado para fingir apoyo<\/strong>, esto dijo que se debe a los resultados que lo favorecen.<\/p>\n\n\n\n<blockquote class=\"wp-block-quote is-layout-flow wp-block-quote-is-layout-flow\"><p>\u201dSiendo yo jefe de Gobierno nunca vieron todo el pa\u00eds pintado ni con espectaculares. Ni tampoco, nunca, vieron que mandara yo brigadas del gobierno para apoyar mi postulaci\u00f3n, les habla alguien con autoridad moral\u201d, coment\u00f3 Ebrard.<\/p><\/blockquote>\n\n\n\n<p>El aspirante, dijo que tienen la&nbsp;<strong>condici\u00f3n moral para reclamar por el pago de acarreo y de bardas o espectaculares de otros candidatos<\/strong>, pues asegur\u00f3 que en ning\u00fan punto de la Rep\u00fablica se vio propaganda a su favor. Y pidi\u00f3 a los dirigentes que exigen el alto a estas pr\u00e1cticas para que la ciudadan\u00eda pudiera elegir libremente.<img decoding=\"async\" alt=\"Foto:cuartoscurto\" height=\"1080\" width=\"1920\" src=\"https:\/\/www.infobae.com\/new-resizer\/sQLxal_8jFcVDEaMGrrPE8QvWEw=\/arc-anglerfish-arc2-prod-infobae\/public\/AQNTVB7RMNDFFH7E7IDM7S6F6I.jpg\" srcset=\"https:\/\/www.infobae.com\/new-resizer\/W5kW0xsXXad1NLz-XisB5o4sP-A=\/420x236\/filters:format(webp):quality(85)\/cloudfront-us-east-1.images.arcpublishing.com\/infobae\/AQNTVB7RMNDFFH7E7IDM7S6F6I.jpg 420w,https:\/\/www.infobae.com\/new-resizer\/UJ7njVPv1d7teMRp60BL15LMYtI=\/768x432\/filters:format(webp):quality(85)\/cloudfront-us-east-1.images.arcpublishing.com\/infobae\/AQNTVB7RMNDFFH7E7IDM7S6F6I.jpg 768w,https:\/\/www.infobae.com\/new-resizer\/p1AdtcA6rWK48wZcIQqfcMrgacc=\/992x558\/filters:format(webp):quality(85)\/cloudfront-us-east-1.images.arcpublishing.com\/infobae\/AQNTVB7RMNDFFH7E7IDM7S6F6I.jpg 992w,https:\/\/www.infobae.com\/new-resizer\/ZM2LJVrdc631s-kCg2xcR1kKe2M=\/1200x675\/filters:format(webp):quality(85)\/cloudfront-us-east-1.images.arcpublishing.com\/infobae\/AQNTVB7RMNDFFH7E7IDM7S6F6I.jpg 1200w,https:\/\/www.infobae.com\/new-resizer\/f645XwpNs4_exw4YnnXHDxlJJQ0=\/1440x810\/filters:format(webp):quality(85)\/cloudfront-us-east-1.images.arcpublishing.com\/infobae\/AQNTVB7RMNDFFH7E7IDM7S6F6I.jpg 1440w\">Foto:cuartoscurto<\/p>\n\n\n\n<blockquote class=\"wp-block-quote is-layout-flow wp-block-quote-is-layout-flow\"><p>\u201cExhorto a la dirigencia de nuestro partido que deje de simular, que tome medida y es m\u00e1s no exhorto, exijo a nombre de todos los ciudadanos\u201d, dijo como \u00faltimo punto en la conferencia de prensa.<\/p><\/blockquote>\n\n\n\n<p>Record\u00f3 que los<strong>&nbsp;diferentes participantes firmaron un acuerdo donde acordaban que no pasar\u00eda esto<\/strong>, es decir la compra de bardas con propaganda de los participantes o el pago del acarreo para simular un mayor apoyo de los ciudadanos. Pidi\u00f3 a sus compa\u00f1eros que sean leales al movimiento.<\/p>\n\n\n\n<blockquote class=\"wp-block-quote is-layout-flow wp-block-quote-is-layout-flow\"><p>\u201cIgual a Claudia se lo digo \u00bfQu\u00e9 necesidad? Comprometer todo aquello por lo que hemos luchado\u201d, dijo.<\/p><\/blockquote>\n\n\n\n<p><img decoding=\"async\" alt=\"Marcelo Ebrard manda mensaje a Morena para que haga acatar las reglas debido al incremento del acarreo (Captura de pantalla \/ X)\" height=\"337\" width=\"637\" src=\"https:\/\/www.infobae.com\/new-resizer\/z8MTJU6IeR-f5fTjksZyBCoJMEs=\/arc-anglerfish-arc2-prod-infobae\/public\/Q2VSNZ6NPJDM5L3HATMOKZXRGY.png\" srcset=\"https:\/\/www.infobae.com\/new-resizer\/lN22wf6pT5hAj2bE1cXFP_853hY=\/420x236\/filters:format(webp):quality(85)\/cloudfront-us-east-1.images.arcpublishing.com\/infobae\/Q2VSNZ6NPJDM5L3HATMOKZXRGY.png 420w,https:\/\/www.infobae.com\/new-resizer\/BCRuxjwZZWFU7Q1QsOb3Ay1ebl4=\/768x432\/filters:format(webp):quality(85)\/cloudfront-us-east-1.images.arcpublishing.com\/infobae\/Q2VSNZ6NPJDM5L3HATMOKZXRGY.png 768w,https:\/\/www.infobae.com\/new-resizer\/nxligNu1gdEuQaqAPwIDI0lpy3w=\/992x558\/filters:format(webp):quality(85)\/cloudfront-us-east-1.images.arcpublishing.com\/infobae\/Q2VSNZ6NPJDM5L3HATMOKZXRGY.png 992w,https:\/\/www.infobae.com\/new-resizer\/jiUVdYsY20TfYZgoCB2asNJZiEk=\/1200x675\/filters:format(webp):quality(85)\/cloudfront-us-east-1.images.arcpublishing.com\/infobae\/Q2VSNZ6NPJDM5L3HATMOKZXRGY.png 1200w,https:\/\/www.infobae.com\/new-resizer\/cqx_HrcMAgW1LydtP6WM-U1js1M=\/1440x810\/filters:format(webp):quality(85)\/cloudfront-us-east-1.images.arcpublishing.com\/infobae\/Q2VSNZ6NPJDM5L3HATMOKZXRGY.png 1440w\">Marcelo Ebrard manda mensaje a Morena para que haga acatar las reglas debido al incremento del acarreo (Captura de pantalla \/ X)<\/p>\n\n\n\n<p>El aspirante para coordinar a Morena en las elecciones de 2024, hizo una campa\u00f1a a trav\u00e9s de redes sociales, que gener\u00f3 curiosidad entre simpatizantes y medios de comunicaci\u00f3n, pues&nbsp;<strong>promet\u00eda hablar sobre la encuesta y quien encabezar\u00e1 al partido en las elecciones de 2024<\/strong>.<\/p>\n\n\n\n<p><a href=\"https:\/\/www.infobae.com\/mexico\/2023\/08\/10\/ebrard-dio-a-conocer-cual-sera-la-pregunta-decisiva-en-la-encuesta-de-morena-valdra-el-75\/\" target=\"_blank\" rel=\"noreferrer noopener\">Te puede interesar:<strong>Ebrard dio a conocer cu\u00e1l ser\u00e1 la pregunta decisiva en la encuesta de Morena: \u201cValdr\u00e1 el 75%\u201d<\/strong><\/a><\/p>\n\n\n\n<p>En redes sociales&nbsp;<strong>se especul\u00f3 sobre la posibilidad de que el aspirante declinara<\/strong>&nbsp;de la competencia, esto por las encuestas publicadas por medios de comunicaci\u00f3n que&nbsp;<strong>colocaban a Claudia Sheinbaum como la candidata favorita con 10 puntos de ventaja sobre Marcelo Ebrard<\/strong>, de acuerdo con&nbsp;<em>El Financiero<\/em>.<\/p>\n\n\n\n<h2 class=\"wp-block-heading\">Menos de dos semanas para el fin de los recorridos<\/h2>\n\n\n\n<p>El mensaje llega a&nbsp;<strong>11 d\u00edas de que finalicen los recorridos de los aspirantes de la alianza de Morena, PT y PVEM<\/strong>, el pr\u00f3ximo 27 de agosto, para que despu\u00e9s se mantengan en silencio mientras las casas encuestadoras realicen el censo para determinar qui\u00e9n ser\u00e1 el candidato que representar\u00e1 a Morena en las elecciones de 2024.<img loading=\"lazy\" decoding=\"async\" alt=\"La y los aspirantes a la candidatura presidencial de Morena. De izquierda a derecha: Manuel Velasco, Marcelo Ebrard, Ad\u00e1n Augusto L\u00f3pez, Claudia Sheinbaum, Ricardo Monreal y Gerardo Fern\u00e1ndez Noro\u00f1a. Foto: Especial\" height=\"1080\" width=\"1920\" src=\"https:\/\/www.infobae.com\/new-resizer\/mRks4JZ47w_S461Pr6E2GJndSuE=\/arc-anglerfish-arc2-prod-infobae\/public\/ADGFCJEAXVBJFO2H4GIJ5K77I4.jpg\" srcset=\"https:\/\/www.infobae.com\/new-resizer\/ZGwUdU5DR2JX1Jby4ItuC9oEGfk=\/420x236\/filters:format(webp):quality(85)\/cloudfront-us-east-1.images.arcpublishing.com\/infobae\/ADGFCJEAXVBJFO2H4GIJ5K77I4.jpg 420w,https:\/\/www.infobae.com\/new-resizer\/s5Fnv_uTmXoOPUbCSoqmeMXcZEo=\/768x432\/filters:format(webp):quality(85)\/cloudfront-us-east-1.images.arcpublishing.com\/infobae\/ADGFCJEAXVBJFO2H4GIJ5K77I4.jpg 768w,https:\/\/www.infobae.com\/new-resizer\/MjH0W9XksQ4qoR4Azb-bdffZm8A=\/992x558\/filters:format(webp):quality(85)\/cloudfront-us-east-1.images.arcpublishing.com\/infobae\/ADGFCJEAXVBJFO2H4GIJ5K77I4.jpg 992w,https:\/\/www.infobae.com\/new-resizer\/oSk6DjepwuJS3hhAm3zDojKRz8k=\/1200x675\/filters:format(webp):quality(85)\/cloudfront-us-east-1.images.arcpublishing.com\/infobae\/ADGFCJEAXVBJFO2H4GIJ5K77I4.jpg 1200w,https:\/\/www.infobae.com\/new-resizer\/hQaVYTLlEnghTcJLvo4V0Q-kOB8=\/1440x810\/filters:format(webp):quality(85)\/cloudfront-us-east-1.images.arcpublishing.com\/infobae\/ADGFCJEAXVBJFO2H4GIJ5K77I4.jpg 1440w\">La y los aspirantes a la candidatura presidencial de Morena. De izquierda a derecha: Manuel Velasco, Marcelo Ebrard, Ad\u00e1n Augusto L\u00f3pez, Claudia Sheinbaum, Ricardo Monreal y Gerardo Fern\u00e1ndez Noro\u00f1a. Foto: Especial<\/p>\n\n\n\n<p>Asimismo, llega despu\u00e9s de que&nbsp;<strong>Mario Delgado<\/strong>, presidente nacional de Morena, inform\u00f3 que el proceso para dar a conocer las encuestas se cancelar\u00eda, estaba programado para el 15 de agosto, esto derivado a&nbsp;<strong>supuestos intereses por parte de la oposici\u00f3n<\/strong>&nbsp;que podr\u00edan afectar los resultados.<\/p>\n\n\n\n<p>El cambio contempla que se d\u00e9 a conocer los nombre de las casas encuestadoras el mismo d\u00eda en que se anuncien los resultados, que ser\u00e1 el 6 de septiembre, as\u00ed previenen supuestas manipulaciones. Para ello,&nbsp;<strong>Mario Delgado pidi\u00f3 a los aspirantes que evitaran hacer divulgaciones al respecto de las encuestas<\/strong>&nbsp;y mantenerse herm\u00e9tico.<\/p>\n\n\n\n<h2 class=\"wp-block-heading\">Ebrard reta las reglas para no hacer propuestas de gobierno<\/h2>\n\n\n\n<p>Desde el comienzo de los recorridos, el excanciller se mostraba en&nbsp;<strong>contra de la regla de que ninguno de los aspirantes deb\u00eda hacer alguna propuesta<\/strong>, incluso lleg\u00f3 a llamar que las giras eran simples viajes.<\/p>\n\n\n\n<blockquote class=\"wp-block-quote is-layout-flow wp-block-quote-is-layout-flow\"><p>\u201cDicen que no hagamos propuestas, pero que habr\u00e1 un recorrido por todo el pa\u00eds, o sea como si fuera visita tur\u00edstica\u201d, dijo en junio durante un evento en Ecatepec, Estado de M\u00e9xico.<\/p><\/blockquote>\n\n\n\n<p><img loading=\"lazy\" decoding=\"async\" alt=\"Marcelo Ebrard present\u00f3 su &quot;Plan \u00c1ngel&quot; en Quer\u00e9taro. Foto: Twitter, @m_ebrard\" height=\"505\" width=\"763\" src=\"https:\/\/www.infobae.com\/new-resizer\/oH8PV_XCyIMSiGAPtjRb1agytV0=\/arc-anglerfish-arc2-prod-infobae\/public\/DRIR7TN46FE2NA6JM7OLLAPYHU.jpg\" srcset=\"https:\/\/www.infobae.com\/new-resizer\/9IttEu40cMi27Y6LZBvVapY-AUk=\/420x280\/filters:format(webp):quality(85)\/cloudfront-us-east-1.images.arcpublishing.com\/infobae\/DRIR7TN46FE2NA6JM7OLLAPYHU.jpg 420w,https:\/\/www.infobae.com\/new-resizer\/AtX7q6AicpnBGSSdsILzLLKNPvY=\/768x512\/filters:format(webp):quality(85)\/cloudfront-us-east-1.images.arcpublishing.com\/infobae\/DRIR7TN46FE2NA6JM7OLLAPYHU.jpg 768w,https:\/\/www.infobae.com\/new-resizer\/D0bOVOokTg67VSHjvawwbUr9qCc=\/992x661\/filters:format(webp):quality(85)\/cloudfront-us-east-1.images.arcpublishing.com\/infobae\/DRIR7TN46FE2NA6JM7OLLAPYHU.jpg 992w,https:\/\/www.infobae.com\/new-resizer\/omG0Xzfm3E-gfBy0zWSepEuYb1w=\/1200x800\/filters:format(webp):quality(85)\/cloudfront-us-east-1.images.arcpublishing.com\/infobae\/DRIR7TN46FE2NA6JM7OLLAPYHU.jpg 1200w,https:\/\/www.infobae.com\/new-resizer\/hrIjrc69rpSsaVj6kv2rpCLNuxM=\/1440x960\/filters:format(webp):quality(85)\/cloudfront-us-east-1.images.arcpublishing.com\/infobae\/DRIR7TN46FE2NA6JM7OLLAPYHU.jpg 1440w\">Marcelo Ebrard present\u00f3 su \u00abPlan \u00c1ngel\u00bb en Quer\u00e9taro. Foto: Twitter, @m_ebrard<\/p>\n\n\n\n<p>Desde entonces, Ebrard realiz\u00f3 dos propuesta de campa\u00f1a; una con relaci\u00f3n a temas de seguridad, al que llam\u00f3<em>&nbsp;Plan A.N.G.E.L<\/em>, que promete combinar la tecnolog\u00eda y la inteligencia artificial con las autoridades para mejorar los resultados.<\/p>\n\n\n\n<p><a href=\"https:\/\/www.infobae.com\/mexico\/2023\/08\/16\/marcelo-ebrard-hara-un-importante-anuncio-sobre-el-final-del-proceso-interno-de-morena\/\" target=\"_blank\" rel=\"noreferrer noopener\">Te puede interesar:<strong>Marcelo Ebrard har\u00e1 un importante anuncio sobre el final del proceso interno de Morena<\/strong><\/a><\/p>\n\n\n\n<p>Al igual que una propuesta en temas sociales, al que llam\u00f3<em>&nbsp;Pasaporte Violeta<\/em>, que tienen el objetivo de<strong>&nbsp;ofrecer mejores y mayores posibilidades para las mujeres<\/strong>, sumado a apoyos econ\u00f3micos.<\/p>\n\n\n\n<p>Otra de las reglas que ha \u2018rot\u00f3\u2019 Ebrard durante el proceso interno de la alianza, est\u00e1 relacionado con los debates, pues en m\u00faltiples ocasiones ha invitado a Claudia Sheinbaum para que dialoguen sobre temas de inter\u00e9s social.<\/p>\n\n\n\n<p><img loading=\"lazy\" decoding=\"async\" height=\"1080\" width=\"1920\" srcset=\"https:\/\/www.infobae.com\/new-resizer\/29BzXRVM95uDqOyF8rX9D8NoHpo=\/420x236\/filters:format(webp):quality(85)\/cloudfront-us-east-1.images.arcpublishing.com\/infobae\/OAEA4WUZRFFAZM3EBXF2HJW76U.jpg 420w,https:\/\/www.infobae.com\/new-resizer\/_k4KO2SD0P0m6lsIkzubZoZoJEY=\/768x432\/filters:format(webp):quality(85)\/cloudfront-us-east-1.images.arcpublishing.com\/infobae\/OAEA4WUZRFFAZM3EBXF2HJW76U.jpg 768w,https:\/\/www.infobae.com\/new-resizer\/es0D4SwIwOvbpiUDqifF34OZzyU=\/992x558\/filters:format(webp):quality(85)\/cloudfront-us-east-1.images.arcpublishing.com\/infobae\/OAEA4WUZRFFAZM3EBXF2HJW76U.jpg 992w,https:\/\/www.infobae.com\/new-resizer\/UjN3AXxcshtQ0VkGVwCW_6prF6Y=\/1200x675\/filters:format(webp):quality(85)\/cloudfront-us-east-1.images.arcpublishing.com\/infobae\/OAEA4WUZRFFAZM3EBXF2HJW76U.jpg 1200w,https:\/\/www.infobae.com\/new-resizer\/gCrSqsloIw9N1OUW7yfZcqNjTZM=\/1440x810\/filters:format(webp):quality(85)\/cloudfront-us-east-1.images.arcpublishing.com\/infobae\/OAEA4WUZRFFAZM3EBXF2HJW76U.jpg 1440w\" src=\"https:\/\/www.infobae.com\/new-resizer\/ydaRxAAtNnUZZ8uxkCykTAMEv4M=\/arc-anglerfish-arc2-prod-infobae\/public\/OAEA4WUZRFFAZM3EBXF2HJW76U.jpg\" alt=\"El aspirante a la candidatura presidencial de Morena, Marcelo Ebrard. Foto: Captura de Pantalla\">El aspirante a la candidatura presidencial de Morena, Marcelo Ebrard. Foto: Captura de Pantalla<\/p>\n\n\n\n<p>Fuente:<a href=\"https:\/\/www.infobae.com\/mexico\/2023\/08\/16\/marcelo-ebrard-acusa-a-claudia-sheinbaum-de-acarreo-lanza-advertencia-a-morena-tras-incumplimiento-de-reglas\/\">https:\/\/www.infobae.com\/mexico\/2023\/08\/16\/marcelo-ebrard-acusa-a-claudia-sheinbaum-de-acarreo-lanza-advertencia-a-morena-tras-incumplimiento-de-reglas\/<\/a><\/p>\n","protected":false},"excerpt":{"rendered":"<p>El excanciller inform\u00f3 a trav\u00e9s de sus redes sociales que har\u00eda un anuncio importante sobre qui\u00e9n va a encabezar a [&hellip;]<\/p>\n","protected":false},"author":1,"featured_media":56987,"comment_status":"open","ping_status":"open","sticky":false,"template":"","format":"standard","meta":{"site-sidebar-layout":"default","site-content-layout":"","ast-site-content-layout":"default","site-content-style":"default","site-sidebar-style":"default","ast-global-header-display":"","ast-banner-title-visibility":"","ast-main-header-display":"","ast-hfb-above-header-display":"","ast-hfb-below-header-display":"","ast-hfb-mobile-header-display":"","site-post-title":"","ast-breadcrumbs-content":"","ast-featured-img":"","footer-sml-layout":"","theme-transparent-header-meta":"","adv-header-id-meta":"","stick-header-meta":"","header-above-stick-meta":"","header-main-stick-meta":"","header-below-stick-meta":"","astra-migrate-meta-layouts":"default","ast-page-background-enabled":"default","ast-page-background-meta":{"desktop":{"background-color":"var(--ast-global-color-4)","background-image":"","background-repeat":"repeat","background-position":"center center","background-size":"auto","background-attachment":"scroll","background-type":"","background-media":"","overlay-type":"","overlay-color":"","overlay-opacity":"","overlay-gradient":""},"tablet":{"background-color":"","background-image":"","background-repeat":"repeat","background-position":"center center","background-size":"auto","background-attachment":"scroll","background-type":"","background-media":"","overlay-type":"","overlay-color":"","overlay-opacity":"","overlay-gradient":""},"mobile":{"background-color":"","background-image":"","background-repeat":"repeat","background-position":"center center","background-size":"auto","background-attachment":"scroll","background-type":"","background-media":"","overlay-type":"","overlay-color":"","overlay-opacity":"","overlay-gradient":""}},"ast-content-background-meta":{"desktop":{"background-color":"var(--ast-global-color-5)","background-image":"","background-repeat":"repeat","background-position":"center center","background-size":"auto","background-attachment":"scroll","background-type":"","background-media":"","overlay-type":"","overlay-color":"","overlay-opacity":"","overlay-gradient":""},"tablet":{"background-color":"var(--ast-global-color-5)","background-image":"","background-repeat":"repeat","background-position":"center center","background-size":"auto","background-attachment":"scroll","background-type":"","background-media":"","overlay-type":"","overlay-color":"","overlay-opacity":"","overlay-gradient":""},"mobile":{"background-color":"var(--ast-global-color-5)","background-image":"","background-repeat":"repeat","background-position":"center center","background-size":"auto","background-attachment":"scroll","background-type":"","background-media":"","overlay-type":"","overlay-color":"","overlay-opacity":"","overlay-gradient":""}},"footnotes":""},"categories":[8],"tags":[645],"class_list":["post-56986","post","type-post","status-publish","format-standard","has-post-thumbnail","hentry","category-noticias","tag-marcelo-ebrard"],"_links":{"self":[{"href":"https:\/\/losperiodistas.com.mx\/portal\/wp-json\/wp\/v2\/posts\/56986","targetHints":{"allow":["GET"]}}],"collection":[{"href":"https:\/\/losperiodistas.com.mx\/portal\/wp-json\/wp\/v2\/posts"}],"about":[{"href":"https:\/\/losperiodistas.com.mx\/portal\/wp-json\/wp\/v2\/types\/post"}],"author":[{"embeddable":true,"href":"https:\/\/losperiodistas.com.mx\/portal\/wp-json\/wp\/v2\/users\/1"}],"replies":[{"embeddable":true,"href":"https:\/\/losperiodistas.com.mx\/portal\/wp-json\/wp\/v2\/comments?post=56986"}],"version-history":[{"count":2,"href":"https:\/\/losperiodistas.com.mx\/portal\/wp-json\/wp\/v2\/posts\/56986\/revisions"}],"predecessor-version":[{"id":56992,"href":"https:\/\/losperiodistas.com.mx\/portal\/wp-json\/wp\/v2\/posts\/56986\/revisions\/56992"}],"wp:featuredmedia":[{"embeddable":true,"href":"https:\/\/losperiodistas.com.mx\/portal\/wp-json\/wp\/v2\/media\/56987"}],"wp:attachment":[{"href":"https:\/\/losperiodistas.com.mx\/portal\/wp-json\/wp\/v2\/media?parent=56986"}],"wp:term":[{"taxonomy":"category","embeddable":true,"href":"https:\/\/losperiodistas.com.mx\/portal\/wp-json\/wp\/v2\/categories?post=56986"},{"taxonomy":"post_tag","embeddable":true,"href":"https:\/\/losperiodistas.com.mx\/portal\/wp-json\/wp\/v2\/tags?post=56986"}],"curies":[{"name":"wp","href":"https:\/\/api.w.org\/{rel}","templated":true}]}}