{"id":56983,"date":"2023-08-16T10:47:58","date_gmt":"2023-08-16T15:47:58","guid":{"rendered":"http:\/\/losperiodistas.com.mx\/portal\/?p=56983"},"modified":"2023-08-16T10:48:00","modified_gmt":"2023-08-16T15:48:00","slug":"amlo-amaga-con-nueva-reforma-electoral-y-reclama-por-el-costo-de-las-elecciones-en-mexico-es-mucho-y-podria-ahorrarse-infobae","status":"publish","type":"post","link":"https:\/\/losperiodistas.com.mx\/portal\/amlo-amaga-con-nueva-reforma-electoral-y-reclama-por-el-costo-de-las-elecciones-en-mexico-es-mucho-y-podria-ahorrarse-infobae\/","title":{"rendered":"AMLO amaga con nueva reforma electoral y reclama por el costo de las elecciones en M\u00e9xico: \u201cEs mucho y podr\u00eda ahorrarse\u201d | Infobae"},"content":{"rendered":"\n<h2 class=\"has-pale-pink-background-color has-background has-medium-font-size wp-block-heading\">En su diagn\u00f3stico, el presidente L\u00f3pez Obrador dio un monto que podr\u00eda ahorrarse en la organizaci\u00f3n de elecciones<\/h2>\n\n\n\n<figure class=\"wp-block-image size-large is-style-default\"><img fetchpriority=\"high\" decoding=\"async\" width=\"1024\" height=\"575\" src=\"https:\/\/losperiodistas.com.mx\/portal\/wp-content\/uploads\/2023\/08\/Captura-de-Pantalla-2023-08-16-a-las-9.42.13-1024x575.jpg\" alt=\"\" class=\"wp-image-56984\" srcset=\"https:\/\/losperiodistas.com.mx\/portal\/wp-content\/uploads\/2023\/08\/Captura-de-Pantalla-2023-08-16-a-las-9.42.13-1024x575.jpg 1024w, https:\/\/losperiodistas.com.mx\/portal\/wp-content\/uploads\/2023\/08\/Captura-de-Pantalla-2023-08-16-a-las-9.42.13-300x168.jpg 300w, https:\/\/losperiodistas.com.mx\/portal\/wp-content\/uploads\/2023\/08\/Captura-de-Pantalla-2023-08-16-a-las-9.42.13-768x431.jpg 768w, https:\/\/losperiodistas.com.mx\/portal\/wp-content\/uploads\/2023\/08\/Captura-de-Pantalla-2023-08-16-a-las-9.42.13-1536x862.jpg 1536w, https:\/\/losperiodistas.com.mx\/portal\/wp-content\/uploads\/2023\/08\/Captura-de-Pantalla-2023-08-16-a-las-9.42.13.jpg 1710w\" sizes=\"(max-width: 1024px) 100vw, 1024px\" \/><figcaption>Foto: Cuartoscuro<\/figcaption><\/figure>\n\n\n\n<p><\/p>\n\n\n\n<p class=\"has-vivid-red-color has-text-color has-medium-font-size\"><strong>C\u00c9SAR JIM\u00c9NEZ \/ RUB\u00cd MART\u00cdNEZ \/ INFOBAE<\/strong><\/p>\n\n\n\n<p>El presidente&nbsp;<strong>Andr\u00e9s Manuel L\u00f3pez Obrador&nbsp;<\/strong>present\u00f3 sus propios datos en torno al costo de las&nbsp;<strong>elecciones&nbsp;<\/strong>en M\u00e9xico en su comparaci\u00f3n con otros pa\u00edses, y aleg\u00f3 que los comicios que organiza el&nbsp;<strong>Instituto Nacional Electoral (INE)<\/strong>&nbsp;son muy costosos, por lo que amag\u00f3 con una nueva&nbsp;<strong>reforma&nbsp;<\/strong>en materia electoral.<\/p>\n\n\n\n<div class=\"wp-block-image is-style-default\"><figure class=\"alignleft is-resized\"><img decoding=\"async\" src=\"https:\/\/www.infobae.com\/new-resizer\/GoWhywKgclQyJQHz2j9yF3zmAgo=\/filters:format(webp):quality(85)\/cloudfront-us-east-1.images.arcpublishing.com\/infobae\/AV77NHSEL5DNXJVX7ZCWGVTATI.jpg\" alt=\"El INE inform\u00f3 que present\u00f3 un recurso de inconstitucionalidad contra el Plan B (especial)\" width=\"-418\" height=\"-235\"\/><\/figure><\/div>\n\n\n\n<p>Te puede interesar:<strong><a href=\"https:\/\/www.infobae.com\/mexico\/2023\/08\/15\/amlo-reacciona-a-presupuesto-solicitado-por-el-ine-para-2024-son-las-elecciones-mas-costosas-del-mundo\/\">AMLO reacciona a presupuesto solicitado por el INE para 2024: \u201cSon las elecciones m\u00e1s costosas del mundo\u201d<\/a><\/strong><\/p>\n\n\n\n<p>Es a unos d\u00edas de que el INE dio a conocer su proyecto de presupuesto para las elecciones de 2024, el cual asciende a&nbsp;<strong>23 mil millones de pesos<\/strong>, que el mandatario federal present\u00f3 sus propios n\u00fameros en torno al costo de las elecciones en el pa\u00eds.<\/p>\n\n\n\n<p>Desde su perspectiva, las elecciones en M\u00e9xico cuestan \u201cmucho y podr\u00eda ahorrarse\u201d un monto de hasta 10 mil millones de pesos, sin embargo, se neg\u00f3 a desarrollar su propuesta para lograrlo y asegur\u00f3 que corresponde a la&nbsp;<strong>C\u00e1mara de Diputados&nbsp;<\/strong>analizar los montos destinados al INE para ello.<img decoding=\"async\" alt=\"(Foto: Twitter\/INEMexico)\" height=\"1080\" width=\"1920\" src=\"https:\/\/www.infobae.com\/new-resizer\/aIHYQyPCpcT4vj0ZUs5uuOHYSEM=\/arc-anglerfish-arc2-prod-infobae\/public\/GL4ESXYVY5G7BLX3Z2E7CD5OG4.jpg\" srcset=\"https:\/\/www.infobae.com\/new-resizer\/44ynjrV2Yc_-AXONirCtUBCPQKk=\/420x236\/filters:format(webp):quality(85)\/cloudfront-us-east-1.images.arcpublishing.com\/infobae\/GL4ESXYVY5G7BLX3Z2E7CD5OG4.jpg 420w,https:\/\/www.infobae.com\/new-resizer\/5xakc0x_l4BPTCMFQssG4VIG5TY=\/768x432\/filters:format(webp):quality(85)\/cloudfront-us-east-1.images.arcpublishing.com\/infobae\/GL4ESXYVY5G7BLX3Z2E7CD5OG4.jpg 768w,https:\/\/www.infobae.com\/new-resizer\/bG8_4aU14lGR5iXPk35U9Pwvxys=\/992x558\/filters:format(webp):quality(85)\/cloudfront-us-east-1.images.arcpublishing.com\/infobae\/GL4ESXYVY5G7BLX3Z2E7CD5OG4.jpg 992w,https:\/\/www.infobae.com\/new-resizer\/tnt_SeNuJKo0eE2oJVaiqroDbbM=\/1200x675\/filters:format(webp):quality(85)\/cloudfront-us-east-1.images.arcpublishing.com\/infobae\/GL4ESXYVY5G7BLX3Z2E7CD5OG4.jpg 1200w,https:\/\/www.infobae.com\/new-resizer\/ZPR8RcdjUfm8V8wg6WKaB8T4iRY=\/1440x810\/filters:format(webp):quality(85)\/cloudfront-us-east-1.images.arcpublishing.com\/infobae\/GL4ESXYVY5G7BLX3Z2E7CD5OG4.jpg 1440w\">(Foto: Twitter\/INEMexico)<\/p>\n\n\n\n<p>El presidente L\u00f3pez Obrador dijo que adem\u00e1s de una reforma al Poder Judicial para que jueces, ministros y magistrados sean electos por voto popular, enviar\u00e1 una reforma en materia electoral. Esto tras reclamar que el Congreso rechaz\u00f3 su&nbsp;<strong>reforma electoral<\/strong>&nbsp;y su Plan B.<a href=\"https:\/\/www.infobae.com\/mexico\/2023\/08\/10\/amlo-batea-pregunta-sobre-xochitl-galvez-y-desacredita-encuestas-preelectorales\/\" rel=\"noreferrer noopener\" target=\"_blank\">Te puede interesar:<strong>AMLO batea pregunta sobre X\u00f3chitl G\u00e1lvez y desacredita a encuestas preelectorales<\/strong><\/a><\/p>\n\n\n\n<p>\u201cLo vamos a volver a plantear, porque antes de que yo termine, voy a enviar una iniciativa de reforma a la Constituci\u00f3n en lo electoral. (&#8230;) Adem\u00e1s, tengo dos o tres&nbsp;<strong>iniciativas pendientes<\/strong>&nbsp;que tienen que ver con lo social\u201d, manifest\u00f3.<\/p>\n\n\n\n<p>El mandatario federal tambi\u00e9n compar\u00f3 el presupuesto empleado en comicios electorales en al menos 14 pa\u00edses de Am\u00e9rica, con base en el presupuesto de cada naci\u00f3n.<a href=\"https:\/\/www.infobae.com\/mexico\/2023\/08\/14\/amlo-pide-revisar-seriamente-las-facultades-del-ine-y-el-tepjf\/\" rel=\"noreferrer noopener\" target=\"_blank\">Te puede interesar:<strong>AMLO pide revisar \u201cseriamente\u201d las facultades del INE y el TEPJF: \u201c\u00a1Libertad, libertad!\u201d<\/strong><\/a><\/p>\n\n\n\n<p>\u201cSolo es m\u00e1s caro en&nbsp;<strong>Estados Unidos<\/strong>&nbsp;que en M\u00e9xico\u201d, dijo, se\u00f1alando que los pa\u00edses que m\u00e1s gastan en elecciones se encuentran en Am\u00e9rica del Norte.PUBLICIDAD<\/p>\n\n\n\n<p>Cabe destacar que durante la conferencia de prensa matutina del 15 de agosto, tras ser cuestionado sobre el presupuesto del INE, L\u00f3pez Obrador asegur\u00f3 que se trataban de \u201clas elecciones&nbsp;<strong>m\u00e1s costosas del mundo<\/strong>\u201d.<\/p>\n\n\n\n<h2 class=\"wp-block-heading\">11.02% mayor que el de 2018<\/h2>\n\n\n\n<p>Durante la presentaci\u00f3n del Anteproyecto de Presupuesto 2024, la Comisi\u00f3n Temporal de Presupuesto (CTP) del INE se\u00f1al\u00f3 que la propuesta solo es&nbsp;<strong>11.02%&nbsp;<\/strong>mayor que el aprobado en 2018; hecho que justificaron con los<strong>&nbsp;diversos \u201cretos\u201d&nbsp;<\/strong>que se enfrentar\u00e1n en las pr\u00f3ximas elecciones.<\/p>\n\n\n\n<p>\u201cPor primera vez en la historia&nbsp;<strong>habr\u00e1 elecciones en todo el pa\u00eds<\/strong>\u201d, se\u00f1al\u00f3 el \u00f3rgano electoral.<\/p>\n\n\n\n<p>Por su parte, el consejero Jorge Monta\u00f1o Ventura asegur\u00f3 que el presupuesto es \u201cresponsable, profesional y acorde con la realidad\u201d, no solo pol\u00edtica, sino tambi\u00e9n econ\u00f3mica y social.<img decoding=\"async\" alt=\"(Cuartoscuro)\" height=\"1080\" width=\"1920\" src=\"https:\/\/www.infobae.com\/new-resizer\/9HzWC3u5JwCiTL-jdxFtX2CwRig=\/arc-anglerfish-arc2-prod-infobae\/public\/E45M2VAIOJBRFDKX3LAVEWKQAI.jpg\" srcset=\"https:\/\/www.infobae.com\/new-resizer\/hiQVT44pt1evCzmKXNj4NTT8J34=\/420x236\/filters:format(webp):quality(85)\/cloudfront-us-east-1.images.arcpublishing.com\/infobae\/E45M2VAIOJBRFDKX3LAVEWKQAI.jpg 420w,https:\/\/www.infobae.com\/new-resizer\/5JC66Eco_5LyCLGE9OuBF3c5Ml0=\/768x432\/filters:format(webp):quality(85)\/cloudfront-us-east-1.images.arcpublishing.com\/infobae\/E45M2VAIOJBRFDKX3LAVEWKQAI.jpg 768w,https:\/\/www.infobae.com\/new-resizer\/hTzRCWNbS9qFvRCGsjrt739ZHiY=\/992x558\/filters:format(webp):quality(85)\/cloudfront-us-east-1.images.arcpublishing.com\/infobae\/E45M2VAIOJBRFDKX3LAVEWKQAI.jpg 992w,https:\/\/www.infobae.com\/new-resizer\/h8JQOKOEqfI47nf-70ooYs_4pME=\/1200x675\/filters:format(webp):quality(85)\/cloudfront-us-east-1.images.arcpublishing.com\/infobae\/E45M2VAIOJBRFDKX3LAVEWKQAI.jpg 1200w,https:\/\/www.infobae.com\/new-resizer\/dQEkObXObx8O1STNS-Ts9HErmjM=\/1440x810\/filters:format(webp):quality(85)\/cloudfront-us-east-1.images.arcpublishing.com\/infobae\/E45M2VAIOJBRFDKX3LAVEWKQAI.jpg 1440w\">(Cuartoscuro)<\/p>\n\n\n\n<p>Sin embargo,&nbsp;<strong>Ignacio Mier Velazco<\/strong>, coordinador del grupo parlamentario de Morena, adelant\u00f3 que la C\u00e1mara de Diputados posiblemente realice<strong>&nbsp;\u201cajustes m\u00ednimos\u201d<\/strong>&nbsp;al presupuesto.<\/p>\n\n\n\n<p>\u201cHay que revisar solamente eso que tiene que ver, en buena medida, con el incremento a las\u00a0<strong>prerrogativas\u00a0<\/strong>de los partidos pol\u00edticos, por casi cuatro mil millones de pesos\u201d, expres\u00f3.<\/p>\n\n\n\n<p>Fuente: <a href=\"https:\/\/www.infobae.com\/mexico\/2023\/08\/16\/amlo-amaga-con-nueva-reforma-electoral-y-reclama-por-el-costo-de-las-elecciones-en-mexico-es-mucho-y-podria-ahorrarse\/\">https:\/\/www.infobae.com\/mexico\/2023\/08\/16\/amlo-amaga-con-nueva-reforma-electoral-y-reclama-por-el-costo-de-las-elecciones-en-mexico-es-mucho-y-podria-ahorrarse\/<\/a><\/p>\n\n\n\n<hr class=\"wp-block-separator\"\/>\n\n\n\n<p><a href=\"https:\/\/t.me\/LosPeriodistasLive\">S\u00edguenos en Telegram: Los Periodistas<\/a><\/p>\n","protected":false},"excerpt":{"rendered":"<p>En su diagn\u00f3stico, el presidente L\u00f3pez Obrador dio un monto que podr\u00eda ahorrarse en la organizaci\u00f3n de elecciones C\u00c9SAR JIM\u00c9NEZ [&hellip;]<\/p>\n","protected":false},"author":1,"featured_media":56984,"comment_status":"open","ping_status":"open","sticky":false,"template":"","format":"standard","meta":{"site-sidebar-layout":"default","site-content-layout":"","ast-site-content-layout":"default","site-content-style":"default","site-sidebar-style":"default","ast-global-header-display":"","ast-banner-title-visibility":"","ast-main-header-display":"","ast-hfb-above-header-display":"","ast-hfb-below-header-display":"","ast-hfb-mobile-header-display":"","site-post-title":"","ast-breadcrumbs-content":"","ast-featured-img":"","footer-sml-layout":"","theme-transparent-header-meta":"","adv-header-id-meta":"","stick-header-meta":"","header-above-stick-meta":"","header-main-stick-meta":"","header-below-stick-meta":"","astra-migrate-meta-layouts":"default","ast-page-background-enabled":"default","ast-page-background-meta":{"desktop":{"background-color":"var(--ast-global-color-4)","background-image":"","background-repeat":"repeat","background-position":"center center","background-size":"auto","background-attachment":"scroll","background-type":"","background-media":"","overlay-type":"","overlay-color":"","overlay-opacity":"","overlay-gradient":""},"tablet":{"background-color":"","background-image":"","background-repeat":"repeat","background-position":"center center","background-size":"auto","background-attachment":"scroll","background-type":"","background-media":"","overlay-type":"","overlay-color":"","overlay-opacity":"","overlay-gradient":""},"mobile":{"background-color":"","background-image":"","background-repeat":"repeat","background-position":"center center","background-size":"auto","background-attachment":"scroll","background-type":"","background-media":"","overlay-type":"","overlay-color":"","overlay-opacity":"","overlay-gradient":""}},"ast-content-background-meta":{"desktop":{"background-color":"var(--ast-global-color-5)","background-image":"","background-repeat":"repeat","background-position":"center center","background-size":"auto","background-attachment":"scroll","background-type":"","background-media":"","overlay-type":"","overlay-color":"","overlay-opacity":"","overlay-gradient":""},"tablet":{"background-color":"var(--ast-global-color-5)","background-image":"","background-repeat":"repeat","background-position":"center center","background-size":"auto","background-attachment":"scroll","background-type":"","background-media":"","overlay-type":"","overlay-color":"","overlay-opacity":"","overlay-gradient":""},"mobile":{"background-color":"var(--ast-global-color-5)","background-image":"","background-repeat":"repeat","background-position":"center center","background-size":"auto","background-attachment":"scroll","background-type":"","background-media":"","overlay-type":"","overlay-color":"","overlay-opacity":"","overlay-gradient":""}},"footnotes":""},"categories":[8],"tags":[199,885],"class_list":["post-56983","post","type-post","status-publish","format-standard","has-post-thumbnail","hentry","category-noticias","tag-amlo","tag-ine"],"_links":{"self":[{"href":"https:\/\/losperiodistas.com.mx\/portal\/wp-json\/wp\/v2\/posts\/56983","targetHints":{"allow":["GET"]}}],"collection":[{"href":"https:\/\/losperiodistas.com.mx\/portal\/wp-json\/wp\/v2\/posts"}],"about":[{"href":"https:\/\/losperiodistas.com.mx\/portal\/wp-json\/wp\/v2\/types\/post"}],"author":[{"embeddable":true,"href":"https:\/\/losperiodistas.com.mx\/portal\/wp-json\/wp\/v2\/users\/1"}],"replies":[{"embeddable":true,"href":"https:\/\/losperiodistas.com.mx\/portal\/wp-json\/wp\/v2\/comments?post=56983"}],"version-history":[{"count":1,"href":"https:\/\/losperiodistas.com.mx\/portal\/wp-json\/wp\/v2\/posts\/56983\/revisions"}],"predecessor-version":[{"id":56985,"href":"https:\/\/losperiodistas.com.mx\/portal\/wp-json\/wp\/v2\/posts\/56983\/revisions\/56985"}],"wp:featuredmedia":[{"embeddable":true,"href":"https:\/\/losperiodistas.com.mx\/portal\/wp-json\/wp\/v2\/media\/56984"}],"wp:attachment":[{"href":"https:\/\/losperiodistas.com.mx\/portal\/wp-json\/wp\/v2\/media?parent=56983"}],"wp:term":[{"taxonomy":"category","embeddable":true,"href":"https:\/\/losperiodistas.com.mx\/portal\/wp-json\/wp\/v2\/categories?post=56983"},{"taxonomy":"post_tag","embeddable":true,"href":"https:\/\/losperiodistas.com.mx\/portal\/wp-json\/wp\/v2\/tags?post=56983"}],"curies":[{"name":"wp","href":"https:\/\/api.w.org\/{rel}","templated":true}]}}