{"id":56980,"date":"2023-08-16T10:07:18","date_gmt":"2023-08-16T15:07:18","guid":{"rendered":"http:\/\/losperiodistas.com.mx\/portal\/?p=56980"},"modified":"2023-08-16T10:07:23","modified_gmt":"2023-08-16T15:07:23","slug":"monologos-de-menade-senales-senales-y-mas-senales","status":"publish","type":"post","link":"https:\/\/losperiodistas.com.mx\/portal\/monologos-de-menade-senales-senales-y-mas-senales\/","title":{"rendered":"Mon\u00f3logos de M\u00e9nade | Se\u00f1ales, se\u00f1ales y m\u00e1s se\u00f1ales\u2026"},"content":{"rendered":"\n<p class=\"has-medium-font-size\">El d\u00eda de ayer el c\u00edrculo rojo vio muchas, muchas se\u00f1ales, para algunos esperanzadoras, para otras preocupantes, pero hubo un chingo de se\u00f1ales, aqu\u00ed algunas.<\/p>\n\n\n\n<p><\/p>\n\n\n\n<figure class=\"wp-block-image size-large is-style-default\"><img fetchpriority=\"high\" decoding=\"async\" width=\"1024\" height=\"576\" src=\"https:\/\/losperiodistas.com.mx\/portal\/wp-content\/uploads\/2023\/08\/Senales-senales-senales-1024x576.jpg\" alt=\"\" class=\"wp-image-56981\" srcset=\"https:\/\/losperiodistas.com.mx\/portal\/wp-content\/uploads\/2023\/08\/Senales-senales-senales-1024x576.jpg 1024w, https:\/\/losperiodistas.com.mx\/portal\/wp-content\/uploads\/2023\/08\/Senales-senales-senales-300x169.jpg 300w, https:\/\/losperiodistas.com.mx\/portal\/wp-content\/uploads\/2023\/08\/Senales-senales-senales-768x432.jpg 768w, https:\/\/losperiodistas.com.mx\/portal\/wp-content\/uploads\/2023\/08\/Senales-senales-senales.jpg 1200w\" sizes=\"(max-width: 1024px) 100vw, 1024px\" \/><\/figure>\n\n\n\n<p><\/p>\n\n\n\n<p class=\"has-vivid-red-color has-text-color\" style=\"font-size:26px\"><strong>Por Itandehui Rodr\u00edguez Mart\u00ednez<\/strong><\/p>\n\n\n\n<p>@Itandehui_RoMa<\/p>\n\n\n\n<p>\u00bfPor d\u00f3nde demonios empiezo? Ayer hubo se\u00f1ales de humo, de obligaci\u00f3n, de peligro, de auxilio y hasta de prohibici\u00f3n.<\/p>\n\n\n\n<p><strong>Hay se\u00f1ales de peligro<\/strong>: \u00a1Ag\u00e1rrense! Que los que cre\u00edan que no iba y ve\u00edan que la elecci\u00f3n a la gubernatura iba a estar muy sencilla para Morena, les tenemos noticias. Como dir\u00eda Wendy Guevara, pues \u201cresulta y resalta\u201d que Eduardo Rivera s\u00ed va por la gubernatura y ayer lleg\u00f3 la se\u00f1al que tanto esperaba.<\/p>\n\n\n\n<figure class=\"wp-block-embed is-type-rich is-provider-twitter wp-block-embed-twitter\"><div class=\"wp-block-embed__wrapper\">\n<blockquote class=\"twitter-tweet\" data-width=\"500\" data-dnt=\"true\"><p lang=\"es\" dir=\"ltr\">\u00a1Lo mejor para Puebla est\u00e1 por venir! Qu\u00e9 gusto platicar con mi amigo <a href=\"https:\/\/twitter.com\/eduardorivera01?ref_src=twsrc%5Etfw\">@eduardorivera01<\/a> sobre los problemas que viven en el estado y c\u00f3mo trabajaremos en equipo para solucionarlos. <a href=\"https:\/\/t.co\/mpYkGSLx9N\">pic.twitter.com\/mpYkGSLx9N<\/a><\/p>&mdash; Marko Cort\u00e9s (@MarkoCortes) <a href=\"https:\/\/twitter.com\/MarkoCortes\/status\/1691601058244579406?ref_src=twsrc%5Etfw\">August 16, 2023<\/a><\/blockquote><script async src=\"https:\/\/platform.twitter.com\/widgets.js\" charset=\"utf-8\"><\/script>\n<\/div><\/figure>\n\n\n\n<p>Como el Capit\u00e1n Gordon llamando a Batman, as\u00ed, Marko Cort\u00e9s llam\u00f3 a Eduardo Rivera y en el cielo (de las redes sociales) apareci\u00f3 la se\u00f1al que tanto se esperaba. Eduardo Rivera P\u00e9rez ser\u00e1 el candidato a gobernador de la oposici\u00f3n. O sea s\u00ed, falta que emulen el proceso del Frente Amplio por M\u00e9xico, pero habr\u00e1 muchos que solo ir\u00e1n a hacer el rid\u00edculo. \u00a1V\u00e9anse en el espejo de Silvano, por favor!<\/p>\n\n\n\n<p><strong>Se\u00f1ales de prohibici\u00f3n<\/strong>: Prohibido pensar que los Gali no ser\u00e1n pieza fundamental en la siguiente elecci\u00f3n, ayer sin personajes pol\u00edticos de mayor relevancia, pero s\u00ed con la capacidad operativa propia, Tony Gali L\u00f3pez llen\u00f3 el auditorio de Plaza Explanada que, adem\u00e1s de estar lejos de todo, es de dif\u00edcil acceso y grande, grande, grande. No, no se confundan, no lo llen\u00f3 el \u201cG\u00fcero\u201d Velasco con su arrasadora personalidad, ni el Partido Verde, lo llen\u00f3 Tony.<\/p>\n\n\n\n<p>A eso, hay que agregar que ya se reuni\u00f3 con Sergio Salom\u00f3n.<\/p>\n\n\n\n<figure class=\"wp-block-embed is-type-rich is-provider-twitter wp-block-embed-twitter\"><div class=\"wp-block-embed__wrapper\">\n<blockquote class=\"twitter-tweet\" data-width=\"500\" data-dnt=\"true\"><p lang=\"es\" dir=\"ltr\">Muchas gracias a mi amigo <a href=\"https:\/\/twitter.com\/TonyGaliLopez?ref_src=twsrc%5Etfw\">@TonyGaliLopez<\/a> por todo su apoyo en esta exitosa gira. Es un joven que representa la renovaci\u00f3n generacional en <a href=\"https:\/\/twitter.com\/hashtag\/Puebla?src=hash&amp;ref_src=twsrc%5Etfw\">#Puebla<\/a>. Sin duda, tiene m\u00e1s futuro que pasado y su liderazgo suma a la lucha por transformar a M\u00e9xico. <a href=\"https:\/\/t.co\/3K2xO6mguf\">pic.twitter.com\/3K2xO6mguf<\/a><\/p>&mdash; Manuel Velasco (@VelascoM_) <a href=\"https:\/\/twitter.com\/VelascoM_\/status\/1691644609209004247?ref_src=twsrc%5Etfw\">August 16, 2023<\/a><\/blockquote><script async src=\"https:\/\/platform.twitter.com\/widgets.js\" charset=\"utf-8\"><\/script>\n<\/div><\/figure>\n\n\n\n<p><strong>Tambi\u00e9n hubo se\u00f1ales de auxilio:&nbsp;<\/strong>O sea, ah\u00ed estaban, pero nunca las vio. Enrique de la Madrid se fue por donde vino, con su falta de carisma y su imposibilidad de conectar con la gente. Idea de qu\u00e9 hacer con el pa\u00eds tiene y mucha. Es un gran, gran funcionario y excelente administrador, pero tiene el mismo carisma de un carb\u00f3n encendido en asador\u2026 Ninguno, nada, s\u00ed abona para asar la carnita, sin duda, pero \u00e9l, solito, se convirti\u00f3 en cenizas.<\/p>\n\n\n\n<p>La se\u00f1al de auxilio nunca la vio el PRI, que oper\u00f3 la llegada de sus aspirantes, sin posibilidad real de ser porque entiendan una cosa \u00a1LA GENTE YA NO QUIERE AL PRI!<\/p>\n\n\n\n<p>Fue el rival m\u00e1s d\u00e9bil, pues. Por cierto, se filtraron las im\u00e1genes de su expulsi\u00f3n del<a href=\"https:\/\/frenteampliopormexico.org.mx\/\">\u00a0Frente Amplio por M\u00e9xico<\/a>, \u00a1corre video!:<\/p>\n\n\n\n<figure class=\"wp-block-embed is-type-video is-provider-tiktok wp-block-embed-tiktok\"><div class=\"wp-block-embed__wrapper\">\nhttps:\/\/www.tiktok.com\/@apartadomex\/video\/7267760238789414149\n<\/div><\/figure>\n\n\n\n<p><strong>No olviden las se\u00f1ales de obligaci\u00f3n:<\/strong>\u00a0Es obligado reconocer que el gobernador con m\u00e1s raiting hoy es Sergio Salom\u00f3n C\u00e9spedes Peregrina, que acompa\u00f1a al presidente L\u00f3pez Obrador una semana s\u00ed y la siguiente tambi\u00e9n en la conferencia ma\u00f1anera. Se est\u00e1 convirtiendo en el \u201crock star\u201d de los gobernadores, le duela a qui\u00e9n le duela.<\/p>\n\n\n\n<figure class=\"wp-block-embed is-type-rich is-provider-twitter wp-block-embed-twitter\"><div class=\"wp-block-embed__wrapper\">\nhttps:\/\/twitter.com\/SergioSalomonC\/status\/1691468417960931328?ref_src=twsrc%5Etfw%7Ctwcamp%5Etweetembed%7Ctwterm%5E1691468417960931328%7Ctwgr%5Eb779c0716fd9ef9efca3f0063655975be1ef3765%7Ctwcon%5Es1_c10&#038;ref_url=https%3A%2F%2Fwww.apartadomex.com%2Fopinion%2Fmonologos-de-menade%2Fsenales-senales-y-mas-senales%2F17409%2F\n<\/div><\/figure>\n\n\n\n<p><strong>Se\u00f1ales de humo:\u00a0<\/strong>Esas hicieron toser a varios y es que Yonadab Cabrera public\u00f3 una foto con Arturo Rueda, frescos, divertidos, tranquilos, siendo ellos. Ese humo est\u00e1 sofocando a varios pues no entienden la jugada de Arturo Rueda, no acaban de entender qu\u00e9 sigue, pero como dice el dicho: \u201cgato dormido, salto seguro\u201d.<\/p>\n\n\n\n<figure class=\"wp-block-embed is-type-rich is-provider-twitter wp-block-embed-twitter\"><div class=\"wp-block-embed__wrapper\">\n<blockquote class=\"twitter-tweet\" data-width=\"500\" data-dnt=\"true\"><p lang=\"es\" dir=\"ltr\">Hay amistades que son para toda la vida. S\u00ed, a veces peleamos, nos distanciamos pero al final el amor y el cari\u00f1o est\u00e1n por encima de todo. <a href=\"https:\/\/t.co\/SPRYKvzAyP\">pic.twitter.com\/SPRYKvzAyP<\/a><\/p>&mdash; yonadab cabrera cruz (@yonadi18) <a href=\"https:\/\/twitter.com\/yonadi18\/status\/1691493527832662016?ref_src=twsrc%5Etfw\">August 15, 2023<\/a><\/blockquote><script async src=\"https:\/\/platform.twitter.com\/widgets.js\" charset=\"utf-8\"><\/script>\n<\/div><\/figure>\n\n\n\n<p>P.D. Nacho Mier pide licencia en noviembre, justo para iniciar con el proceso en Puebla, para los que dec\u00edan que en octubre quedaba el candidato de Morena\u2026 \u00a1No se\u00f1oras y se\u00f1ores, no se equivoquen! Ser\u00e1 para diciembre.<\/p>\n\n\n\n<p><\/p>\n","protected":false},"excerpt":{"rendered":"<p>El d\u00eda de ayer el c\u00edrculo rojo vio muchas, muchas se\u00f1ales, para algunos esperanzadoras, para otras preocupantes, pero hubo un [&hellip;]<\/p>\n","protected":false},"author":1,"featured_media":56981,"comment_status":"open","ping_status":"open","sticky":false,"template":"","format":"standard","meta":{"site-sidebar-layout":"default","site-content-layout":"","ast-site-content-layout":"default","site-content-style":"default","site-sidebar-style":"default","ast-global-header-display":"","ast-banner-title-visibility":"","ast-main-header-display":"","ast-hfb-above-header-display":"","ast-hfb-below-header-display":"","ast-hfb-mobile-header-display":"","site-post-title":"","ast-breadcrumbs-content":"","ast-featured-img":"","footer-sml-layout":"","theme-transparent-header-meta":"","adv-header-id-meta":"","stick-header-meta":"","header-above-stick-meta":"","header-main-stick-meta":"","header-below-stick-meta":"","astra-migrate-meta-layouts":"default","ast-page-background-enabled":"default","ast-page-background-meta":{"desktop":{"background-color":"var(--ast-global-color-4)","background-image":"","background-repeat":"repeat","background-position":"center center","background-size":"auto","background-attachment":"scroll","background-type":"","background-media":"","overlay-type":"","overlay-color":"","overlay-opacity":"","overlay-gradient":""},"tablet":{"background-color":"","background-image":"","background-repeat":"repeat","background-position":"center center","background-size":"auto","background-attachment":"scroll","background-type":"","background-media":"","overlay-type":"","overlay-color":"","overlay-opacity":"","overlay-gradient":""},"mobile":{"background-color":"","background-image":"","background-repeat":"repeat","background-position":"center center","background-size":"auto","background-attachment":"scroll","background-type":"","background-media":"","overlay-type":"","overlay-color":"","overlay-opacity":"","overlay-gradient":""}},"ast-content-background-meta":{"desktop":{"background-color":"var(--ast-global-color-5)","background-image":"","background-repeat":"repeat","background-position":"center center","background-size":"auto","background-attachment":"scroll","background-type":"","background-media":"","overlay-type":"","overlay-color":"","overlay-opacity":"","overlay-gradient":""},"tablet":{"background-color":"var(--ast-global-color-5)","background-image":"","background-repeat":"repeat","background-position":"center center","background-size":"auto","background-attachment":"scroll","background-type":"","background-media":"","overlay-type":"","overlay-color":"","overlay-opacity":"","overlay-gradient":""},"mobile":{"background-color":"var(--ast-global-color-5)","background-image":"","background-repeat":"repeat","background-position":"center center","background-size":"auto","background-attachment":"scroll","background-type":"","background-media":"","overlay-type":"","overlay-color":"","overlay-opacity":"","overlay-gradient":""}},"footnotes":""},"categories":[8,22],"tags":[1286,3873,2089,13875,17126],"class_list":["post-56980","post","type-post","status-publish","format-standard","has-post-thumbnail","hentry","category-noticias","category-opinion-invitada","tag-eduardo-rivera","tag-ignacio-mier","tag-marko-cortes","tag-sergio-salomon-cespedes","tag-tony-gali-lopez"],"_links":{"self":[{"href":"https:\/\/losperiodistas.com.mx\/portal\/wp-json\/wp\/v2\/posts\/56980","targetHints":{"allow":["GET"]}}],"collection":[{"href":"https:\/\/losperiodistas.com.mx\/portal\/wp-json\/wp\/v2\/posts"}],"about":[{"href":"https:\/\/losperiodistas.com.mx\/portal\/wp-json\/wp\/v2\/types\/post"}],"author":[{"embeddable":true,"href":"https:\/\/losperiodistas.com.mx\/portal\/wp-json\/wp\/v2\/users\/1"}],"replies":[{"embeddable":true,"href":"https:\/\/losperiodistas.com.mx\/portal\/wp-json\/wp\/v2\/comments?post=56980"}],"version-history":[{"count":1,"href":"https:\/\/losperiodistas.com.mx\/portal\/wp-json\/wp\/v2\/posts\/56980\/revisions"}],"predecessor-version":[{"id":56982,"href":"https:\/\/losperiodistas.com.mx\/portal\/wp-json\/wp\/v2\/posts\/56980\/revisions\/56982"}],"wp:featuredmedia":[{"embeddable":true,"href":"https:\/\/losperiodistas.com.mx\/portal\/wp-json\/wp\/v2\/media\/56981"}],"wp:attachment":[{"href":"https:\/\/losperiodistas.com.mx\/portal\/wp-json\/wp\/v2\/media?parent=56980"}],"wp:term":[{"taxonomy":"category","embeddable":true,"href":"https:\/\/losperiodistas.com.mx\/portal\/wp-json\/wp\/v2\/categories?post=56980"},{"taxonomy":"post_tag","embeddable":true,"href":"https:\/\/losperiodistas.com.mx\/portal\/wp-json\/wp\/v2\/tags?post=56980"}],"curies":[{"name":"wp","href":"https:\/\/api.w.org\/{rel}","templated":true}]}}