{"id":56977,"date":"2023-08-16T09:54:42","date_gmt":"2023-08-16T14:54:42","guid":{"rendered":"http:\/\/losperiodistas.com.mx\/portal\/?p=56977"},"modified":"2023-08-16T09:54:47","modified_gmt":"2023-08-16T14:54:47","slug":"venimos-a-explicarle-al-presidente-lo-que-es-la-violencia-de-genero-colectivas-feministas-protestan-afuera-de-palacio-nacional-la-costilla-rota","status":"publish","type":"post","link":"https:\/\/losperiodistas.com.mx\/portal\/venimos-a-explicarle-al-presidente-lo-que-es-la-violencia-de-genero-colectivas-feministas-protestan-afuera-de-palacio-nacional-la-costilla-rota\/","title":{"rendered":"Venimos a explicarle al presidente lo que es la violencia de g\u00e9nero: colectivas feministas protestan afuera de Palacio Nacional | La Costilla Rota"},"content":{"rendered":"\n<figure class=\"wp-block-image size-large is-style-default\"><img fetchpriority=\"high\" decoding=\"async\" width=\"1024\" height=\"528\" src=\"https:\/\/losperiodistas.com.mx\/portal\/wp-content\/uploads\/2023\/08\/Captura-de-Pantalla-2023-08-16-a-las-8.47.46-1024x528.jpg\" alt=\"\" class=\"wp-image-56978\" srcset=\"https:\/\/losperiodistas.com.mx\/portal\/wp-content\/uploads\/2023\/08\/Captura-de-Pantalla-2023-08-16-a-las-8.47.46-1024x528.jpg 1024w, https:\/\/losperiodistas.com.mx\/portal\/wp-content\/uploads\/2023\/08\/Captura-de-Pantalla-2023-08-16-a-las-8.47.46-300x155.jpg 300w, https:\/\/losperiodistas.com.mx\/portal\/wp-content\/uploads\/2023\/08\/Captura-de-Pantalla-2023-08-16-a-las-8.47.46-768x396.jpg 768w, https:\/\/losperiodistas.com.mx\/portal\/wp-content\/uploads\/2023\/08\/Captura-de-Pantalla-2023-08-16-a-las-8.47.46-1536x793.jpg 1536w, https:\/\/losperiodistas.com.mx\/portal\/wp-content\/uploads\/2023\/08\/Captura-de-Pantalla-2023-08-16-a-las-8.47.46.jpg 1562w\" sizes=\"(max-width: 1024px) 100vw, 1024px\" \/><\/figure>\n\n\n\n<p><\/p>\n\n\n\n<p><\/p>\n\n\n\n<p class=\"has-vivid-purple-color has-text-color has-medium-font-size\"><strong>LA COSTILLA ROTA<\/strong><\/p>\n\n\n\n<p>Colectivas feministas acompa\u00f1adas de familiares de algunas v\u00edctimas de feminicidio convocadas por la exlegisladora capitalina Alessandra Rojo de la Vega, acudieron la ma\u00f1ana de este lunes 14 de Agosto a las afueras de Palacio Nacional con el objetivo protestar contra los dichos de presidente L\u00f3pez Obrador que en su conferencia ma\u00f1anera del 09 de agosto ironizara pregunt\u00e1ndose si \u00e9l no era tambi\u00e9n v\u00edctima de violencia de g\u00e9nero.<\/p>\n\n\n\n<figure class=\"wp-block-image is-style-default\"><img decoding=\"async\" src=\"https:\/\/pbs.twimg.com\/media\/F3V3cCoXEAAI-Al?format=jpg&amp;name=large\" alt=\"Imagen\"\/><\/figure>\n\n\n\n<figure class=\"wp-block-image is-style-default\"><img decoding=\"async\" src=\"https:\/\/pbs.twimg.com\/media\/F3V3cCuXsAAJBXk?format=jpg&amp;name=large\" alt=\"Imagen\"\/><\/figure>\n\n\n\n<p>Las manifestantes, quienes difundieron mediante redes sociales la convocatoria abierta, encontraron un z\u00f3calo amurallado por paredes de metal y vallas que les impidieron el paso, dando cuenta de la falta de apertura del ejecutivo federal en turno a la cr\u00edtica o la protesta.<\/p>\n\n\n\n<figure class=\"wp-block-embed is-type-rich is-provider-twitter wp-block-embed-twitter\"><div class=\"wp-block-embed__wrapper\">\n<blockquote class=\"twitter-tweet\" data-width=\"500\" data-dnt=\"true\"><p lang=\"es\" dir=\"ltr\">Cerraron todos los accesos al z\u00f3calo.<br>No podemos entrar ni en coche, ni caminando. <a href=\"https:\/\/t.co\/K5bEa8pz05\">pic.twitter.com\/K5bEa8pz05<\/a><\/p>&mdash; Alessandra Rojo de la Vega (@AlessandraRdlv) <a href=\"https:\/\/twitter.com\/AlessandraRdlv\/status\/1691061004006776832?ref_src=twsrc%5Etfw\">August 14, 2023<\/a><\/blockquote><script async src=\"https:\/\/platform.twitter.com\/widgets.js\" charset=\"utf-8\"><\/script>\n<\/div><\/figure>\n\n\n\n<p>Ante la imposibilidad de llegar a la puerta de Palacio Nacional, a las afueras de la muralla met\u00e1lica vigilada por granaderos que limita el acceso al Z\u00f3calo, Alessandra Rojo de la Vega, expres\u00f3 que el objetivo de la protesta pac\u00edfica que llevaban a cabo era pedirle al presidente que no se victimice y les de audiencia a quienes hoy sufren las consecuencias de la violencia feminicida. As\u00ed mismo, manifest\u00f3 que en la movilizaci\u00f3n pretend\u00edan obsequiarle los libros \u00abNo son micromachismos\u00bb y \u00abLos hombres me explican cosas\u00bb a Andres Manuel L\u00f3pez Obrador, a fin de que \u00e9ste pueda comprender lo que significa la violencia en raz\u00f3n de g\u00e9nero.<\/p>\n\n\n\n<p>Finalmente, en un mensaje pronunciado desde un meg\u00e1fono, Rojo de la Vega habl\u00f3 sobre las condiciones de violencia a las que las mujeres se enfrentan diariamente en un pa\u00eds como M\u00e9xico donde los \u00edndices de impunidad de los delitos cometidos contra nosotras alcanzan el 95%.<\/p>\n\n\n\n<p>\u00abLas mujeres tambi\u00e9n somos pueblo\u00bb, \u00abUsted no es v\u00edctima, presidente\u00bb, finaliz\u00f3.<\/p>\n\n\n\n<figure class=\"wp-block-embed is-type-rich is-provider-twitter wp-block-embed-twitter\"><div class=\"wp-block-embed__wrapper\">\nhttps:\/\/twitter.com\/AlessandraRdlv\/status\/1691125867030745088?ref_src=twsrc%5Etfw%7Ctwcamp%5Etweetembed%7Ctwterm%5E1691125867030745088%7Ctwgr%5Ea7b8326cd7d868b7d604b58e05c2ef8c58d739f2%7Ctwcon%5Es1_c10&#038;ref_url=https%3A%2F%2Flacostillarota.com%2F2023%2F08%2F16%2Fvenimos-a-explicarle-al-presidente-lo-que-es-la-violencia-de-genero-colectivas-feministas-protestan-afuera-de-palacio-nacional%2F\n<\/div><\/figure>\n\n\n\n<p>Fuente: <a href=\"https:\/\/lacostillarota.com\/2023\/08\/16\/venimos-a-explicarle-al-presidente-lo-que-es-la-violencia-de-genero-colectivas-feministas-protestan-afuera-de-palacio-nacional\/\">https:\/\/lacostillarota.com\/2023\/08\/16\/venimos-a-explicarle-al-presidente-lo-que-es-la-violencia-de-genero-colectivas-feministas-protestan-afuera-de-palacio-nacional\/<\/a><\/p>\n\n\n\n<hr class=\"wp-block-separator\"\/>\n\n\n\n<p><a href=\"https:\/\/t.me\/LosPeriodistasLive\">S\u00edguenos en Telegram: Los Periodistas<\/a><\/p>\n","protected":false},"excerpt":{"rendered":"<p>LA COSTILLA ROTA Colectivas feministas acompa\u00f1adas de familiares de algunas v\u00edctimas de feminicidio convocadas por la exlegisladora capitalina Alessandra Rojo [&hellip;]<\/p>\n","protected":false},"author":1,"featured_media":56978,"comment_status":"open","ping_status":"open","sticky":false,"template":"","format":"standard","meta":{"site-sidebar-layout":"default","site-content-layout":"","ast-site-content-layout":"default","site-content-style":"default","site-sidebar-style":"default","ast-global-header-display":"","ast-banner-title-visibility":"","ast-main-header-display":"","ast-hfb-above-header-display":"","ast-hfb-below-header-display":"","ast-hfb-mobile-header-display":"","site-post-title":"","ast-breadcrumbs-content":"","ast-featured-img":"","footer-sml-layout":"","theme-transparent-header-meta":"","adv-header-id-meta":"","stick-header-meta":"","header-above-stick-meta":"","header-main-stick-meta":"","header-below-stick-meta":"","astra-migrate-meta-layouts":"default","ast-page-background-enabled":"default","ast-page-background-meta":{"desktop":{"background-color":"var(--ast-global-color-4)","background-image":"","background-repeat":"repeat","background-position":"center center","background-size":"auto","background-attachment":"scroll","background-type":"","background-media":"","overlay-type":"","overlay-color":"","overlay-opacity":"","overlay-gradient":""},"tablet":{"background-color":"","background-image":"","background-repeat":"repeat","background-position":"center center","background-size":"auto","background-attachment":"scroll","background-type":"","background-media":"","overlay-type":"","overlay-color":"","overlay-opacity":"","overlay-gradient":""},"mobile":{"background-color":"","background-image":"","background-repeat":"repeat","background-position":"center center","background-size":"auto","background-attachment":"scroll","background-type":"","background-media":"","overlay-type":"","overlay-color":"","overlay-opacity":"","overlay-gradient":""}},"ast-content-background-meta":{"desktop":{"background-color":"var(--ast-global-color-5)","background-image":"","background-repeat":"repeat","background-position":"center center","background-size":"auto","background-attachment":"scroll","background-type":"","background-media":"","overlay-type":"","overlay-color":"","overlay-opacity":"","overlay-gradient":""},"tablet":{"background-color":"var(--ast-global-color-5)","background-image":"","background-repeat":"repeat","background-position":"center center","background-size":"auto","background-attachment":"scroll","background-type":"","background-media":"","overlay-type":"","overlay-color":"","overlay-opacity":"","overlay-gradient":""},"mobile":{"background-color":"var(--ast-global-color-5)","background-image":"","background-repeat":"repeat","background-position":"center center","background-size":"auto","background-attachment":"scroll","background-type":"","background-media":"","overlay-type":"","overlay-color":"","overlay-opacity":"","overlay-gradient":""}},"footnotes":""},"categories":[8],"tags":[13980,7400,199,4367,4146],"class_list":["post-56977","post","type-post","status-publish","format-standard","has-post-thumbnail","hentry","category-noticias","tag-lacostillarota","tag-alessandra-rojo-de-la-vega","tag-amlo","tag-feminismo","tag-violencia-de-genero"],"_links":{"self":[{"href":"https:\/\/losperiodistas.com.mx\/portal\/wp-json\/wp\/v2\/posts\/56977","targetHints":{"allow":["GET"]}}],"collection":[{"href":"https:\/\/losperiodistas.com.mx\/portal\/wp-json\/wp\/v2\/posts"}],"about":[{"href":"https:\/\/losperiodistas.com.mx\/portal\/wp-json\/wp\/v2\/types\/post"}],"author":[{"embeddable":true,"href":"https:\/\/losperiodistas.com.mx\/portal\/wp-json\/wp\/v2\/users\/1"}],"replies":[{"embeddable":true,"href":"https:\/\/losperiodistas.com.mx\/portal\/wp-json\/wp\/v2\/comments?post=56977"}],"version-history":[{"count":1,"href":"https:\/\/losperiodistas.com.mx\/portal\/wp-json\/wp\/v2\/posts\/56977\/revisions"}],"predecessor-version":[{"id":56979,"href":"https:\/\/losperiodistas.com.mx\/portal\/wp-json\/wp\/v2\/posts\/56977\/revisions\/56979"}],"wp:featuredmedia":[{"embeddable":true,"href":"https:\/\/losperiodistas.com.mx\/portal\/wp-json\/wp\/v2\/media\/56978"}],"wp:attachment":[{"href":"https:\/\/losperiodistas.com.mx\/portal\/wp-json\/wp\/v2\/media?parent=56977"}],"wp:term":[{"taxonomy":"category","embeddable":true,"href":"https:\/\/losperiodistas.com.mx\/portal\/wp-json\/wp\/v2\/categories?post=56977"},{"taxonomy":"post_tag","embeddable":true,"href":"https:\/\/losperiodistas.com.mx\/portal\/wp-json\/wp\/v2\/tags?post=56977"}],"curies":[{"name":"wp","href":"https:\/\/api.w.org\/{rel}","templated":true}]}}