{"id":5669,"date":"2021-03-13T06:51:35","date_gmt":"2021-03-13T12:51:35","guid":{"rendered":"http:\/\/losperiodistas.com.mx\/portal\/?p=5669"},"modified":"2021-03-13T06:51:36","modified_gmt":"2021-03-13T12:51:36","slug":"huitzilan-y-la-union-campesina-independiente-la-historia","status":"publish","type":"post","link":"https:\/\/losperiodistas.com.mx\/portal\/huitzilan-y-la-union-campesina-independiente-la-historia\/","title":{"rendered":"Huitzilan y la Uni\u00f3n Campesina Independiente, la historia"},"content":{"rendered":"\n<p class=\"has-medium-font-size\">*Presentaron el libro De Revolucionarios a Pistoleros. Historia de la UCI\u00a0<\/p>\n\n\n\n<p class=\"has-vivid-cyan-blue-color has-text-color\" style=\"font-size:26px\"><em>Por Ra\u00fal Torres Salmer\u00f3n<\/em><\/p>\n\n\n\n<p>A trav\u00e9s de redes sociales se present\u00f3 el libro De Revolucionarios a Pistoleros. Historia de la Uni\u00f3n Campesina Independiente, del Licenciado en Estudios Latinoamericanos por la Universidad Aut\u00f3noma Nacional de M\u00e9xico UNAM), Eh\u00e9catl L\u00e1zaro M\u00e9ndez.&nbsp;<\/p>\n\n\n\n<p>Huitzilan significa lugar donde abunda el colibr\u00ed. La obra, editada por la editorial Est\u00e9ntor, narra una de las \u00e9pocas m\u00e1s dif\u00edciles en el municipio serrano Huitzilan de Serd\u00e1n. Estas son las apreciaciones del tambi\u00e9n investigador del Centro de Estudios Econ\u00f3micos y Sociales (CEMEES):&nbsp;<\/p>\n\n\n\n<p>-La Uni\u00f3n Campesina Independiente (UCI), organizaci\u00f3n que comenz\u00f3 luchando por el socialismo, tom\u00f3 las armas para enfrentar la represi\u00f3n de los caciques y del aparato estatal pero acab\u00f3 transformada en un grupo de pistoleros que abandon\u00f3 todo objetivo revolucionario.&nbsp;<\/p>\n\n\n\n<p>-La \u00e9poca de la UCI en Huitzilan, cuyo nombre n\u00e1huatl significa lugar donde abundan los colibr\u00edes, estuvo marcada por el terror constante, a pesar de que lleg\u00f3 con promesas libertarias, lo que hizo que su transformaci\u00f3n fuera a\u00fan m\u00e1s sentida para los huitziltecos, que vivieron a\u00f1os huyendo de la tragedia de su municipio.&nbsp;<\/p>\n\n\n\n<p>-Muchos huitziltecos lamentablemente perdieron la vida en la d\u00e9cada de los 70 del siglo pasado debido a las balas de la UCI. Este libro, que inicia como tesis de licenciatura, busca ser accesible a todo tipo de p\u00fablico para que llegue a los pueblos que son protagonistas en el descenso de la UCI.&nbsp;<\/p>\n\n\n\n<p>-Si bien en la ca\u00edda de la UCI se juntan diversos factores, el Movimiento Antorchista juega un papel importante, pues en 1984 llega a Huitzilan de Serd\u00e1n. A ra\u00edz de que los huitziltecos se organizan con Antorcha y luchan por expulsar a la UCI y establecer un r\u00e9gimen pac\u00edfico, se ven muchos cambios en la UCI.&nbsp;<\/p>\n\n\n\n<p>-La actuaci\u00f3n del Movimiento Antorchista en la Sierra Norte de Puebla, espec\u00edficamente en Huitzilan de Serd\u00e1n, es notable, pues el cambio en el municipio a ra\u00edz de su llegada, ha sido para bien, transform\u00e1ndolo en uno de los municipios m\u00e1s desarrollados de la zona.&nbsp;<\/p>\n\n\n\n<p>-A partir de 1984, se da una transici\u00f3n pol\u00edtica sustancial, llegan al poder los huitziltecos que se hab\u00edan organizado con Antorcha, comienzan a pacificar, a estabilizar, se dan las tareas de introducir muchos de los avances que ahora tienen en salud y educaci\u00f3n.&nbsp;<\/p>\n\n\n\n<p>Huitzilan ha gozado ya de m\u00e1s de 30 a\u00f1os de progreso y desarrollo sostenido, concluye el autor.&nbsp;<\/p>\n\n\n\n<p>De acuerdo a Victoria Herrera, historiadora por la UNAM e investigadora del CEMEES, las fuentes principales del L\u00e1zaro M\u00e9ndez son sobre todo fuentes primarias, como son informes de la Direcci\u00f3n General de Investigaciones Pol\u00edticas y Sociales de la Secretar\u00eda de Gobernaci\u00f3n, estudios realizados por acad\u00e9micos, reportajes period\u00edsticos y declaraciones de participantes y testigos.&nbsp;&nbsp;<\/p>\n\n\n\n<p>El libro es amplio y riguroso en el uso de fuentes, pues tambi\u00e9n se apoya en bibliograf\u00eda especializada sobre estudios hist\u00f3ricos, sociol\u00f3gicos y econ\u00f3micos sobre el campo y los campesinos de la \u00e9poca.&nbsp;<\/p>\n\n\n\n<p>Es de particular inter\u00e9s por el momento del desarrollo historiogr\u00e1fico nacional, ya que los historiadores han omitido el estudio de los problemas rurales cuando la realidad mexicana y la del campo de los \u00faltimos a\u00f1os, demuestra que es un mundo por conocer.&nbsp;<\/p>\n\n\n\n<p>La historia de la UCI es simult\u00e1neamente la historia del cacicazgo en M\u00e9xico, del comunismo en su vertiente de organizaciones del campo, la toma de tierras por parte de los campesinos y de la evoluci\u00f3n e interconexi\u00f3n de todos estos elementos, pero a un nivel local, focalizado en la zona de la Sierra Central de Veracruz y la Sierra Norte de Puebla.&nbsp;&nbsp;<\/p>\n\n\n\n<p>L\u00e1zaro M\u00e9ndez rescata cuestiones espec\u00edficas que determinaron que una organizaci\u00f3n derivada del Partido Comunista Mexicano tuviera su centro de acci\u00f3n en esa zona y las circunstancias hist\u00f3ricas que definieron que, en menos de una d\u00e9cada, la UCI evolucionara de un grupo con principios revolucionarios a un grupo de criminales pagados por el cacicazgo local.&nbsp;<\/p>\n\n\n\n<p>El \u00faltimo cap\u00edtulo del libro, acerca del fracaso de la UCI, es la mejor parte porque el autor pone a discusi\u00f3n uno de los temas m\u00e1s conocidos en la historia pol\u00edtica reciente pues se califica a una organizaci\u00f3n de origen campesino, Antorcha, como el brazo armado del PRI, finaliza Victoria Herrera.&nbsp;&nbsp;<\/p>\n\n\n\n<p>En fin, como escribi\u00f3 Octavio Paz (M\u00e9xico, 1914-1988) en su poema La Exclamaci\u00f3n:&nbsp;<\/p>\n\n\n\n<p>Quieto&nbsp;<\/p>\n\n\n\n<p>no en la rama,&nbsp;<\/p>\n\n\n\n<p>en el aire,&nbsp;<\/p>\n\n\n\n<p>no en el aire,&nbsp;<\/p>\n\n\n\n<p>en el instante&nbsp;<\/p>\n\n\n\n<p>el colibr\u00ed.&nbsp;<\/p>\n\n\n\n<p><a href=\"mailto:raultorress@hotmail.com\" target=\"_blank\" rel=\"noreferrer noopener\">raultorress@hotmail.com<\/a>&nbsp;<\/p>\n","protected":false},"excerpt":{"rendered":"<p>*Presentaron el libro De Revolucionarios a Pistoleros. Historia de la UCI\u00a0 Por Ra\u00fal Torres Salmer\u00f3n A trav\u00e9s de redes sociales [&hellip;]<\/p>\n","protected":false},"author":1,"featured_media":5670,"comment_status":"open","ping_status":"open","sticky":false,"template":"","format":"standard","meta":{"site-sidebar-layout":"default","site-content-layout":"","ast-site-content-layout":"default","site-content-style":"default","site-sidebar-style":"default","ast-global-header-display":"","ast-banner-title-visibility":"","ast-main-header-display":"","ast-hfb-above-header-display":"","ast-hfb-below-header-display":"","ast-hfb-mobile-header-display":"","site-post-title":"","ast-breadcrumbs-content":"","ast-featured-img":"","footer-sml-layout":"","theme-transparent-header-meta":"","adv-header-id-meta":"","stick-header-meta":"","header-above-stick-meta":"","header-main-stick-meta":"","header-below-stick-meta":"","astra-migrate-meta-layouts":"default","ast-page-background-enabled":"default","ast-page-background-meta":{"desktop":{"background-color":"var(--ast-global-color-4)","background-image":"","background-repeat":"repeat","background-position":"center center","background-size":"auto","background-attachment":"scroll","background-type":"","background-media":"","overlay-type":"","overlay-color":"","overlay-opacity":"","overlay-gradient":""},"tablet":{"background-color":"","background-image":"","background-repeat":"repeat","background-position":"center center","background-size":"auto","background-attachment":"scroll","background-type":"","background-media":"","overlay-type":"","overlay-color":"","overlay-opacity":"","overlay-gradient":""},"mobile":{"background-color":"","background-image":"","background-repeat":"repeat","background-position":"center center","background-size":"auto","background-attachment":"scroll","background-type":"","background-media":"","overlay-type":"","overlay-color":"","overlay-opacity":"","overlay-gradient":""}},"ast-content-background-meta":{"desktop":{"background-color":"var(--ast-global-color-5)","background-image":"","background-repeat":"repeat","background-position":"center center","background-size":"auto","background-attachment":"scroll","background-type":"","background-media":"","overlay-type":"","overlay-color":"","overlay-opacity":"","overlay-gradient":""},"tablet":{"background-color":"var(--ast-global-color-5)","background-image":"","background-repeat":"repeat","background-position":"center center","background-size":"auto","background-attachment":"scroll","background-type":"","background-media":"","overlay-type":"","overlay-color":"","overlay-opacity":"","overlay-gradient":""},"mobile":{"background-color":"var(--ast-global-color-5)","background-image":"","background-repeat":"repeat","background-position":"center center","background-size":"auto","background-attachment":"scroll","background-type":"","background-media":"","overlay-type":"","overlay-color":"","overlay-opacity":"","overlay-gradient":""}},"footnotes":""},"categories":[19],"tags":[449,448],"class_list":["post-5669","post","type-post","status-publish","format-standard","has-post-thumbnail","hentry","category-sin-limites-2","tag-ehecatl-lazaro-mendez","tag-uci"],"_links":{"self":[{"href":"https:\/\/losperiodistas.com.mx\/portal\/wp-json\/wp\/v2\/posts\/5669","targetHints":{"allow":["GET"]}}],"collection":[{"href":"https:\/\/losperiodistas.com.mx\/portal\/wp-json\/wp\/v2\/posts"}],"about":[{"href":"https:\/\/losperiodistas.com.mx\/portal\/wp-json\/wp\/v2\/types\/post"}],"author":[{"embeddable":true,"href":"https:\/\/losperiodistas.com.mx\/portal\/wp-json\/wp\/v2\/users\/1"}],"replies":[{"embeddable":true,"href":"https:\/\/losperiodistas.com.mx\/portal\/wp-json\/wp\/v2\/comments?post=5669"}],"version-history":[{"count":1,"href":"https:\/\/losperiodistas.com.mx\/portal\/wp-json\/wp\/v2\/posts\/5669\/revisions"}],"predecessor-version":[{"id":5671,"href":"https:\/\/losperiodistas.com.mx\/portal\/wp-json\/wp\/v2\/posts\/5669\/revisions\/5671"}],"wp:featuredmedia":[{"embeddable":true,"href":"https:\/\/losperiodistas.com.mx\/portal\/wp-json\/wp\/v2\/media\/5670"}],"wp:attachment":[{"href":"https:\/\/losperiodistas.com.mx\/portal\/wp-json\/wp\/v2\/media?parent=5669"}],"wp:term":[{"taxonomy":"category","embeddable":true,"href":"https:\/\/losperiodistas.com.mx\/portal\/wp-json\/wp\/v2\/categories?post=5669"},{"taxonomy":"post_tag","embeddable":true,"href":"https:\/\/losperiodistas.com.mx\/portal\/wp-json\/wp\/v2\/tags?post=5669"}],"curies":[{"name":"wp","href":"https:\/\/api.w.org\/{rel}","templated":true}]}}