{"id":56435,"date":"2023-08-09T09:40:42","date_gmt":"2023-08-09T14:40:42","guid":{"rendered":"http:\/\/losperiodistas.com.mx\/portal\/?p=56435"},"modified":"2023-08-10T07:41:08","modified_gmt":"2023-08-10T12:41:08","slug":"monologos-de-menade-por-que-descalifico-xochitl-galvez-el-proceso","status":"publish","type":"post","link":"https:\/\/losperiodistas.com.mx\/portal\/monologos-de-menade-por-que-descalifico-xochitl-galvez-el-proceso\/","title":{"rendered":"Mon\u00f3logos de M\u00e9nade | \u00bfPor qu\u00e9 descalific\u00f3 X\u00f3chitl G\u00e1lvez el proceso?"},"content":{"rendered":"\n<p class=\"has-medium-font-size\">Muchos la critican, creen que est\u00e1 saboteando el m\u00e9todo, pero ser\u00eda bueno entender, \u00bfpor qu\u00e9 descalific\u00f3 X\u00f3chitl G\u00e1lvez el proceso?<\/p>\n\n\n\n<p><\/p>\n\n\n\n<figure class=\"wp-block-image size-large is-style-default\"><img fetchpriority=\"high\" decoding=\"async\" width=\"1024\" height=\"576\" src=\"https:\/\/losperiodistas.com.mx\/portal\/wp-content\/uploads\/2023\/08\/Por-que-descalifico-Xochitl-1024x576.jpg\" alt=\"\" class=\"wp-image-56436\" srcset=\"https:\/\/losperiodistas.com.mx\/portal\/wp-content\/uploads\/2023\/08\/Por-que-descalifico-Xochitl-1024x576.jpg 1024w, https:\/\/losperiodistas.com.mx\/portal\/wp-content\/uploads\/2023\/08\/Por-que-descalifico-Xochitl-300x169.jpg 300w, https:\/\/losperiodistas.com.mx\/portal\/wp-content\/uploads\/2023\/08\/Por-que-descalifico-Xochitl-768x432.jpg 768w, https:\/\/losperiodistas.com.mx\/portal\/wp-content\/uploads\/2023\/08\/Por-que-descalifico-Xochitl.jpg 1200w\" sizes=\"(max-width: 1024px) 100vw, 1024px\" \/><\/figure>\n\n\n\n<p><\/p>\n\n\n\n<p class=\"has-vivid-red-color has-text-color\" style=\"font-size:26px\"><strong><em>Por Itandehui Rodr\u00edguez Mart\u00ednez<\/em><\/strong><\/p>\n\n\n\n<p>@Itandehui_RoMa<\/p>\n\n\n\n<p>Es comprensible, se puso nerviosa, pero \u00bfpor qu\u00e9 descalific\u00f3 X\u00f3chitl G\u00e1lvez el proceso?<\/p>\n\n\n\n<p>Beatriz Paredes y Enrique de la Madrid, m\u00e1s Beatriz que Enrique, lograron sus firmas gracias al corporativismo del PRI. Por eso lo anunci\u00f3 Alito.<\/p>\n\n\n\n<p>Javier Cabeza de Vaca logr\u00f3 las firmas gracias a que los hologramas son muy poderosos, recordemos que Obi Wan Kenobi motiv\u00f3 a Luke Sky Walker a ir tras su destino siendo un holograma proyectado por R2D2.<\/p>\n\n\n\n<p>Cabeza de Vaca, siendo un holograma que no ha hecho un solo evento o recorrido y que seguramente ni siquiera est\u00e1 en M\u00e9xico, logr\u00f3 obtener 150 mil firmas, por lo menos para continuar en el proceso. Porque poderoso.<\/p>\n\n\n\n<p>Silvano Aureoles logr\u00f3 las del PRD y seguramente tambi\u00e9n Mancera, gracias a las estructuras del PRD. Por eso lo anunci\u00f3 Zambrano.<\/p>\n\n\n\n<p>En serio, \u00bfse siguen preguntando por qu\u00e9 descalific\u00f3 X\u00f3chitl G\u00e1lvez el proceso?<\/p>\n\n\n\n<p>Porque ella consigui\u00f3 la mayor parte de las firmas de manera org\u00e1nica. Porque el respaldo institucional tras ella es el menor. Y porque la ciudadan\u00eda la vio como la protagonista de la leyenda a punto de cumplirse.<\/p>\n\n\n\n<p>En el debate, dar\u00e1 pelea, tendr\u00e1 en frente a una de las mejores oradoras de M\u00e9xico, a Beatriz Paredes. Pero seguro le va a ir bien.<\/p>\n\n\n\n<p>\u00bf<a href=\"https:\/\/www.apartadomex.com\/opinion\/monologos-de-menade\/beatriz-paredes-esstuvo-en-puebla\/3798\/\">C\u00f3mo podr\u00eda una mujer como Beatriz Paredes presentar propuestas para abatir los \u00edndices de feminicidios<\/a>&nbsp;y de mujeres desaparecidas cu\u00e1ndo ella no combati\u00f3 la trata en Tlaxcala cuando fue gobernadora? \u00a1Por favor!<\/p>\n\n\n\n<p>\u00bfC\u00f3mo va a hablar Miguel \u00c1ngel Mancera de manejo eficiente de recursos? Porque L\u00ednea 12.<\/p>\n\n\n\n<p>\u00bfSaben a qu\u00e9 le teme X\u00f3chitl? A la elecci\u00f3n.<\/p>\n\n\n\n<p>Porque habr\u00e1 operadores de esos a los que llaman \u201cmapaches\u201d en mi pueblo, puestos y dispuestos a hacer ganar al aspirante que mejor le convenga a cualquiera de los tres presidentes de partido.<\/p>\n\n\n\n<h2 class=\"wp-block-heading\">\u00bfPor qu\u00e9 descalific\u00f3 X\u00f3chitl G\u00e1lvez el proceso? \u00bfQui\u00e9n \u201cla reg\u00f3\u201d?<\/h2>\n\n\n\n<p>El grave error fue que Alito Moreno y Jes\u00fas Zambrano salieran a decir que sus aspirantes ya hab\u00edan cumplido con la meta de las firmas.&nbsp;<strong>A ELLOS NO LES TOCABA<\/strong>.<\/p>\n\n\n\n<p>\u00bfLos aspirantes pod\u00edan decirlo? S\u00ed.<\/p>\n\n\n\n<p>Pero era el Comit\u00e9 de Observaci\u00f3n Ciudadana el que ten\u00eda que dar los resultados. No deb\u00edan adelantarlos los presidentes de los partidos. Alito y Zambrano dieron al traste con el esfuerzo del Frente Amplio por M\u00e9xico.<\/p>\n\n\n\n<p>\u00bfQu\u00e9 puede originar esto?<\/p>\n\n\n\n<p>\u00bfHan considerado la posibilidad de que la que se baje de la contienda sea la misma X\u00f3chitl?<\/p>\n\n\n\n<p>Podr\u00eda contender por la jefatura de gobierno de la Ciudad de M\u00e9xico. Y ganar\u00eda. Ella no va a perder.<\/p>\n\n\n\n<p>Va a perder el\u00a0<a href=\"https:\/\/frenteampliopormexico.org.mx\/\">Frente Amplio por M\u00e9xico<\/a>\u00a0y la oposici\u00f3n ciudadana, \u00bfpor culpa de qui\u00e9n? De Alito y de Zambrano. Esos compa\u00f1eros tienen manos de intestino, \u00bfs\u00ed saben por qu\u00e9?<\/p>\n\n\n\n<p><\/p>\n","protected":false},"excerpt":{"rendered":"<p>Muchos la critican, creen que est\u00e1 saboteando el m\u00e9todo, pero ser\u00eda bueno entender, \u00bfpor qu\u00e9 descalific\u00f3 X\u00f3chitl G\u00e1lvez el proceso? [&hellip;]<\/p>\n","protected":false},"author":1,"featured_media":56436,"comment_status":"open","ping_status":"open","sticky":false,"template":"","format":"standard","meta":{"site-sidebar-layout":"default","site-content-layout":"","ast-site-content-layout":"default","site-content-style":"default","site-sidebar-style":"default","ast-global-header-display":"","ast-banner-title-visibility":"","ast-main-header-display":"","ast-hfb-above-header-display":"","ast-hfb-below-header-display":"","ast-hfb-mobile-header-display":"","site-post-title":"","ast-breadcrumbs-content":"","ast-featured-img":"","footer-sml-layout":"","theme-transparent-header-meta":"","adv-header-id-meta":"","stick-header-meta":"","header-above-stick-meta":"","header-main-stick-meta":"","header-below-stick-meta":"","astra-migrate-meta-layouts":"default","ast-page-background-enabled":"default","ast-page-background-meta":{"desktop":{"background-color":"var(--ast-global-color-4)","background-image":"","background-repeat":"repeat","background-position":"center center","background-size":"auto","background-attachment":"scroll","background-type":"","background-media":"","overlay-type":"","overlay-color":"","overlay-opacity":"","overlay-gradient":""},"tablet":{"background-color":"","background-image":"","background-repeat":"repeat","background-position":"center center","background-size":"auto","background-attachment":"scroll","background-type":"","background-media":"","overlay-type":"","overlay-color":"","overlay-opacity":"","overlay-gradient":""},"mobile":{"background-color":"","background-image":"","background-repeat":"repeat","background-position":"center center","background-size":"auto","background-attachment":"scroll","background-type":"","background-media":"","overlay-type":"","overlay-color":"","overlay-opacity":"","overlay-gradient":""}},"ast-content-background-meta":{"desktop":{"background-color":"var(--ast-global-color-5)","background-image":"","background-repeat":"repeat","background-position":"center center","background-size":"auto","background-attachment":"scroll","background-type":"","background-media":"","overlay-type":"","overlay-color":"","overlay-opacity":"","overlay-gradient":""},"tablet":{"background-color":"var(--ast-global-color-5)","background-image":"","background-repeat":"repeat","background-position":"center center","background-size":"auto","background-attachment":"scroll","background-type":"","background-media":"","overlay-type":"","overlay-color":"","overlay-opacity":"","overlay-gradient":""},"mobile":{"background-color":"var(--ast-global-color-5)","background-image":"","background-repeat":"repeat","background-position":"center center","background-size":"auto","background-attachment":"scroll","background-type":"","background-media":"","overlay-type":"","overlay-color":"","overlay-opacity":"","overlay-gradient":""}},"footnotes":""},"categories":[8,22],"tags":[17226,14772],"class_list":["post-56435","post","type-post","status-publish","format-standard","has-post-thumbnail","hentry","category-noticias","category-opinion-invitada","tag-frente-amplio-por-mexico","tag-xochitl-galvez"],"_links":{"self":[{"href":"https:\/\/losperiodistas.com.mx\/portal\/wp-json\/wp\/v2\/posts\/56435","targetHints":{"allow":["GET"]}}],"collection":[{"href":"https:\/\/losperiodistas.com.mx\/portal\/wp-json\/wp\/v2\/posts"}],"about":[{"href":"https:\/\/losperiodistas.com.mx\/portal\/wp-json\/wp\/v2\/types\/post"}],"author":[{"embeddable":true,"href":"https:\/\/losperiodistas.com.mx\/portal\/wp-json\/wp\/v2\/users\/1"}],"replies":[{"embeddable":true,"href":"https:\/\/losperiodistas.com.mx\/portal\/wp-json\/wp\/v2\/comments?post=56435"}],"version-history":[{"count":1,"href":"https:\/\/losperiodistas.com.mx\/portal\/wp-json\/wp\/v2\/posts\/56435\/revisions"}],"predecessor-version":[{"id":56437,"href":"https:\/\/losperiodistas.com.mx\/portal\/wp-json\/wp\/v2\/posts\/56435\/revisions\/56437"}],"wp:featuredmedia":[{"embeddable":true,"href":"https:\/\/losperiodistas.com.mx\/portal\/wp-json\/wp\/v2\/media\/56436"}],"wp:attachment":[{"href":"https:\/\/losperiodistas.com.mx\/portal\/wp-json\/wp\/v2\/media?parent=56435"}],"wp:term":[{"taxonomy":"category","embeddable":true,"href":"https:\/\/losperiodistas.com.mx\/portal\/wp-json\/wp\/v2\/categories?post=56435"},{"taxonomy":"post_tag","embeddable":true,"href":"https:\/\/losperiodistas.com.mx\/portal\/wp-json\/wp\/v2\/tags?post=56435"}],"curies":[{"name":"wp","href":"https:\/\/api.w.org\/{rel}","templated":true}]}}