{"id":56423,"date":"2023-08-10T07:09:54","date_gmt":"2023-08-10T12:09:54","guid":{"rendered":"http:\/\/losperiodistas.com.mx\/portal\/?p=56423"},"modified":"2023-08-10T07:09:56","modified_gmt":"2023-08-10T12:09:56","slug":"fraile-confirma-que-hubo-fraude-en-2018-instrumentado-por-omar-blancarte-e-consulta","status":"publish","type":"post","link":"https:\/\/losperiodistas.com.mx\/portal\/fraile-confirma-que-hubo-fraude-en-2018-instrumentado-por-omar-blancarte-e-consulta\/","title":{"rendered":"Fraile confirma que hubo fraude en 2018 instrumentado por Omar Blancarte | E-Consulta"},"content":{"rendered":"\n<p class=\"has-medium-font-size\">El exsenador admite que la soberbia se apoder\u00f3 del PAN y de algunos de sus dirigentes<\/p>\n\n\n\n<div class=\"wp-block-image is-style-default\"><figure class=\"aligncenter size-full\"><img fetchpriority=\"high\" decoding=\"async\" width=\"640\" height=\"425\" src=\"https:\/\/losperiodistas.com.mx\/portal\/wp-content\/uploads\/2023\/08\/fraile_confirma_que_hubo_fraude_en_2018_instrumentado_por_blancarte.jpg\" alt=\"\" class=\"wp-image-56424\" srcset=\"https:\/\/losperiodistas.com.mx\/portal\/wp-content\/uploads\/2023\/08\/fraile_confirma_que_hubo_fraude_en_2018_instrumentado_por_blancarte.jpg 640w, https:\/\/losperiodistas.com.mx\/portal\/wp-content\/uploads\/2023\/08\/fraile_confirma_que_hubo_fraude_en_2018_instrumentado_por_blancarte-300x199.jpg 300w\" sizes=\"(max-width: 640px) 100vw, 640px\" \/><figcaption>Foto \/ Francisco Herrera<\/figcaption><\/figure><\/div>\n\n\n\n<p class=\"has-vivid-red-color has-text-color has-medium-font-size\"><strong>CARLOS MORENO \/ E-CONSULTA<\/strong><\/p>\n\n\n\n<p><strong>Francisco Fraile Garc\u00eda<\/strong>, quien fue&nbsp;<strong>dirigente del PAN en Puebla<\/strong>&nbsp;de 1987 a 1995,&nbsp;<strong>rompi\u00f3 el silencio<\/strong>&nbsp;y&nbsp;<strong>confirm\u00f3&nbsp;<\/strong>que en las elecciones para gobernador de 2018 hubo&nbsp;<strong>fraude<\/strong>&nbsp;y que el principal operador de este para favorecer a la panista&nbsp;<strong>Martha Erika Alonso<\/strong>&nbsp;fue&nbsp;<strong>H\u00e9ctor Omar Blancarte Monta\u00f1o<\/strong>.<\/p>\n\n\n\n<p>Seg\u00fan el exsenador,\u00a0<strong><a href=\"https:\/\/www.e-consulta.com\/nota\/2018-07-04\/seguridad\/operador-del-pan-si-trabaja-en-la-sgg-reconoce-diodoro-carrasco\">Omar Blancarte<\/a>\u00a0contaba con un laboratorio\u00a0<\/strong>para\u00a0<strong>alterar los resultados electorales<\/strong>\u00a0antes, durante y despu\u00e9s de la jornada electoral.<\/p>\n\n\n\n<figure class=\"wp-block-embed is-type-video is-provider-youtube wp-block-embed-youtube wp-embed-aspect-16-9 wp-has-aspect-ratio\"><div class=\"wp-block-embed__wrapper\">\n<iframe title=\"\ud83c\udf74Cuchara Cuchillo Tenedor: Francisco Fraile\" width=\"500\" height=\"281\" src=\"https:\/\/www.youtube.com\/embed\/zdPHvDLQJaw?feature=oembed\" frameborder=\"0\" allow=\"accelerometer; autoplay; clipboard-write; encrypted-media; gyroscope; picture-in-picture; web-share\" referrerpolicy=\"strict-origin-when-cross-origin\" allowfullscreen><\/iframe>\n<\/div><\/figure>\n\n\n\n<p><\/p>\n\n\n\n<p>Fraile Garc\u00eda ya hab\u00eda declarado que en las elecciones ordinarias de 2018 algunos operadores del PAN, entre ellos el que fue coordinador de campa\u00f1a de&nbsp;<strong><a href=\"https:\/\/www.e-consulta.com\/nota\/2020-12-25\/seguridad\/detienen-2-por-muertes-de-martha-erika-y-rafael-moreno-valle\" target=\"_blank\" rel=\"noreferrer noopener\">Martha Erika Alonso<\/a><\/strong>&nbsp;a la gubernatura,&nbsp;<strong>Francisco Rodr\u00edguez \u00c1lvarez<\/strong>, hab\u00edan instrumentado un fraude en perjuicio del candidato de Morena y el PT,&nbsp;<strong>Luis Miguel Barbosa.<\/strong><\/p>\n\n\n\n<p>Te puede interesar:<\/p>\n\n\n\n<p>Eduardo Alc\u00e1ntara lamenta declaraciones de Paco Fraile; pide cuidar al PAN<\/p>\n\n\n\n<p>Sin embargo,&nbsp;<a href=\"https:\/\/www.e-consulta.com\/nota\/2023-05-18\/politica\/gobierno-de-puebla-facilito-compra-venta-de-predio-de-estefan-fraile-garcia\" target=\"_blank\" rel=\"noreferrer noopener\"><strong>Francisco Fraile<\/strong><\/a>, en entrevista para el programa&nbsp;<strong>Cuchara Cuchillo Tenedor<\/strong>, ampli\u00f3 sus acusaciones y dijo que el encargado de operarlo para la que esposa de Rafael Moreno Valle ganar\u00e1 esos comicios fue Omar Blancarte.<\/p>\n\n\n\n<figure class=\"wp-block-image is-style-default\"><img decoding=\"async\" src=\"https:\/\/www.e-consulta.com\/_next\/image?url=https%3A%2F%2Ffotos.e-consulta.com%2Fsite_uploads%2F2023%2FAgosto%2Fwhatsapp_image_2023-08-09_at_23.00.35_1.jpeg&amp;w=3840&amp;q=75\" alt=\"Fraile confirma que hubo fraude en 2018 instrumentado por Omar Blancarte\"\/><\/figure>\n\n\n\n<p>En el proceso electoral ordinario de 2018 participaron como candidatos a la gubernatura&nbsp;<strong>Martha Erika Alonso Hidalgo (PAN)<\/strong>, Alejandro Romero Carreto (Nueva Alianza), Michel Cha\u00edn (Partido Verde), Enrique Doger (PRI) y&nbsp;<strong><a href=\"https:\/\/www.e-consulta.com\/nota\/2023-06-21\/politica\/morena-puebla-da-carpetazo-al-supuesto-fraude-electoral-contra-barbosa\" target=\"_blank\" rel=\"noreferrer noopener\">Miguel Barbosa<\/a>&nbsp;Huerta (Morena y PT)<\/strong>.<\/p>\n\n\n\n<p>Fraile Garc\u00eda reconoci\u00f3 que no ser\u00e1 f\u00e1cil eliminar lo sucedido de la mente de los poblanos \u2014<strong>robo de urnas, balazos<\/strong>, autos incendiados\u2014 en los comicios del 3 de julio de 2018.<\/p>\n\n\n\n<p>Te puede interesar:<\/p>\n\n\n\n<p>Morena Puebla da carpetazo al supuesto fraude electoral contra Barbosa<\/p>\n\n\n\n<h2 class=\"wp-block-heading\"><strong>Francisco Fraile niega ser c\u00f3mplice de fraude electoral<\/strong><\/h2>\n\n\n\n<p>En la entrevista, Francisco Fraile reprob\u00f3 las acciones cometidas por Omar Blancarte, quien fue incorporado a tareas electorales en el gobierno de&nbsp;<strong>Manuel Bartlett D\u00edaz<\/strong>, actual director de la Comisi\u00f3n Federal de Electricidad (CFE).<\/p>\n\n\n\n<p><strong>Jes\u00fas Manuel Hern\u00e1ndez<\/strong>&nbsp;(periodista): \u00bfQui\u00e9n efectu\u00f3 el fraude?<\/p>\n\n\n\n<p>Francisco Fraile: Omar Blancarte, quien me dijo d\u00edas despu\u00e9s del triunfo de Martha Erika: me da gusto que estemos del mismo lado. A lo que le respond\u00ed que&nbsp;<strong>yo no acepto el fraude electoral ni lo he cometido.<\/strong><\/p>\n\n\n\n<p>El tambi\u00e9n exdelegado del IMSS de 2009 a 2013 se dijo&nbsp;<strong>perseguido del exgobernador Rafael Moreno Valle<\/strong>, no obstante que fue uno de quien&nbsp;<strong>le abri\u00f3 las puertas del PAN.<\/strong><\/p>\n\n\n\n<figure class=\"wp-block-image is-style-default\"><img decoding=\"async\" src=\"https:\/\/www.e-consulta.com\/_next\/image?url=https%3A%2F%2Ffotos.e-consulta.com%2Fsite_uploads%2F2023%2FAgosto%2Fwhatsapp_image_2023-08-09_at_23.00.35.jpeg&amp;w=3840&amp;q=75\" alt=\"Fraile confirma que hubo fraude en 2018 instrumentado por Omar Blancarte\"\/><\/figure>\n\n\n\n<p><strong>Xavier Guti\u00e9rrez&nbsp;<\/strong>(periodista): T\u00fa eras inc\u00f3modo para Rafael Moreno Valle. \u00bfLlegaste a ser perseguido?<\/p>\n\n\n\n<p><a href=\"https:\/\/www.e-consulta.com\/nota\/2022-10-26\/politica\/al-pri-y-estefan-chidiac-les-urge-el-poder-critica-fraile\" target=\"_blank\" rel=\"noreferrer noopener\"><strong>Francisco Fraile<\/strong><\/a>: S\u00ed. Tuve una persecuci\u00f3n legal. Cuando dej\u00e9 mi puesto en el Seguro Social recib\u00ed una observaci\u00f3n, la cual&nbsp;<strong>Moreno Valle aprovech\u00f3 y acrecent\u00f3 para perjudicarme<\/strong>. Yo me ech\u00e9 tres a\u00f1os muy fuertes de confrontaci\u00f3n jur\u00eddica y mis papeles de alguna manera fueron enviados a Acapulco, Guerrero, y tuve que litigar varias veces all\u00e1.<\/p>\n\n\n\n<p>El expresidente del PAN relat\u00f3 que recibi\u00f3 ayuda de&nbsp;<strong>Mariano Pi\u00f1a Olaya<\/strong>, exgobernador de Puebla de 1987 a 1993.<\/p>\n\n\n\n<p><strong>Francisco Fraile<\/strong>: Yo recib\u00ed ayuda de quien menos me esperaba. Un d\u00eda respondo el tel\u00e9fono. Escucho. \u2018<strong>\u00a1Habla tu gobernador!<\/strong>&nbsp;<strong>Era Mariano Pi\u00f1a Olaya<\/strong>. Tr\u00e1eme todos tus papeles\u2019, me dijo cuando \u00e9l era litigante. Se los llev\u00e9 todos. Tras leerlos, se comunic\u00f3 con RMV y as\u00ed fue la llamada:<\/p>\n\n\n\n<p>&#8211;<strong>Rafael, lo que est\u00e1s haciendo con Paco es indebido<\/strong>. Yo voy a procurar que esto se finiquite.<\/p>\n\n\n\n<p>Tras colgar me coment\u00f3 que ir\u00edamos a ver a la secretaria de la Funci\u00f3n P\u00fablica. Al estar junto a ella, \u00e9l le pregunt\u00f3 \u00bfqu\u00e9 se puede hacer? La respuesta que recibi\u00f3 fue:&nbsp;<strong>el IMSS debe declarar que es il\u00edcito lo que le est\u00e1n haciendo a Francisco y debe a\u00f1adirse al escrito del tribunal<\/strong>. Con eso me quitaron los cargos. Fue una batalla legal en la que no pude trabajar por diez a\u00f1os como funcionario p\u00fablico.<\/p>\n\n\n\n<h2 class=\"wp-block-heading\"><strong>El PAN ya no es lo que era, admite<\/strong><\/h2>\n\n\n\n<p>El exdirigente del PAN en Puebla critic\u00f3 a los pol\u00edticos que buscan alg\u00fan cargo p\u00fablico con la finalidad de enriquecerse y no cumplir con su papel, en este caso, como integrantes del partido blanquiazul, ya que eso genera ruptura entre ellos.<\/p>\n\n\n\n<p>\u201cYo tuve que esperar ocho a\u00f1os porque no se ha entendido que&nbsp;<strong>el partido es para impulsar a los otros, no a uno mismo<\/strong>\u201d, argument\u00f3 Fraile.<\/p>\n\n\n\n<p><strong>Jes\u00fas Manuel Hern\u00e1ndez<\/strong>: \u00bfLa humildad sali\u00f3 por la ventana y la soberbia entr\u00f3 por la puerta del PAN?<\/p>\n\n\n\n<p><strong>Francisco Fraile<\/strong>: Hay soberbia en el PAN. El partido empez\u00f3 a perder el rumbo cuando se utilizaron los puestos internos como plataforma pol\u00edtica para adquirir otra posici\u00f3n u obtener negocios. Los panistas no han entendido que&nbsp;<strong>deben ayudarse entre s\u00ed y no ser ego\u00edstas<\/strong>. Un ejemplo de ello es la candidatura presidencial de Ricardo Anaya.<\/p>\n\n\n\n<p>\u201c<strong>Si Ricardo, en vez de pensar en \u00e9l, pensara en el partido<\/strong>, estar\u00edamos en otras condiciones\u201d, argument\u00f3 Fraile.<\/p>\n\n\n\n<p>Asimismo, dijo que&nbsp;<strong>ve en&nbsp;<\/strong><a href=\"https:\/\/www.e-consulta.com\/nota\/2023-08-06\/nacion\/xochitl-galvez-denuncia-registro-masivo-de-firmas-en-el-frente-amplio\" target=\"_blank\" rel=\"noreferrer noopener\"><strong>X\u00f3chitl G\u00e1lvez<\/strong><\/a><strong>&nbsp;un aire nuevo<\/strong>&nbsp;para el partido y critic\u00f3 a Santiago Creel por mantener la postura ego\u00edsta que poco a poco ha quebrantado la estructura blanquiazul en los \u00faltimos a\u00f1os.<\/p>\n\n\n\n<p>\u201cCreel me llam\u00f3 la atenci\u00f3n a m\u00ed.\u00a0<strong>Me dijo \u2018quiero tu definici\u00f3n, Paco\u2019\u201d,<\/strong>\u00a0relat\u00f3 para criticar la postura \u201cego\u00edsta\u201d que toman los afiliados al blanquiazul.<\/p>\n\n\n\n<figure class=\"wp-block-image is-style-default\"><img decoding=\"async\" src=\"https:\/\/www.e-consulta.com\/_next\/image?url=https%3A%2F%2Ffotos.e-consulta.com%2Fsite_uploads%2F2023%2FAgosto%2Fdsc00186.jpg&amp;w=3840&amp;q=75\" alt=\"Fraile confirma que hubo fraude en 2018 instrumentado por Omar Blancarte\"\/><\/figure>\n\n\n\n<h2 class=\"wp-block-heading\"><strong>Fraile y sus aspiraciones pol\u00edticas<\/strong><\/h2>\n\n\n\n<p>A pregunta expresa, minutos antes de terminar el programa, el periodista&nbsp;<strong>Rodolfo Ruiz&nbsp;<\/strong>cuestion\u00f3 a Fraile sobre si&nbsp;<strong>pretende obtener alg\u00fan puesto de elecci\u00f3n popular<\/strong>.<\/p>\n\n\n\n<p><strong>Rodolfo Ruiz<\/strong>: \u00bfEst\u00e1s en busca de alguna posici\u00f3n?<\/p>\n\n\n\n<p><strong>Francisco Fraile<\/strong>:\u00a0<strong>Me encantar\u00eda volver a la c\u00e1mara. A cualquiera de las dos<\/strong>; pero en especial a la c\u00e1mara alta [es decir, al Senado de la rep\u00fablica]\u201d, concluy\u00f3 la charla. Fue as\u00ed que Fraile confirm\u00f3 que hubo fraude en 2018 instrumentado por Omar Blancarte.<\/p>\n\n\n\n<p>Fuente: <a href=\"https:\/\/www.e-consulta.com\/nota\/2023-08-10\/politica\/fraile-confirma-que-hubo-fraude-en-2018-instrumentado-por-omar-blancarte\">https:\/\/www.e-consulta.com\/nota\/2023-08-10\/politica\/fraile-confirma-que-hubo-fraude-en-2018-instrumentado-por-omar-blancarte<\/a><\/p>\n","protected":false},"excerpt":{"rendered":"<p>El exsenador admite que la soberbia se apoder\u00f3 del PAN y de algunos de sus dirigentes CARLOS MORENO \/ E-CONSULTA [&hellip;]<\/p>\n","protected":false},"author":1,"featured_media":56424,"comment_status":"open","ping_status":"open","sticky":false,"template":"","format":"standard","meta":{"site-sidebar-layout":"default","site-content-layout":"","ast-site-content-layout":"default","site-content-style":"default","site-sidebar-style":"default","ast-global-header-display":"","ast-banner-title-visibility":"","ast-main-header-display":"","ast-hfb-above-header-display":"","ast-hfb-below-header-display":"","ast-hfb-mobile-header-display":"","site-post-title":"","ast-breadcrumbs-content":"","ast-featured-img":"","footer-sml-layout":"","theme-transparent-header-meta":"","adv-header-id-meta":"","stick-header-meta":"","header-above-stick-meta":"","header-main-stick-meta":"","header-below-stick-meta":"","astra-migrate-meta-layouts":"default","ast-page-background-enabled":"default","ast-page-background-meta":{"desktop":{"background-color":"var(--ast-global-color-4)","background-image":"","background-repeat":"repeat","background-position":"center center","background-size":"auto","background-attachment":"scroll","background-type":"","background-media":"","overlay-type":"","overlay-color":"","overlay-opacity":"","overlay-gradient":""},"tablet":{"background-color":"","background-image":"","background-repeat":"repeat","background-position":"center center","background-size":"auto","background-attachment":"scroll","background-type":"","background-media":"","overlay-type":"","overlay-color":"","overlay-opacity":"","overlay-gradient":""},"mobile":{"background-color":"","background-image":"","background-repeat":"repeat","background-position":"center center","background-size":"auto","background-attachment":"scroll","background-type":"","background-media":"","overlay-type":"","overlay-color":"","overlay-opacity":"","overlay-gradient":""}},"ast-content-background-meta":{"desktop":{"background-color":"var(--ast-global-color-5)","background-image":"","background-repeat":"repeat","background-position":"center center","background-size":"auto","background-attachment":"scroll","background-type":"","background-media":"","overlay-type":"","overlay-color":"","overlay-opacity":"","overlay-gradient":""},"tablet":{"background-color":"var(--ast-global-color-5)","background-image":"","background-repeat":"repeat","background-position":"center center","background-size":"auto","background-attachment":"scroll","background-type":"","background-media":"","overlay-type":"","overlay-color":"","overlay-opacity":"","overlay-gradient":""},"mobile":{"background-color":"var(--ast-global-color-5)","background-image":"","background-repeat":"repeat","background-position":"center center","background-size":"auto","background-attachment":"scroll","background-type":"","background-media":"","overlay-type":"","overlay-color":"","overlay-opacity":"","overlay-gradient":""}},"footnotes":""},"categories":[8],"tags":[17955,17956,17958,248],"class_list":["post-56423","post","type-post","status-publish","format-standard","has-post-thumbnail","hentry","category-noticias","tag-francisco-fraile","tag-martha-erika-alonso-2","tag-omar-blancarte","tag-pan"],"_links":{"self":[{"href":"https:\/\/losperiodistas.com.mx\/portal\/wp-json\/wp\/v2\/posts\/56423","targetHints":{"allow":["GET"]}}],"collection":[{"href":"https:\/\/losperiodistas.com.mx\/portal\/wp-json\/wp\/v2\/posts"}],"about":[{"href":"https:\/\/losperiodistas.com.mx\/portal\/wp-json\/wp\/v2\/types\/post"}],"author":[{"embeddable":true,"href":"https:\/\/losperiodistas.com.mx\/portal\/wp-json\/wp\/v2\/users\/1"}],"replies":[{"embeddable":true,"href":"https:\/\/losperiodistas.com.mx\/portal\/wp-json\/wp\/v2\/comments?post=56423"}],"version-history":[{"count":1,"href":"https:\/\/losperiodistas.com.mx\/portal\/wp-json\/wp\/v2\/posts\/56423\/revisions"}],"predecessor-version":[{"id":56425,"href":"https:\/\/losperiodistas.com.mx\/portal\/wp-json\/wp\/v2\/posts\/56423\/revisions\/56425"}],"wp:featuredmedia":[{"embeddable":true,"href":"https:\/\/losperiodistas.com.mx\/portal\/wp-json\/wp\/v2\/media\/56424"}],"wp:attachment":[{"href":"https:\/\/losperiodistas.com.mx\/portal\/wp-json\/wp\/v2\/media?parent=56423"}],"wp:term":[{"taxonomy":"category","embeddable":true,"href":"https:\/\/losperiodistas.com.mx\/portal\/wp-json\/wp\/v2\/categories?post=56423"},{"taxonomy":"post_tag","embeddable":true,"href":"https:\/\/losperiodistas.com.mx\/portal\/wp-json\/wp\/v2\/tags?post=56423"}],"curies":[{"name":"wp","href":"https:\/\/api.w.org\/{rel}","templated":true}]}}