{"id":56419,"date":"2023-08-10T07:01:55","date_gmt":"2023-08-10T12:01:55","guid":{"rendered":"http:\/\/losperiodistas.com.mx\/portal\/?p=56419"},"modified":"2023-08-10T07:01:57","modified_gmt":"2023-08-10T12:01:57","slug":"conmocion-en-ecuador-asesinaron-al-candidato-a-la-presidencia-fernando-villavicencio-infobae","status":"publish","type":"post","link":"https:\/\/losperiodistas.com.mx\/portal\/conmocion-en-ecuador-asesinaron-al-candidato-a-la-presidencia-fernando-villavicencio-infobae\/","title":{"rendered":"Conmoci\u00f3n en Ecuador: asesinaron al candidato a la presidencia Fernando Villavicencio | Infobae"},"content":{"rendered":"\n<h2 class=\"has-background has-medium-font-size wp-block-heading\" style=\"background-color:#f54848\">El aspirante estaba en un mitin pol\u00edtico en Quito. Seg\u00fan testigos recibi\u00f3 varios disparos. Seis personas fueron detenidas por estar presuntamente involucradas en el crimen<\/h2>\n\n\n\n<p><\/p>\n\n\n\n<figure class=\"wp-block-image size-large is-style-default\"><img fetchpriority=\"high\" decoding=\"async\" width=\"1024\" height=\"489\" src=\"https:\/\/losperiodistas.com.mx\/portal\/wp-content\/uploads\/2023\/08\/Captura-de-Pantalla-2023-08-10-a-las-5.51.20-1024x489.jpg\" alt=\"\" class=\"wp-image-56420\" srcset=\"https:\/\/losperiodistas.com.mx\/portal\/wp-content\/uploads\/2023\/08\/Captura-de-Pantalla-2023-08-10-a-las-5.51.20-1024x489.jpg 1024w, https:\/\/losperiodistas.com.mx\/portal\/wp-content\/uploads\/2023\/08\/Captura-de-Pantalla-2023-08-10-a-las-5.51.20-300x143.jpg 300w, https:\/\/losperiodistas.com.mx\/portal\/wp-content\/uploads\/2023\/08\/Captura-de-Pantalla-2023-08-10-a-las-5.51.20-768x367.jpg 768w, https:\/\/losperiodistas.com.mx\/portal\/wp-content\/uploads\/2023\/08\/Captura-de-Pantalla-2023-08-10-a-las-5.51.20-1536x734.jpg 1536w, https:\/\/losperiodistas.com.mx\/portal\/wp-content\/uploads\/2023\/08\/Captura-de-Pantalla-2023-08-10-a-las-5.51.20.jpg 1712w\" sizes=\"(max-width: 1024px) 100vw, 1024px\" \/><figcaption><a href=\"https:\/\/cdn.jwplayer.com\/previews\/DKjQUBrU\">Video<\/a> | El candidato presidencial ecuatoriano Fernando Villavicencio fue asesinado a tiros tras celebra un mitin el mi\u00e9rcoles en Quito.<\/figcaption><\/figure>\n\n\n\n<p class=\"has-vivid-red-color has-text-color has-medium-font-size\"><strong>YALIL\u00c9 LOAIZA \/ INFOBAE<\/strong><\/p>\n\n\n\n<p>El candidato a la presidencia&nbsp;<strong>Fernando Villavicencio<\/strong>&nbsp;fue asesinado la tarde de este mi\u00e9rcoles en Quito. El aspirante y ex legislador se encontraba en un mitin pol\u00edtico en el centro norte de la ciudad. Seg\u00fan los videos y testigos del acontecimiento, Villavicencio fue atacado por sicarios que dispararon varias veces en su contra.<\/p>\n\n\n\n<p>Seis personas fueron detenidas por estar presuntamente involucradas en este crimen. Las detenciones se efectuaron durante una serie de allanamientos realizados en&nbsp;<strong>Conocoto y San Bartolo<\/strong>, dos barrios de la capital ecuatoriana, seg\u00fan inform\u00f3 la Fiscal\u00eda a trav\u00e9s de sus canales oficiales.<\/p>\n\n\n\n<p>El presidente de Ecuador,&nbsp;<strong>Guillermo Lasso<\/strong>, confirm\u00f3 que el candidato fue asesinado: \u201c<strong>Por su memoria y por su lucha, les aseguro que este crimen no va a quedar impune<\/strong>\u201d, escribi\u00f3. Adem\u00e1s, Lasso dijo sentirse \u201cIndignado y consternado\u201d. El mandatario dijo que convoc\u00f3 de manera urgente al Consejo de Seguridad del Estado para evaluar lo sucedido. Cerr\u00f3 su mensaje en Twitter asegurando que: \u201cEl crimen organizado ha llegado muy lejos, pero les va a caer todo el peso de la ley\u201d.<\/p>\n\n\n\n<p>El gobierno anunci\u00f3 que las actividades programadas para el 10 de Agosto de 2023, en conmemoraci\u00f3n al Primer Grito de la Independencia, se suspendieron por el asesinato, seg\u00fan inform\u00f3 la Secretar\u00eda General de Comunicaci\u00f3n de la Presidencia.<\/p>\n\n\n\n<p>El movimiento\u00a0<strong>Construye 25<\/strong>, que respald\u00f3 la candidatura de Villavicencio, inform\u00f3 la noche de este 9 de agosto que hay una incursi\u00f3n violenta en su sede en Quito: \u201cHombres armados atacan en este momento nuestras oficinas de campa\u00f1a en Quito\u201d.<\/p>\n\n\n\n<figure class=\"wp-block-image size-large is-style-default\"><img decoding=\"async\" width=\"1024\" height=\"514\" src=\"https:\/\/losperiodistas.com.mx\/portal\/wp-content\/uploads\/2023\/08\/Captura-de-Pantalla-2023-08-10-a-las-5.55.51-1024x514.jpg\" alt=\"\" class=\"wp-image-56421\" srcset=\"https:\/\/losperiodistas.com.mx\/portal\/wp-content\/uploads\/2023\/08\/Captura-de-Pantalla-2023-08-10-a-las-5.55.51-1024x514.jpg 1024w, https:\/\/losperiodistas.com.mx\/portal\/wp-content\/uploads\/2023\/08\/Captura-de-Pantalla-2023-08-10-a-las-5.55.51-300x151.jpg 300w, https:\/\/losperiodistas.com.mx\/portal\/wp-content\/uploads\/2023\/08\/Captura-de-Pantalla-2023-08-10-a-las-5.55.51-768x385.jpg 768w, https:\/\/losperiodistas.com.mx\/portal\/wp-content\/uploads\/2023\/08\/Captura-de-Pantalla-2023-08-10-a-las-5.55.51-1536x771.jpg 1536w, https:\/\/losperiodistas.com.mx\/portal\/wp-content\/uploads\/2023\/08\/Captura-de-Pantalla-2023-08-10-a-las-5.55.51-585x295.jpg 585w, https:\/\/losperiodistas.com.mx\/portal\/wp-content\/uploads\/2023\/08\/Captura-de-Pantalla-2023-08-10-a-las-5.55.51.jpg 1714w\" sizes=\"(max-width: 1024px) 100vw, 1024px\" \/><figcaption><a href=\"https:\/\/cdn.jwplayer.com\/previews\/1EMa5oRq\">Atentaron contra otro candidato en Ecuador<\/a><\/figcaption><\/figure>\n\n\n\n<p><\/p>\n\n\n\n<p><\/p>\n\n\n\n<p>El ministro del Interior,&nbsp;<strong>Juan Zapata<\/strong>, tambi\u00e9n anunci\u00f3 que el candidato no sobrevivi\u00f3 al atentado. Asimismo, personas cercanas a Villavicencio, como el periodista y amigo,<strong>&nbsp;Christian Zurita<\/strong>, publicaron la noticia de su muerte: \u201cMataron a mi amigo\u201d, escribi\u00f3.<\/p>\n\n\n\n<p>El m\u00e9dico&nbsp;<strong>Carlos Figueroa<\/strong>&nbsp;que acompa\u00f1\u00f3 a Villavicencio durante su exilio en la selva, durante la persecuci\u00f3n del corre\u00edsmo, tambi\u00e9n ratific\u00f3 la noticia y escribi\u00f3 que la hora de la muerte fue a las 18h45 (hora local).<\/p>\n\n\n\n<p>El director de investigaciones de la Polic\u00eda de Ecuador,&nbsp;<strong>Alain Luna<\/strong>, calific\u00f3 al asesinato del candidato como un acto terrorista. Adem\u00e1s, inform\u00f3 que hubo detonaciones controladas de explosivos que fueron dejados en el lugar donde sucedi\u00f3 el mit\u00edn en el que estaba Villavicencio.<\/p>\n\n\n\n<p>Durante sus dos a\u00f1os como congresista, Villavicencio (59 a\u00f1os) se dedic\u00f3 a fiscalizar varios casos de corrupci\u00f3n ocurridos durante el mandato de<strong>&nbsp;Rafael Correa<\/strong>, quien lo persigui\u00f3 durante su gobierno hasta que Villavicencio tuvo que refugiarse en la selva con una comunidad ind\u00edgena.<img decoding=\"async\" alt=\"Fernando Villavicencio fue perseguido por el corre\u00edsmo. Sus investigaciones llevaron a la sentencia del ex presidente Rafael Correa y otros l\u00edderes de ese partido. (REUTERS\/Karen Toro)\" height=\"3067\" width=\"4600\" src=\"https:\/\/www.infobae.com\/new-resizer\/OkwKKsAwm7rijJMOPQREdr3cWUg=\/arc-anglerfish-arc2-prod-infobae\/public\/2U2DWVNZDSWWDBFNHTELIDSHMU.jpg\" srcset=\"https:\/\/www.infobae.com\/new-resizer\/9u4hfCM0YwpQY4ly_hsBKFSLNVQ=\/420x280\/filters:format(webp):quality(85)\/cloudfront-us-east-1.images.arcpublishing.com\/infobae\/2U2DWVNZDSWWDBFNHTELIDSHMU.jpg 420w,https:\/\/www.infobae.com\/new-resizer\/LUfLIIavlYQPImcZdMaJas6pVsE=\/768x512\/filters:format(webp):quality(85)\/cloudfront-us-east-1.images.arcpublishing.com\/infobae\/2U2DWVNZDSWWDBFNHTELIDSHMU.jpg 768w,https:\/\/www.infobae.com\/new-resizer\/GXw7-d4-9nUVxYM90XFl8U2OI_o=\/992x661\/filters:format(webp):quality(85)\/cloudfront-us-east-1.images.arcpublishing.com\/infobae\/2U2DWVNZDSWWDBFNHTELIDSHMU.jpg 992w,https:\/\/www.infobae.com\/new-resizer\/3JzQOTSXIRK_g-Wf0jYTEjG_hts=\/1200x800\/filters:format(webp):quality(85)\/cloudfront-us-east-1.images.arcpublishing.com\/infobae\/2U2DWVNZDSWWDBFNHTELIDSHMU.jpg 1200w,https:\/\/www.infobae.com\/new-resizer\/PNAHaSqcU9geYq4nMaNBJqE1uv4=\/1440x960\/filters:format(webp):quality(85)\/cloudfront-us-east-1.images.arcpublishing.com\/infobae\/2U2DWVNZDSWWDBFNHTELIDSHMU.jpg 1440w\">Fernando Villavicencio fue perseguido por el corre\u00edsmo. Sus investigaciones llevaron a la sentencia del ex presidente Rafael Correa y otros l\u00edderes de ese partido. (REUTERS\/Karen Toro)<\/p>\n\n\n\n<p>El pasado 19 de mayo, el movimiento&nbsp;<strong>Construye 25<\/strong>, de la ex ministra de gobierno,&nbsp;<strong>Mar\u00eda Paula Romo<\/strong>, anunci\u00f3 el respaldo a la candidatura de Villavicencio. Antes de incursionar en la pol\u00edtica, Villavicencio se dedicaba al periodismo de investigaci\u00f3n. Sus publicaciones sobre el caso&nbsp;<strong>Arroz Verde<\/strong>, como denomin\u00f3 a la&nbsp;<strong>trama de corrupci\u00f3n&nbsp;<\/strong>que incluy\u00f3 sobornos para financiar al extinto partido&nbsp;<strong>Alianza Pa\u00eds,<\/strong>&nbsp;fue clave para la apertura de la investigaci\u00f3n judicial que termin\u00f3 en la sentencia de algunos l\u00edderes corre\u00edstas incluyendo al ex presidente Rafael Correa, a su vicepresidente y a otros de sus funcionarios.<\/p>\n\n\n\n<p>Villavicencio participaba junto a&nbsp;<strong>Andrea Gonz\u00e1lez Nader<\/strong>, una joven guayaquile\u00f1a vinculada al activismo medioambiental.<\/p>\n\n\n\n<p>La noticia sobre el asesinato del candidato ha estremecido al pa\u00eds. Villavicencio y su equipo hab\u00edan recibido amenazas durante esta campa\u00f1a electoral. Dichas amenazas estaban vinculadas con la&nbsp;<strong>banda Los Choneros&nbsp;<\/strong>y su cabecilla alias&nbsp;<strong>Fito<\/strong>, seg\u00fan inform\u00f3 su equipo de campa\u00f1a y seg\u00fan cont\u00f3 Villavicencio en varios medios locales. Antes tambi\u00e9n sufri\u00f3 atentados, por lo que, desde su faceta como legislador, contaba con seguridad policial. Seg\u00fan se observa en los videos grabados por testigos, los agentes policiales que respondieron al ataque tambi\u00e9n resultaron heridos. Nueve personas habr\u00edan resultado heridas, entre ellos una candidata a asamble\u00edsta y dos polic\u00edas, seg\u00fan la Fiscal\u00eda del Estado.<\/p>\n\n\n\n<p><strong>Luisa Gonz\u00e1lez<\/strong>, candidata por el movimiento Revoluci\u00f3n Ciudadana af\u00edn al ex presidente Rafael Correa, dijo sentirse indignada ante el asesinato de Villavicencio: \u201cCon indignaci\u00f3n recibo la terrible noticia del atentado que produjo el fallecimiento de Fernando Villavicencio, esto nos enluta a todos, mi abrazo solidario a toda su familia y coidearios. \u00a1Este vil acto no quedar\u00e1 en la impunidad!\u201d, escribi\u00f3.<img loading=\"lazy\" decoding=\"async\" alt=\"Mensaje de Guillermo Lasso, presidente de Ecuador, sobre el asesinato del candidato Fernando Villavicencio.\" height=\"580\" width=\"790\" src=\"https:\/\/www.infobae.com\/new-resizer\/774XdYKY8GEoGk8O7lb6rPrZadg=\/arc-anglerfish-arc2-prod-infobae\/public\/G3UI2ICBWVF4TDC5UGSCGRYLEA.jpg\" srcset=\"https:\/\/www.infobae.com\/new-resizer\/A7-819HvHo8RCQC5CLLnf2oGe90=\/420x315\/filters:format(webp):quality(85)\/cloudfront-us-east-1.images.arcpublishing.com\/infobae\/G3UI2ICBWVF4TDC5UGSCGRYLEA.jpg 420w,https:\/\/www.infobae.com\/new-resizer\/puN6p6SnJeN8y_MV7K9t8Bcxc-Y=\/768x576\/filters:format(webp):quality(85)\/cloudfront-us-east-1.images.arcpublishing.com\/infobae\/G3UI2ICBWVF4TDC5UGSCGRYLEA.jpg 768w,https:\/\/www.infobae.com\/new-resizer\/JVmQeWbha7saH_hPncIj1ME3tK8=\/992x744\/filters:format(webp):quality(85)\/cloudfront-us-east-1.images.arcpublishing.com\/infobae\/G3UI2ICBWVF4TDC5UGSCGRYLEA.jpg 992w,https:\/\/www.infobae.com\/new-resizer\/EIa_aR2CgyPT33VsnsfSEoL0zzc=\/1200x900\/filters:format(webp):quality(85)\/cloudfront-us-east-1.images.arcpublishing.com\/infobae\/G3UI2ICBWVF4TDC5UGSCGRYLEA.jpg 1200w,https:\/\/www.infobae.com\/new-resizer\/eK9w-Gn8Ch9ZjQneIia5lfQF8Hs=\/1440x1080\/filters:format(webp):quality(85)\/cloudfront-us-east-1.images.arcpublishing.com\/infobae\/G3UI2ICBWVF4TDC5UGSCGRYLEA.jpg 1440w\">Mensaje de Guillermo Lasso, presidente de Ecuador, sobre el asesinato del candidato Fernando Villavicencio.<\/p>\n\n\n\n<p>A menos de un d\u00eda de su asesinato, Villavicencio public\u00f3 en su cuenta de Instagram un reel donde mencion\u00f3 a la candidata Gonz\u00e1lez: \u201cAqu\u00ed estoy do\u00f1a Luisa Gonz\u00e1lez&#8230;&nbsp;<strong>A m\u00ed me han dicho que use chaleco (antibalas). Aqu\u00ed estoy (con la) camisa sudada&#8230; Ustedes son mi chaleco antibalas<\/strong>\u201d, dijo el candidato durante un mit\u00edn en Chone, Manab\u00ed. Villavicencio era considerado el candidato anticorre\u00edsta.<\/p>\n\n\n\n<p>El candidato&nbsp;<strong>Otto Sonneholzner<\/strong>&nbsp;lament\u00f3 la muerte de su contendiente en Twitter y escribi\u00f3: \u201cNuestro m\u00e1s sentido p\u00e9same y profunda solidaridad con los seres queridos de Fernando Villavicencio. Qu\u00e9 Dios lo guarde en su gloria. Nuestro pa\u00eds se ha ido de las manos\u201d.<\/p>\n\n\n\n<p>Lo propio hizo<strong>&nbsp;Jan Topic<\/strong>, tambi\u00e9n aspirante a la Presidencia: \u201cMi sentido p\u00e9same a sus familiares y solidaridad con sus seguidores y amigos. Hoy m\u00e1s que nunca se reitera la necesidad de actuar con mano dura contra la criminalidad\u201d, public\u00f3.<\/p>\n\n\n\n<p><strong>Manuela Picq<\/strong>, esposa y directora de campa\u00f1a del candidato&nbsp;<strong>Yaku P\u00e9rez<\/strong>, anunci\u00f3 en Twitter que suspender\u00e1n la campa\u00f1a presidencial. Calific\u00f3 al atentado como un \u201ccobarde asesinato\u201d y asegur\u00f3 que el acto \u201ces un asesinato a la democracia. Nos solidarizamos con sus seres queridos y sus simpatizantes. Ecuador ya no aguanta\u201d.<\/p>\n\n\n\n<p>Gonz\u00e1lez, Topic y Sonnenholzner tambi\u00e9n suspendieron sus actividades de campa\u00f1a.<\/p>\n\n\n\n<p>Fuente: <a href=\"https:\/\/www.infobae.com\/america\/america-latina\/2023\/08\/10\/violencia-en-ecuador-asesinaron-al-candidato-a-la-presidencia-fernando-villavicencio\/\">https:\/\/www.infobae.com\/america\/america-latina\/2023\/08\/10\/violencia-en-ecuador-asesinaron-al-candidato-a-la-presidencia-fernando-villavicencio\/<\/a><\/p>\n","protected":false},"excerpt":{"rendered":"<p>El aspirante estaba en un mitin pol\u00edtico en Quito. Seg\u00fan testigos recibi\u00f3 varios disparos. Seis personas fueron detenidas por estar [&hellip;]<\/p>\n","protected":false},"author":1,"featured_media":56420,"comment_status":"open","ping_status":"open","sticky":false,"template":"","format":"standard","meta":{"site-sidebar-layout":"default","site-content-layout":"","ast-site-content-layout":"default","site-content-style":"default","site-sidebar-style":"default","ast-global-header-display":"","ast-banner-title-visibility":"","ast-main-header-display":"","ast-hfb-above-header-display":"","ast-hfb-below-header-display":"","ast-hfb-mobile-header-display":"","site-post-title":"","ast-breadcrumbs-content":"","ast-featured-img":"","footer-sml-layout":"","theme-transparent-header-meta":"","adv-header-id-meta":"","stick-header-meta":"","header-above-stick-meta":"","header-main-stick-meta":"","header-below-stick-meta":"","astra-migrate-meta-layouts":"default","ast-page-background-enabled":"default","ast-page-background-meta":{"desktop":{"background-color":"var(--ast-global-color-4)","background-image":"","background-repeat":"repeat","background-position":"center center","background-size":"auto","background-attachment":"scroll","background-type":"","background-media":"","overlay-type":"","overlay-color":"","overlay-opacity":"","overlay-gradient":""},"tablet":{"background-color":"","background-image":"","background-repeat":"repeat","background-position":"center center","background-size":"auto","background-attachment":"scroll","background-type":"","background-media":"","overlay-type":"","overlay-color":"","overlay-opacity":"","overlay-gradient":""},"mobile":{"background-color":"","background-image":"","background-repeat":"repeat","background-position":"center center","background-size":"auto","background-attachment":"scroll","background-type":"","background-media":"","overlay-type":"","overlay-color":"","overlay-opacity":"","overlay-gradient":""}},"ast-content-background-meta":{"desktop":{"background-color":"var(--ast-global-color-5)","background-image":"","background-repeat":"repeat","background-position":"center center","background-size":"auto","background-attachment":"scroll","background-type":"","background-media":"","overlay-type":"","overlay-color":"","overlay-opacity":"","overlay-gradient":""},"tablet":{"background-color":"var(--ast-global-color-5)","background-image":"","background-repeat":"repeat","background-position":"center center","background-size":"auto","background-attachment":"scroll","background-type":"","background-media":"","overlay-type":"","overlay-color":"","overlay-opacity":"","overlay-gradient":""},"mobile":{"background-color":"var(--ast-global-color-5)","background-image":"","background-repeat":"repeat","background-position":"center center","background-size":"auto","background-attachment":"scroll","background-type":"","background-media":"","overlay-type":"","overlay-color":"","overlay-opacity":"","overlay-gradient":""}},"footnotes":""},"categories":[8],"tags":[17954,17952,17953],"class_list":["post-56419","post","type-post","status-publish","format-standard","has-post-thumbnail","hentry","category-noticias","tag-ecuador-violencia","tag-fernando-villavicencii","tag-rafael-correa"],"_links":{"self":[{"href":"https:\/\/losperiodistas.com.mx\/portal\/wp-json\/wp\/v2\/posts\/56419","targetHints":{"allow":["GET"]}}],"collection":[{"href":"https:\/\/losperiodistas.com.mx\/portal\/wp-json\/wp\/v2\/posts"}],"about":[{"href":"https:\/\/losperiodistas.com.mx\/portal\/wp-json\/wp\/v2\/types\/post"}],"author":[{"embeddable":true,"href":"https:\/\/losperiodistas.com.mx\/portal\/wp-json\/wp\/v2\/users\/1"}],"replies":[{"embeddable":true,"href":"https:\/\/losperiodistas.com.mx\/portal\/wp-json\/wp\/v2\/comments?post=56419"}],"version-history":[{"count":1,"href":"https:\/\/losperiodistas.com.mx\/portal\/wp-json\/wp\/v2\/posts\/56419\/revisions"}],"predecessor-version":[{"id":56422,"href":"https:\/\/losperiodistas.com.mx\/portal\/wp-json\/wp\/v2\/posts\/56419\/revisions\/56422"}],"wp:featuredmedia":[{"embeddable":true,"href":"https:\/\/losperiodistas.com.mx\/portal\/wp-json\/wp\/v2\/media\/56420"}],"wp:attachment":[{"href":"https:\/\/losperiodistas.com.mx\/portal\/wp-json\/wp\/v2\/media?parent=56419"}],"wp:term":[{"taxonomy":"category","embeddable":true,"href":"https:\/\/losperiodistas.com.mx\/portal\/wp-json\/wp\/v2\/categories?post=56419"},{"taxonomy":"post_tag","embeddable":true,"href":"https:\/\/losperiodistas.com.mx\/portal\/wp-json\/wp\/v2\/tags?post=56419"}],"curies":[{"name":"wp","href":"https:\/\/api.w.org\/{rel}","templated":true}]}}