{"id":56416,"date":"2023-08-10T06:47:35","date_gmt":"2023-08-10T11:47:35","guid":{"rendered":"http:\/\/losperiodistas.com.mx\/portal\/?p=56416"},"modified":"2023-08-10T06:47:37","modified_gmt":"2023-08-10T11:47:37","slug":"avanzan-4-aspirantes-en-proceso-para-candidato-presidencial-del-frente-amplio-llueven-quejas-forbes","status":"publish","type":"post","link":"https:\/\/losperiodistas.com.mx\/portal\/avanzan-4-aspirantes-en-proceso-para-candidato-presidencial-del-frente-amplio-llueven-quejas-forbes\/","title":{"rendered":"Avanzan 4 aspirantes en proceso para candidato presidencial del Frente Amplio; llueven quejas | Forbes"},"content":{"rendered":"\n<p class=\"has-background has-medium-font-size\" style=\"background-color:#f7bf8c\"><em>La panista X\u00f3chitl G\u00e1lvez fue la aspirante del Frente Amplio por M\u00e9xico que m\u00e1s firmas validadas obtuvo, con m\u00e1s de 550,000.<\/em><\/p>\n\n\n\n<figure class=\"wp-block-image size-large is-style-default\"><img fetchpriority=\"high\" decoding=\"async\" width=\"1024\" height=\"576\" src=\"https:\/\/losperiodistas.com.mx\/portal\/wp-content\/uploads\/2023\/08\/Captura-de-Pantalla-2023-08-10-a-las-5.39.44-1024x576.jpg\" alt=\"\" class=\"wp-image-56417\" srcset=\"https:\/\/losperiodistas.com.mx\/portal\/wp-content\/uploads\/2023\/08\/Captura-de-Pantalla-2023-08-10-a-las-5.39.44-1024x576.jpg 1024w, https:\/\/losperiodistas.com.mx\/portal\/wp-content\/uploads\/2023\/08\/Captura-de-Pantalla-2023-08-10-a-las-5.39.44-300x169.jpg 300w, https:\/\/losperiodistas.com.mx\/portal\/wp-content\/uploads\/2023\/08\/Captura-de-Pantalla-2023-08-10-a-las-5.39.44-768x432.jpg 768w, https:\/\/losperiodistas.com.mx\/portal\/wp-content\/uploads\/2023\/08\/Captura-de-Pantalla-2023-08-10-a-las-5.39.44-1536x864.jpg 1536w, https:\/\/losperiodistas.com.mx\/portal\/wp-content\/uploads\/2023\/08\/Captura-de-Pantalla-2023-08-10-a-las-5.39.44.jpg 1718w\" sizes=\"(max-width: 1024px) 100vw, 1024px\" \/><figcaption><em>Foto: Cortes\u00eda.<\/em><\/figcaption><\/figure>\n\n\n\n<p class=\"has-vivid-red-color has-text-color has-medium-font-size\"><strong>FORBES STAFF<\/strong><\/p>\n\n\n\n<p>Tras la primera etapa de recolecci\u00f3n de firmas, cuatro aspirantes avanzaron este mi\u00e9rcoles a la segunda fase en la qu\u00e9 se definir\u00e1 al candidato del opositor Frente Amplio por M\u00e9xico en las elecciones presidenciales en 2024.<\/p>\n\n\n\n<p>En conferencia de prensa, Arturo S\u00e1nchez, exconsejero del Instituto Nacional Electoral (INE), inform\u00f3 que la lista de 12 aspirantes se redujo a cuatro: Santiago Creel, del Partido Acci\u00f3n Nacional (PAN); Enrique de la Madrid, Beatriz Paredes, ambos del Partido Revolucionario Institucional (PRI), y la aspirante y senadora del PAN, Xochitl G\u00e1lvez, quien encabeza las preferencias.<\/p>\n\n\n\n<p>S\u00e1nchez record\u00f3 que los 12 aspirantes tuvieron 28 d\u00edas para levantar por lo menos 150,000 firmas, como primer filtro.<\/p>\n\n\n\n<p>En este intento, se quedaron aspirantes como Miguel \u00c1ngel Mancera, senador y exjefe del Gobierno de la Ciudad de M\u00e9xico (2012-2018); Silvano Aureoles, exgobernador de Michoac\u00e1n (2015-2021), y Francisco Cabeza de Vaca, exgobernador de Tamaulipas (2016-2022), adem\u00e1s de ciudadanos como Israel Rivas, quien abandera la lucha contra el desabasto de medicamentos para ni\u00f1os con c\u00e1ncer en el pa\u00eds.<\/p>\n\n\n\n<p>S\u00e1nchez subray\u00f3 que este proceso por parte de la oposici\u00f3n \u201cno es solo un hecho in\u00e9dito, sino un evento hist\u00f3rico\u201d, ya que los partidos pol\u00edticos abrieron su candidatura a la sociedad y sus organizaciones.<\/p>\n\n\n\n<p>Muestra de ello, dijo, fue la recolecci\u00f3n de 1.9 millones de firmas validadas \u2014aunque no se dijo bajo qu\u00e9 sistema\u2014, las cuales son equivalentes al requisito legal para formar unos seis partidos pol\u00edticos en M\u00e9xico. Para formar un partido pol\u00edtico en el pa\u00eds son necesarias unas 300,000 firmas.<\/p>\n\n\n\n<p class=\"has-cyan-bluish-gray-background-color has-background\"><strong><em>Lee:&nbsp;<a href=\"https:\/\/www.forbes.com.mx\/frente-amplio-cierra-entre-polemica-etapa-de-recoleccion-de-firmas-presumen-2-2-millones\/\">Frente Amplio cierra entre pol\u00e9mica etapa de recolecci\u00f3n de firmas; presumen 2.2 millones<\/a><\/em><\/strong><\/p>\n\n\n\n<p>Aunque algunos aspirantes lograron la captaci\u00f3n de las firmas requeridas en el proceso interno de los partidos de oposici\u00f3n integrados en el Frente Amplio por M\u00e9xico, \u00e9stos no acreditaron la representaci\u00f3n de al menos 17 entidades mexicanas en sus votos recabados, explic\u00f3 a medios Marco Ba\u00f1os, otro exconsejero electoral del INE invitado al proceso.<\/p>\n\n\n\n<p>Entre los aspirantes, G\u00e1lvez figura como la favorita en el proceso que corre a la par del qu\u00e9 realiza Morena y sus aliados para designar a su candidato presidencial de cara a los comicios de 2024; la senadora panista logr\u00f3 recabar m\u00e1s de 550,000 firmas, casi una tercera parte del total recabado de casi 2 millones.<\/p>\n\n\n\n<p>Detr\u00e1s le sigui\u00f3 Paredes, con m\u00e1s de 451,000 firmas; el diputado Creel, con 358,000, y el hijo del expresidente Miguel de la Madrid (1982-1988), con m\u00e1s de 344,000.<\/p>\n\n\n\n<p>Para la segunda etapa, el Frente Amplio por M\u00e9xico alista un foro de debate para ma\u00f1ana jueves, en los que los aspirantes podr\u00e1n matizar sus propuestas de cara al proceso electoral, as\u00ed como expresar sus opiniones sobre temas controvertidos y de relevancia para la opini\u00f3n p\u00fablica.<\/p>\n\n\n\n<p>Posteriormente, se levantar\u00e1 una encuesta entre el 11 y 13 de agosto sobre las preferencias de la ciudadan\u00eda entre los aspirantes electos y sus resultados se dar\u00e1n a conocer tres d\u00edas despu\u00e9s, el pr\u00f3ximo 16 de agosto.<\/p>\n\n\n\n<p>De este proceso la lista se reducir\u00e1 a tres, quienes participar\u00e1n en cinco nuevos foros, que se llevar\u00e1n a cabo en las principales cinco regiones electorales del pa\u00eds.<\/p>\n\n\n\n<p>El finalista qu\u00e9 encabezar\u00e1 la candidatura presidencial de la oposici\u00f3n en 2024 se conocer\u00e1 el pr\u00f3ximo 3 de septiembre en un proceso de elecci\u00f3n interna en los partidos, mientras que el partido en el poder, Movimiento Regeneraci\u00f3n Nacional (Morena) la anunciar\u00e1 el 6 de septiembre.<\/p>\n\n\n\n<h2 class=\"wp-block-heading\" id=\"h-acusan-exclusion-y-acuerdos-cupulares\">Acusan exclusi\u00f3n y acuerdos cupulares<\/h2>\n\n\n\n<p>La definici\u00f3n de los aspirantes que continuar\u00e1n en el proceso para seleccionar al candidato presidencial del Frente Amplio por M\u00e9xico ha levantado quejas y advertencias de impugnaci\u00f3n de parte de quienes estaban compitiendo.<\/p>\n\n\n\n<p>El panista Jorge Luis Preciado se quej\u00f3 desde ayer de que el sistema de recolecci\u00f3n de firmas no le valid\u00f3 de \u00faltimo momento las necesarias para continuar y al acudir con el dirigente del blanquiazul, Marko Cort\u00e9s, \u00e9ste le dijo que X\u00f3chitl G\u00e1lvez ser\u00e1 la candidata presidencial. Ante ello, Preciado renunci\u00f3 a su militancia de 29 a\u00f1os en el blanquiazul y advirti\u00f3 que todo el proceso en el frente opositor es una farsa.<\/p>\n\n\n\n<figure class=\"wp-block-embed is-type-rich is-provider-twitter wp-block-embed-twitter\"><div class=\"wp-block-embed__wrapper\">\nhttps:\/\/twitter.com\/jorgepreciador\/status\/1689455134911193088?ref_src=twsrc%5Etfw%7Ctwcamp%5Etweetembed%7Ctwterm%5E1689455134911193088%7Ctwgr%5E0c21c51982b5c9f0dff560e3ee8187f976967e9e%7Ctwcon%5Es1_c10&#038;ref_url=https%3A%2F%2Fwww.forbes.com.mx%2Favanzan-4-aspirantes-en-proceso-para-candidato-presidencial-del-frente-amplio-llueven-quejas%2F\n<\/div><\/figure>\n\n\n\n<p><\/p>\n\n\n\n<p>El perredista Miguel \u00c1ngel Mancera tambi\u00e9n pas\u00f3 por lo mismo que Preciado: de las firmas que reacb\u00f3, no le fueron validadas las suficientes, lo cual le fue comunicado 15 minutos antes del anuncio de qui\u00e9nes pasaban a la segunda fase.<\/p>\n\n\n\n<p>En ese sentido, el senador se refiri\u00f3 a una \u201cesfera de poder\u201d que tom\u00f3 la decisi\u00f3n de excluirlo.<\/p>\n\n\n\n<figure class=\"wp-block-embed is-type-rich is-provider-twitter wp-block-embed-twitter\"><div class=\"wp-block-embed__wrapper\">\n<blockquote class=\"twitter-tweet\" data-width=\"500\" data-dnt=\"true\"><p lang=\"es\" dir=\"ltr\">Dejo clara mi inconformidad independientemente de lo que resulte; el da\u00f1o no es a la persona, es al proyecto. Lo lamento mucho. Desconozco en qu\u00e9 esfera de poder se tom\u00f3 la decisi\u00f3n. <a href=\"https:\/\/twitter.com\/hashtag\/mm?src=hash&amp;ref_src=twsrc%5Etfw\">#mm<\/a><\/p>&mdash; Miguel \u00c1ngel Mancera (@ManceraMiguelMX) <a href=\"https:\/\/twitter.com\/ManceraMiguelMX\/status\/1689424447348891648?ref_src=twsrc%5Etfw\">August 9, 2023<\/a><\/blockquote><script async src=\"https:\/\/platform.twitter.com\/widgets.js\" charset=\"utf-8\"><\/script>\n<\/div><\/figure>\n\n\n\n<p>Silvano Aureoles tambi\u00e9n acus\u00f3 que fue excluido de \u00faltimo momento y dijo que solicitar\u00e1 que se realicen auditor\u00edas a la plataforma que se us\u00f3 para la recolecci\u00f3n de firmas, pues no acepta \u201cchicanadas\u201d.<\/p>\n\n\n\n<figure class=\"wp-block-embed is-type-rich is-provider-twitter wp-block-embed-twitter\"><div class=\"wp-block-embed__wrapper\">\n<blockquote class=\"twitter-tweet\" data-width=\"500\" data-dnt=\"true\"><p lang=\"es\" dir=\"ltr\">Yo no acepto chicanadas, soy un hombre de leyes e instituciones. <a href=\"https:\/\/twitter.com\/hashtag\/SilvanoVa?src=hash&amp;ref_src=twsrc%5Etfw\">#SilvanoVa<\/a> <a href=\"https:\/\/twitter.com\/hashtag\/PorM%C3%A9xico?src=hash&amp;ref_src=twsrc%5Etfw\">#PorM\u00e9xico<\/a> <a href=\"https:\/\/t.co\/EbIC0M0oiv\">pic.twitter.com\/EbIC0M0oiv<\/a><\/p>&mdash; Silvano Aureoles (@Silvano_A) <a href=\"https:\/\/twitter.com\/Silvano_A\/status\/1689448332530229249?ref_src=twsrc%5Etfw\">August 10, 2023<\/a><\/blockquote><script async src=\"https:\/\/platform.twitter.com\/widgets.js\" charset=\"utf-8\"><\/script>\n<\/div><\/figure>\n\n\n\n<p>Fuente: <a href=\"https:\/\/www.forbes.com.mx\/avanzan-4-aspirantes-en-proceso-para-candidato-presidencial-del-frente-amplio-llueven-quejas\/\">https:\/\/www.forbes.com.mx\/avanzan-4-aspirantes-en-proceso-para-candidato-presidencial-del-frente-amplio-llueven-quejas\/<\/a><\/p>\n","protected":false},"excerpt":{"rendered":"<p>La panista X\u00f3chitl G\u00e1lvez fue la aspirante del Frente Amplio por M\u00e9xico que m\u00e1s firmas validadas obtuvo, con m\u00e1s de [&hellip;]<\/p>\n","protected":false},"author":1,"featured_media":56417,"comment_status":"open","ping_status":"open","sticky":false,"template":"","format":"standard","meta":{"site-sidebar-layout":"default","site-content-layout":"","ast-site-content-layout":"default","site-content-style":"default","site-sidebar-style":"default","ast-global-header-display":"","ast-banner-title-visibility":"","ast-main-header-display":"","ast-hfb-above-header-display":"","ast-hfb-below-header-display":"","ast-hfb-mobile-header-display":"","site-post-title":"","ast-breadcrumbs-content":"","ast-featured-img":"","footer-sml-layout":"","theme-transparent-header-meta":"","adv-header-id-meta":"","stick-header-meta":"","header-above-stick-meta":"","header-main-stick-meta":"","header-below-stick-meta":"","astra-migrate-meta-layouts":"default","ast-page-background-enabled":"default","ast-page-background-meta":{"desktop":{"background-color":"var(--ast-global-color-4)","background-image":"","background-repeat":"repeat","background-position":"center center","background-size":"auto","background-attachment":"scroll","background-type":"","background-media":"","overlay-type":"","overlay-color":"","overlay-opacity":"","overlay-gradient":""},"tablet":{"background-color":"","background-image":"","background-repeat":"repeat","background-position":"center center","background-size":"auto","background-attachment":"scroll","background-type":"","background-media":"","overlay-type":"","overlay-color":"","overlay-opacity":"","overlay-gradient":""},"mobile":{"background-color":"","background-image":"","background-repeat":"repeat","background-position":"center center","background-size":"auto","background-attachment":"scroll","background-type":"","background-media":"","overlay-type":"","overlay-color":"","overlay-opacity":"","overlay-gradient":""}},"ast-content-background-meta":{"desktop":{"background-color":"var(--ast-global-color-5)","background-image":"","background-repeat":"repeat","background-position":"center center","background-size":"auto","background-attachment":"scroll","background-type":"","background-media":"","overlay-type":"","overlay-color":"","overlay-opacity":"","overlay-gradient":""},"tablet":{"background-color":"var(--ast-global-color-5)","background-image":"","background-repeat":"repeat","background-position":"center center","background-size":"auto","background-attachment":"scroll","background-type":"","background-media":"","overlay-type":"","overlay-color":"","overlay-opacity":"","overlay-gradient":""},"mobile":{"background-color":"var(--ast-global-color-5)","background-image":"","background-repeat":"repeat","background-position":"center center","background-size":"auto","background-attachment":"scroll","background-type":"","background-media":"","overlay-type":"","overlay-color":"","overlay-opacity":"","overlay-gradient":""}},"footnotes":""},"categories":[8],"tags":[324,5743,17951,17226,4970,14772],"class_list":["post-56416","post","type-post","status-publish","format-standard","has-post-thumbnail","hentry","category-noticias","tag-beatriz-paredes","tag-elecciones-mexico-2024","tag-enrique-de-la-madri","tag-frente-amplio-por-mexico","tag-santiago-creel","tag-xochitl-galvez"],"_links":{"self":[{"href":"https:\/\/losperiodistas.com.mx\/portal\/wp-json\/wp\/v2\/posts\/56416","targetHints":{"allow":["GET"]}}],"collection":[{"href":"https:\/\/losperiodistas.com.mx\/portal\/wp-json\/wp\/v2\/posts"}],"about":[{"href":"https:\/\/losperiodistas.com.mx\/portal\/wp-json\/wp\/v2\/types\/post"}],"author":[{"embeddable":true,"href":"https:\/\/losperiodistas.com.mx\/portal\/wp-json\/wp\/v2\/users\/1"}],"replies":[{"embeddable":true,"href":"https:\/\/losperiodistas.com.mx\/portal\/wp-json\/wp\/v2\/comments?post=56416"}],"version-history":[{"count":1,"href":"https:\/\/losperiodistas.com.mx\/portal\/wp-json\/wp\/v2\/posts\/56416\/revisions"}],"predecessor-version":[{"id":56418,"href":"https:\/\/losperiodistas.com.mx\/portal\/wp-json\/wp\/v2\/posts\/56416\/revisions\/56418"}],"wp:featuredmedia":[{"embeddable":true,"href":"https:\/\/losperiodistas.com.mx\/portal\/wp-json\/wp\/v2\/media\/56417"}],"wp:attachment":[{"href":"https:\/\/losperiodistas.com.mx\/portal\/wp-json\/wp\/v2\/media?parent=56416"}],"wp:term":[{"taxonomy":"category","embeddable":true,"href":"https:\/\/losperiodistas.com.mx\/portal\/wp-json\/wp\/v2\/categories?post=56416"},{"taxonomy":"post_tag","embeddable":true,"href":"https:\/\/losperiodistas.com.mx\/portal\/wp-json\/wp\/v2\/tags?post=56416"}],"curies":[{"name":"wp","href":"https:\/\/api.w.org\/{rel}","templated":true}]}}