{"id":56394,"date":"2023-08-09T08:22:45","date_gmt":"2023-08-09T13:22:45","guid":{"rendered":"http:\/\/losperiodistas.com.mx\/portal\/?p=56394"},"modified":"2023-08-09T08:23:41","modified_gmt":"2023-08-09T13:23:41","slug":"inflacion-se-desacelero-a-4-79-en-julio-su-menor-nivel-desde-marzo-del-2021-el-econmista","status":"publish","type":"post","link":"https:\/\/losperiodistas.com.mx\/portal\/inflacion-se-desacelero-a-4-79-en-julio-su-menor-nivel-desde-marzo-del-2021-el-econmista\/","title":{"rendered":"Inflaci\u00f3n se desaceler\u00f3 a 4.79% en julio; su menor nivel desde marzo del 2021\u00a0| El Economista"},"content":{"rendered":"\n<p class=\"has-background has-medium-font-size\" style=\"background-color:#ef9999\">La inflaci\u00f3n en M\u00e9xico contin\u00faa desaceler\u00e1ndose y acerc\u00e1ndose a la meta del Banco de M\u00e9xico (Banxico), de acuerdo con los \u00faltimos datos divulgados por el Inegi.<\/p>\n\n\n\n<p><\/p>\n\n\n\n<figure class=\"wp-block-image size-large is-style-default\"><img fetchpriority=\"high\" decoding=\"async\" width=\"1024\" height=\"576\" src=\"https:\/\/losperiodistas.com.mx\/portal\/wp-content\/uploads\/2023\/08\/Captura-de-Pantalla-2023-08-09-a-las-7.18.22-1024x576.jpg\" alt=\"\" class=\"wp-image-56395\" srcset=\"https:\/\/losperiodistas.com.mx\/portal\/wp-content\/uploads\/2023\/08\/Captura-de-Pantalla-2023-08-09-a-las-7.18.22-1024x576.jpg 1024w, https:\/\/losperiodistas.com.mx\/portal\/wp-content\/uploads\/2023\/08\/Captura-de-Pantalla-2023-08-09-a-las-7.18.22-300x169.jpg 300w, https:\/\/losperiodistas.com.mx\/portal\/wp-content\/uploads\/2023\/08\/Captura-de-Pantalla-2023-08-09-a-las-7.18.22-768x432.jpg 768w, https:\/\/losperiodistas.com.mx\/portal\/wp-content\/uploads\/2023\/08\/Captura-de-Pantalla-2023-08-09-a-las-7.18.22.jpg 1518w\" sizes=\"(max-width: 1024px) 100vw, 1024px\" \/><\/figure>\n\n\n\n<p><\/p>\n\n\n\n<p class=\"has-vivid-red-color has-text-color has-medium-font-size\"><strong>BEL\u00c9N SALD\u00cdVAR \/ EL ECONOMISTA<\/strong><\/p>\n\n\n\n<p>La i<strong>nflaci\u00f3n en M\u00e9xico<\/strong>&nbsp;contin\u00faa desaceler\u00e1ndose y&nbsp;<a href=\"https:\/\/www.eleconomista.com.mx\/economia\/Especialistas-esperan-una-inflacion-de-4.63-para-2023-cinco-meses-moderandose-Encuesta-Banxico-20230801-0047.html\" target=\"_blank\" rel=\"noreferrer noopener\">acerc\u00e1ndose a la meta del Banco de M\u00e9xico<\/a>&nbsp;(Banxico), de acuerdo con los \u00faltimos datos divulgados por el&nbsp;<strong>Instituto Nacional de Estad\u00edstica y Geograf\u00eda<\/strong>&nbsp;(Inegi).<\/p>\n\n\n\n<p>En julio, el&nbsp;<strong>\u00cdndice Nacional de Precios al Consumidor<\/strong>&nbsp;(INPC) mostr\u00f3 un avance mensual de 0.48%, mientras que a tasa anual se ubic\u00f3 en 4.79 por ciento.<\/p>\n\n\n\n<p>Con el dato de julio, la&nbsp;<strong>inflaci\u00f3n<\/strong>&nbsp;report\u00f3 su sexto mes consecutivo de desaceleraciones, as\u00ed como su menor nivel desde marzo del 2021, cuando los precios al consumidor aumentaron 4.67 por ciento.<\/p>\n\n\n\n<p>El mercado ya descontaba una desaceleraci\u00f3n importante en el mes. De acuerdo con un sondeo de Reuters, se esperaba un nivel de 4.78% en julio.<\/p>\n\n\n\n<p>De esta manera, la Inflaci\u00f3n estar\u00eda cerca del objetivo de Banxico de 3%+\/-1 punto porcentual, luego de que el a\u00f1o pasado alcanzara niveles no vistos en dos d\u00e9cadas por arriba de 8 por ciento.<\/p>\n\n\n\n<h2 class=\"wp-block-heading\">Subyacente contin\u00faa cediendo<\/h2>\n\n\n\n<p>Al interior del reporte se observ\u00f3 que la&nbsp;<strong>inflaci\u00f3n subyacente<\/strong>, que elimina de su c\u00e1lculo los bienes y servicios con precios m\u00e1s vol\u00e1tiles y es considerada por Banxico para su decisi\u00f3n de pol\u00edtica monetaria, continu\u00f3 desaceler\u00e1ndose pero a\u00fan se ubica en un nivel alto.<\/p>\n\n\n\n<p>En julio, el \u00edndice subyacente se ubic\u00f3 en 6.64%, su sexta desaceleraci\u00f3n consecutiva.<\/p>\n\n\n\n<p>Al interior, los precios de las mercanc\u00edas se encarecieron en 7.82%, mientras que los servicios en 5.24 por ciento.<\/p>\n\n\n\n<p>En el caso de la&nbsp;<strong>inflaci\u00f3n no subyacente<\/strong>, en el s\u00e9ptimo mes del a\u00f1o mostr\u00f3 una disminuci\u00f3n anual de 0.67 por ciento.<\/p>\n\n\n\n<p>Dentro de este \u00edndice, los productos agropecuarios mostraron una inflaci\u00f3n de 3.16%, mientras que los\u00a0<a href=\"https:\/\/www.eleconomista.com.mx\/economia\/Continua-desinflacion-de-precios-de-energeticos-en-paises-OCDE-20230803-0105.html\" target=\"_blank\" rel=\"noreferrer noopener\">energ\u00e9ticos<\/a>\u00a0y tarifas del gobierno redujeron sus precios en 3.90 por ciento.<\/p>\n\n\n\n<p>Fuente: <a href=\"https:\/\/www.eleconomista.com.mx\/economia\/Inflacion-se-desacelero-a-4.79-en-julio-su-menor-nivel-desde-marzo-del-2021-20230809-0024.html\">https:\/\/www.eleconomista.com.mx\/economia\/Inflacion-se-desacelero-a-4.79-en-julio-su-menor-nivel-desde-marzo-del-2021-20230809-0024.html<\/a><\/p>\n","protected":false},"excerpt":{"rendered":"<p>La inflaci\u00f3n en M\u00e9xico contin\u00faa desaceler\u00e1ndose y acerc\u00e1ndose a la meta del Banco de M\u00e9xico (Banxico), de acuerdo con los [&hellip;]<\/p>\n","protected":false},"author":1,"featured_media":56395,"comment_status":"open","ping_status":"open","sticky":false,"template":"","format":"standard","meta":{"site-sidebar-layout":"default","site-content-layout":"","ast-site-content-layout":"default","site-content-style":"default","site-sidebar-style":"default","ast-global-header-display":"","ast-banner-title-visibility":"","ast-main-header-display":"","ast-hfb-above-header-display":"","ast-hfb-below-header-display":"","ast-hfb-mobile-header-display":"","site-post-title":"","ast-breadcrumbs-content":"","ast-featured-img":"","footer-sml-layout":"","theme-transparent-header-meta":"","adv-header-id-meta":"","stick-header-meta":"","header-above-stick-meta":"","header-main-stick-meta":"","header-below-stick-meta":"","astra-migrate-meta-layouts":"default","ast-page-background-enabled":"default","ast-page-background-meta":{"desktop":{"background-color":"var(--ast-global-color-4)","background-image":"","background-repeat":"repeat","background-position":"center center","background-size":"auto","background-attachment":"scroll","background-type":"","background-media":"","overlay-type":"","overlay-color":"","overlay-opacity":"","overlay-gradient":""},"tablet":{"background-color":"","background-image":"","background-repeat":"repeat","background-position":"center center","background-size":"auto","background-attachment":"scroll","background-type":"","background-media":"","overlay-type":"","overlay-color":"","overlay-opacity":"","overlay-gradient":""},"mobile":{"background-color":"","background-image":"","background-repeat":"repeat","background-position":"center center","background-size":"auto","background-attachment":"scroll","background-type":"","background-media":"","overlay-type":"","overlay-color":"","overlay-opacity":"","overlay-gradient":""}},"ast-content-background-meta":{"desktop":{"background-color":"var(--ast-global-color-5)","background-image":"","background-repeat":"repeat","background-position":"center center","background-size":"auto","background-attachment":"scroll","background-type":"","background-media":"","overlay-type":"","overlay-color":"","overlay-opacity":"","overlay-gradient":""},"tablet":{"background-color":"var(--ast-global-color-5)","background-image":"","background-repeat":"repeat","background-position":"center center","background-size":"auto","background-attachment":"scroll","background-type":"","background-media":"","overlay-type":"","overlay-color":"","overlay-opacity":"","overlay-gradient":""},"mobile":{"background-color":"var(--ast-global-color-5)","background-image":"","background-repeat":"repeat","background-position":"center center","background-size":"auto","background-attachment":"scroll","background-type":"","background-media":"","overlay-type":"","overlay-color":"","overlay-opacity":"","overlay-gradient":""}},"footnotes":""},"categories":[8],"tags":[17950,653,17949],"class_list":["post-56394","post","type-post","status-publish","format-standard","has-post-thumbnail","hentry","category-noticias","tag-desaceleracion-inflacion-mexico","tag-inegi","tag-inflacion-julio-2023"],"_links":{"self":[{"href":"https:\/\/losperiodistas.com.mx\/portal\/wp-json\/wp\/v2\/posts\/56394","targetHints":{"allow":["GET"]}}],"collection":[{"href":"https:\/\/losperiodistas.com.mx\/portal\/wp-json\/wp\/v2\/posts"}],"about":[{"href":"https:\/\/losperiodistas.com.mx\/portal\/wp-json\/wp\/v2\/types\/post"}],"author":[{"embeddable":true,"href":"https:\/\/losperiodistas.com.mx\/portal\/wp-json\/wp\/v2\/users\/1"}],"replies":[{"embeddable":true,"href":"https:\/\/losperiodistas.com.mx\/portal\/wp-json\/wp\/v2\/comments?post=56394"}],"version-history":[{"count":2,"href":"https:\/\/losperiodistas.com.mx\/portal\/wp-json\/wp\/v2\/posts\/56394\/revisions"}],"predecessor-version":[{"id":56397,"href":"https:\/\/losperiodistas.com.mx\/portal\/wp-json\/wp\/v2\/posts\/56394\/revisions\/56397"}],"wp:featuredmedia":[{"embeddable":true,"href":"https:\/\/losperiodistas.com.mx\/portal\/wp-json\/wp\/v2\/media\/56395"}],"wp:attachment":[{"href":"https:\/\/losperiodistas.com.mx\/portal\/wp-json\/wp\/v2\/media?parent=56394"}],"wp:term":[{"taxonomy":"category","embeddable":true,"href":"https:\/\/losperiodistas.com.mx\/portal\/wp-json\/wp\/v2\/categories?post=56394"},{"taxonomy":"post_tag","embeddable":true,"href":"https:\/\/losperiodistas.com.mx\/portal\/wp-json\/wp\/v2\/tags?post=56394"}],"curies":[{"name":"wp","href":"https:\/\/api.w.org\/{rel}","templated":true}]}}