{"id":56382,"date":"2023-08-09T07:23:26","date_gmt":"2023-08-09T12:23:26","guid":{"rendered":"http:\/\/losperiodistas.com.mx\/portal\/?p=56382"},"modified":"2023-08-09T07:23:28","modified_gmt":"2023-08-09T12:23:28","slug":"al-menos-41-migrantes-mueren-en-un-naufragio-frente-a-la-isla-italiana-de-lampedusa-euronews","status":"publish","type":"post","link":"https:\/\/losperiodistas.com.mx\/portal\/al-menos-41-migrantes-mueren-en-un-naufragio-frente-a-la-isla-italiana-de-lampedusa-euronews\/","title":{"rendered":"Al menos 41 migrantes mueren en un naufragio frente a la isla italiana de Lampedusa\u00a0| Euronews"},"content":{"rendered":"\n<p class=\"has-background has-medium-font-size\" style=\"background-color:#f4f09e\"><strong>Los cuatro supervivientes, tres hombres y una mujer originarios de Costa de Marfil y Guinea Conakry, afirman que tres ni\u00f1os cayeron al agua.<\/strong><\/p>\n\n\n\n<p><\/p>\n\n\n\n<figure class=\"wp-block-image size-full is-style-default\"><img fetchpriority=\"high\" decoding=\"async\" width=\"773\" height=\"435\" src=\"https:\/\/losperiodistas.com.mx\/portal\/wp-content\/uploads\/2023\/08\/773x435_cmsv2_3ffb92c2-8de9-58fd-a25e-6830417dc0c5-7811494.jpg\" alt=\"\" class=\"wp-image-56383\" srcset=\"https:\/\/losperiodistas.com.mx\/portal\/wp-content\/uploads\/2023\/08\/773x435_cmsv2_3ffb92c2-8de9-58fd-a25e-6830417dc0c5-7811494.jpg 773w, https:\/\/losperiodistas.com.mx\/portal\/wp-content\/uploads\/2023\/08\/773x435_cmsv2_3ffb92c2-8de9-58fd-a25e-6830417dc0c5-7811494-300x169.jpg 300w, https:\/\/losperiodistas.com.mx\/portal\/wp-content\/uploads\/2023\/08\/773x435_cmsv2_3ffb92c2-8de9-58fd-a25e-6830417dc0c5-7811494-768x432.jpg 768w\" sizes=\"(max-width: 773px) 100vw, 773px\" \/><figcaption>Esta fotograf\u00eda tomada el 5 de agosto de 2023 por la Guardia Costera italiana (Guardia Costeria) muestra una operaci\u00f3n de rescate al sur de Lampedusa\u00a0&#8211;\u00a0Derechos de autor\u00a0ITALIAN COASTGUARD<\/figcaption><\/figure>\n\n\n\n<p><\/p>\n\n\n\n<p class=\"has-vivid-red-color has-text-color has-medium-font-size\"><strong>ANG\u00c9LICA PARRA HERN\u00c1NDEZ \/ EURONEWS<\/strong><\/p>\n\n\n\n<p>Un total de 41 personas han muerto en un nuevo naufragio registrado en las \u00faltimas frente a la isla italiana de Lampedusa (sur de Italia), seg\u00fan los testimonios de cuatro supervivientes que fueron rescatados por la Guardia Costera italiana.<\/p>\n\n\n\n<p>Los rescatados explicaron a las autoridades que la embarcaci\u00f3n hab\u00eda salido de Sfax (T\u00fanez) y que tras unas seis horas de navegaci\u00f3n la nave volc\u00f3 debido a una gran ola y 41 migrantes, entre ellos tres ni\u00f1os, cayeron al mar, informan los medios locales.<\/p>\n\n\n\n<p>Los cuatro supervivientes, tres hombres y una mujer originarios de Costa de Marfil y Guinea Conakry, se encuentran en estado de shock. Tras ser rescatados por la motonave \u00abRimona\u00bb se les traslad\u00f3 a una patrullera de la Guardia Costera que les desembarc\u00f3 en Lampedusa.<\/p>\n\n\n\n<p>S\u00f3lo 15 de los migrantes, que viajaban en una precaria embarcaci\u00f3n met\u00e1lica, llevaban chalecos salvavidas, pero se ahogaron igualmente, a\u00f1adieron los migrantes en su relato a los servicios sociales y los mediadores de la Organizaci\u00f3n Internacional de las Migraciones (OIM) que trabajan habitualmente en la isla, el territorio italiano m\u00e1s cercano a \u00c1frica.<\/p>\n\n\n\n<p>El pasado s\u00e1bado ya se inform\u00f3 de otros dos naufragios frente a Lampedusa en los que murieron 34 personas, aunque solo se pudieron rescatar tres cad\u00e1veres en medio de un fuerte temporal y tambi\u00e9n fueron los 57 rescatados los que explicaron que sus compa\u00f1eros de viaje se hab\u00edan ca\u00eddo al mar.javascript:falseabout:blank<\/p>\n\n\n\n<p>Los desembarcos no cesan en Lampedusa, en cuyo centro de acogida, con capacidad para 300 personas, llegaron a agolparse hace dos d\u00edas cerca de 2500 personas, aunque actualmente m\u00e1s 1500 despu\u00e9s de que las autoridades hayan retomado el traslado de migrantes desde la localidad a otros puntos de la isla o a la pen\u00ednsula italiana.<\/p>\n\n\n\n<p>Est\u00e1 previsto que hoy unos 1100 de los 1577 h\u00faespedes del centro sean transferidos a las localidades sicialianas de Porto Empedocle y Augusta.<\/p>\n\n\n\n<p>Seg\u00fan los \u00faltimos datos del Ministerio del Interior italiano, en lo que va de a\u00f1o y hasta el 4 de agosto han desembarcado 92 000 migrantes en las costas italianas, m\u00e1s del doble de los 42 640 del mismo periodo del a\u00f1o anterior.<\/p>\n\n\n\n<p>Fuente: <a href=\"https:\/\/es.euronews.com\/2023\/08\/09\/al-menos-41-migrantes-mueren-en-un-naufragio-frente-a-la-isla-italiana-de-lampedusa\">https:\/\/es.euronews.com\/2023\/08\/09\/al-menos-41-migrantes-mueren-en-un-naufragio-frente-a-la-isla-italiana-de-lampedusa<\/a><\/p>\n","protected":false},"excerpt":{"rendered":"<p>Los cuatro supervivientes, tres hombres y una mujer originarios de Costa de Marfil y Guinea Conakry, afirman que tres ni\u00f1os [&hellip;]<\/p>\n","protected":false},"author":1,"featured_media":56383,"comment_status":"open","ping_status":"open","sticky":false,"template":"","format":"standard","meta":{"site-sidebar-layout":"default","site-content-layout":"","ast-site-content-layout":"default","site-content-style":"default","site-sidebar-style":"default","ast-global-header-display":"","ast-banner-title-visibility":"","ast-main-header-display":"","ast-hfb-above-header-display":"","ast-hfb-below-header-display":"","ast-hfb-mobile-header-display":"","site-post-title":"","ast-breadcrumbs-content":"","ast-featured-img":"","footer-sml-layout":"","theme-transparent-header-meta":"","adv-header-id-meta":"","stick-header-meta":"","header-above-stick-meta":"","header-main-stick-meta":"","header-below-stick-meta":"","astra-migrate-meta-layouts":"default","ast-page-background-enabled":"default","ast-page-background-meta":{"desktop":{"background-color":"var(--ast-global-color-4)","background-image":"","background-repeat":"repeat","background-position":"center center","background-size":"auto","background-attachment":"scroll","background-type":"","background-media":"","overlay-type":"","overlay-color":"","overlay-opacity":"","overlay-gradient":""},"tablet":{"background-color":"","background-image":"","background-repeat":"repeat","background-position":"center center","background-size":"auto","background-attachment":"scroll","background-type":"","background-media":"","overlay-type":"","overlay-color":"","overlay-opacity":"","overlay-gradient":""},"mobile":{"background-color":"","background-image":"","background-repeat":"repeat","background-position":"center center","background-size":"auto","background-attachment":"scroll","background-type":"","background-media":"","overlay-type":"","overlay-color":"","overlay-opacity":"","overlay-gradient":""}},"ast-content-background-meta":{"desktop":{"background-color":"var(--ast-global-color-5)","background-image":"","background-repeat":"repeat","background-position":"center center","background-size":"auto","background-attachment":"scroll","background-type":"","background-media":"","overlay-type":"","overlay-color":"","overlay-opacity":"","overlay-gradient":""},"tablet":{"background-color":"var(--ast-global-color-5)","background-image":"","background-repeat":"repeat","background-position":"center center","background-size":"auto","background-attachment":"scroll","background-type":"","background-media":"","overlay-type":"","overlay-color":"","overlay-opacity":"","overlay-gradient":""},"mobile":{"background-color":"var(--ast-global-color-5)","background-image":"","background-repeat":"repeat","background-position":"center center","background-size":"auto","background-attachment":"scroll","background-type":"","background-media":"","overlay-type":"","overlay-color":"","overlay-opacity":"","overlay-gradient":""}},"footnotes":""},"categories":[8],"tags":[17939,3828,17941,15606],"class_list":["post-56382","post","type-post","status-publish","format-standard","has-post-thumbnail","hentry","category-noticias","tag-isla-de-lampedusa","tag-migrantes","tag-migrantes-ahogados","tag-naufragio"],"_links":{"self":[{"href":"https:\/\/losperiodistas.com.mx\/portal\/wp-json\/wp\/v2\/posts\/56382","targetHints":{"allow":["GET"]}}],"collection":[{"href":"https:\/\/losperiodistas.com.mx\/portal\/wp-json\/wp\/v2\/posts"}],"about":[{"href":"https:\/\/losperiodistas.com.mx\/portal\/wp-json\/wp\/v2\/types\/post"}],"author":[{"embeddable":true,"href":"https:\/\/losperiodistas.com.mx\/portal\/wp-json\/wp\/v2\/users\/1"}],"replies":[{"embeddable":true,"href":"https:\/\/losperiodistas.com.mx\/portal\/wp-json\/wp\/v2\/comments?post=56382"}],"version-history":[{"count":1,"href":"https:\/\/losperiodistas.com.mx\/portal\/wp-json\/wp\/v2\/posts\/56382\/revisions"}],"predecessor-version":[{"id":56384,"href":"https:\/\/losperiodistas.com.mx\/portal\/wp-json\/wp\/v2\/posts\/56382\/revisions\/56384"}],"wp:featuredmedia":[{"embeddable":true,"href":"https:\/\/losperiodistas.com.mx\/portal\/wp-json\/wp\/v2\/media\/56383"}],"wp:attachment":[{"href":"https:\/\/losperiodistas.com.mx\/portal\/wp-json\/wp\/v2\/media?parent=56382"}],"wp:term":[{"taxonomy":"category","embeddable":true,"href":"https:\/\/losperiodistas.com.mx\/portal\/wp-json\/wp\/v2\/categories?post=56382"},{"taxonomy":"post_tag","embeddable":true,"href":"https:\/\/losperiodistas.com.mx\/portal\/wp-json\/wp\/v2\/tags?post=56382"}],"curies":[{"name":"wp","href":"https:\/\/api.w.org\/{rel}","templated":true}]}}