{"id":56379,"date":"2023-08-09T07:03:47","date_gmt":"2023-08-09T12:03:47","guid":{"rendered":"http:\/\/losperiodistas.com.mx\/portal\/?p=56379"},"modified":"2023-08-09T07:03:49","modified_gmt":"2023-08-09T12:03:49","slug":"emiten-la-primera-acta-de-nacimiento-con-genero-no-binario-en-la-historia-de-puebla-oem","status":"publish","type":"post","link":"https:\/\/losperiodistas.com.mx\/portal\/emiten-la-primera-acta-de-nacimiento-con-genero-no-binario-en-la-historia-de-puebla-oem\/","title":{"rendered":"Emiten la primera acta de nacimiento con g\u00e9nero no binario en la historia de Puebla | OEM"},"content":{"rendered":"\n<h3 class=\"has-light-green-cyan-background-color has-background has-medium-font-size wp-block-heading\">Este acto se realiz\u00f3 en cumplimiento a la reforma al art\u00edculo 875 bis del C\u00f3digo Civil Estatal<\/h3>\n\n\n\n<p><\/p>\n\n\n\n<figure class=\"wp-block-image size-large is-style-default\"><img fetchpriority=\"high\" decoding=\"async\" width=\"1024\" height=\"728\" src=\"https:\/\/losperiodistas.com.mx\/portal\/wp-content\/uploads\/2023\/08\/Captura-de-Pantalla-2023-08-09-a-las-5.58.11-1024x728.jpg\" alt=\"\" class=\"wp-image-56380\" srcset=\"https:\/\/losperiodistas.com.mx\/portal\/wp-content\/uploads\/2023\/08\/Captura-de-Pantalla-2023-08-09-a-las-5.58.11-1024x728.jpg 1024w, https:\/\/losperiodistas.com.mx\/portal\/wp-content\/uploads\/2023\/08\/Captura-de-Pantalla-2023-08-09-a-las-5.58.11-300x213.jpg 300w, https:\/\/losperiodistas.com.mx\/portal\/wp-content\/uploads\/2023\/08\/Captura-de-Pantalla-2023-08-09-a-las-5.58.11-768x546.jpg 768w, https:\/\/losperiodistas.com.mx\/portal\/wp-content\/uploads\/2023\/08\/Captura-de-Pantalla-2023-08-09-a-las-5.58.11.jpg 1500w\" sizes=\"(max-width: 1024px) 100vw, 1024px\" \/><\/figure>\n\n\n\n<p class=\"has-vivid-red-color has-text-color has-medium-font-size\"><strong>DANIEL CRUZ CORT\u00c9S \/ EL SOL DE PUEBLA<\/strong><\/p>\n\n\n\n<p>El gobierno del estado de Puebla emiti\u00f3 la<strong>&nbsp;primera acta de nacimiento con g\u00e9nero no binario<\/strong>&nbsp;en la historia de la entidad, reconociendo de esta manera la identidad de g\u00e9nero de una persona.<\/p>\n\n\n\n<p>A trav\u00e9s de un comunicado de prensa, la\u00a0<strong>Secretar\u00eda de Gobernaci\u00f3n<\/strong>\u00a0(Segob) dio a conocer que este 8 de agosto se emiti\u00f3 la primera acta de nacimiento para una persona de g\u00e9nero no binario.<\/p>\n\n\n\n<p>Seg\u00fan la dependencia, este acto se realiz\u00f3 en cumplimiento a la reforma al art\u00edculo 875 bis del C\u00f3digo Civil Estatal, mismo que entr\u00f3 en vigor&nbsp;<strong>a partir del 26 de marzo de 2021<\/strong>. Este precepto es conocido como&nbsp;<strong>Ley Agnes,<\/strong>&nbsp;en honor a la activista trans<strong>&nbsp;Agnes Torres<\/strong>, quien fue asesinada en 2012 en Atlixco, constituyendo as\u00ed un crimen de odio.<\/p>\n\n\n\n<p>En entrevista con El Sol de Puebla, el director del Registro Civil estatal,&nbsp;<strong>Manuel Carmona Sosa<\/strong>, explic\u00f3 que las personas no binarias que cuenten con un acta de nacimiento emitida en la entidad, que no corresponda con su identidad de g\u00e9nero, podr\u00e1 solicitar la<strong>&nbsp;correcci\u00f3n en su documento de identidad&nbsp;<\/strong>sin necesidad de tramitar un amparo.<\/p>\n\n\n\n<p>Explic\u00f3 que esta primer acta se emiti\u00f3 en el\u00a0<strong>Juzgado Tercero<\/strong>, que se encuentra en el Centro Integral de Servicios (<strong>CIS<\/strong>) de San Javier, en la ciudad de Puebla.<\/p>\n\n\n\n<p><em>\u201cEl estado de Puebla se convierte en uno de los primeros estados del pa\u00eds en que los ciudadanos\u00a0<strong>no tendr\u00e1n la necesidad de interponer un amparo\u00a0<\/strong>o queja ante la Comisi\u00f3n Estatal de Derechos Humanos para que proceda su solicitud\u201d,<\/em>\u00a0remarc\u00f3 el funcionario.<\/p>\n\n\n\n<p>Hizo hincapi\u00e9 en que el gobierno estatal tiene la misi\u00f3n de<strong>&nbsp;capacitar a sus funcionarios<\/strong>&nbsp;para que den cabal cumplimiento a las necesidades de toda la poblaci\u00f3n, incluidas las&nbsp;<strong>personas cisg\u00e9nero y las personas no binarias.<\/strong><\/p>\n\n\n\n<p>Refiri\u00f3 que en los a\u00f1os pasados varias personas que se identifican como parte de la poblaci\u00f3n de la diversidad sexog\u00e9nerica ya hab\u00edan solicitado informes a la Segob, sin embargo, por razones ajenas a la dependencia<strong>&nbsp;no se hab\u00eda concretado la emisi\u00f3n de un acta de nacimiento&nbsp;<\/strong>con estas caracter\u00edsticas.<\/p>\n\n\n\n<p><em>\u201cAnteriormente el Registro Civil aceptaba la asignaci\u00f3n de s\u00f3lo dos g\u00e9neros, masculino o femenino, pues esto fue siempre lo convencional, sin embargo, dado que los derechos humanos son progresivos y est\u00e1n en constante expansi\u00f3n, el gobierno del estado de Puebla ha dado pasos s\u00f3lidos y sustentados, a fin de garantizar el respeto a la diversidad sexual\u201d<\/em>, concluy\u00f3 Carmona Sosa.<\/p>\n\n\n\n<p>Fuente: <a href=\"https:\/\/www.elsoldepuebla.com.mx\/local\/emiten-la-primera-acta-de-nacimiento-con-genero-no-binario-en-la-historia-de-puebla-10509013.html\">https:\/\/www.elsoldepuebla.com.mx\/local\/emiten-la-primera-acta-de-nacimiento-con-genero-no-binario-en-la-historia-de-puebla-10509013.html<\/a><\/p>\n","protected":false},"excerpt":{"rendered":"<p>Este acto se realiz\u00f3 en cumplimiento a la reforma al art\u00edculo 875 bis del C\u00f3digo Civil Estatal DANIEL CRUZ CORT\u00c9S [&hellip;]<\/p>\n","protected":false},"author":1,"featured_media":56380,"comment_status":"open","ping_status":"open","sticky":false,"template":"","format":"standard","meta":{"site-sidebar-layout":"default","site-content-layout":"","ast-site-content-layout":"default","site-content-style":"default","site-sidebar-style":"default","ast-global-header-display":"","ast-banner-title-visibility":"","ast-main-header-display":"","ast-hfb-above-header-display":"","ast-hfb-below-header-display":"","ast-hfb-mobile-header-display":"","site-post-title":"","ast-breadcrumbs-content":"","ast-featured-img":"","footer-sml-layout":"","theme-transparent-header-meta":"","adv-header-id-meta":"","stick-header-meta":"","header-above-stick-meta":"","header-main-stick-meta":"","header-below-stick-meta":"","astra-migrate-meta-layouts":"default","ast-page-background-enabled":"default","ast-page-background-meta":{"desktop":{"background-color":"var(--ast-global-color-4)","background-image":"","background-repeat":"repeat","background-position":"center center","background-size":"auto","background-attachment":"scroll","background-type":"","background-media":"","overlay-type":"","overlay-color":"","overlay-opacity":"","overlay-gradient":""},"tablet":{"background-color":"","background-image":"","background-repeat":"repeat","background-position":"center center","background-size":"auto","background-attachment":"scroll","background-type":"","background-media":"","overlay-type":"","overlay-color":"","overlay-opacity":"","overlay-gradient":""},"mobile":{"background-color":"","background-image":"","background-repeat":"repeat","background-position":"center center","background-size":"auto","background-attachment":"scroll","background-type":"","background-media":"","overlay-type":"","overlay-color":"","overlay-opacity":"","overlay-gradient":""}},"ast-content-background-meta":{"desktop":{"background-color":"var(--ast-global-color-5)","background-image":"","background-repeat":"repeat","background-position":"center center","background-size":"auto","background-attachment":"scroll","background-type":"","background-media":"","overlay-type":"","overlay-color":"","overlay-opacity":"","overlay-gradient":""},"tablet":{"background-color":"var(--ast-global-color-5)","background-image":"","background-repeat":"repeat","background-position":"center center","background-size":"auto","background-attachment":"scroll","background-type":"","background-media":"","overlay-type":"","overlay-color":"","overlay-opacity":"","overlay-gradient":""},"mobile":{"background-color":"var(--ast-global-color-5)","background-image":"","background-repeat":"repeat","background-position":"center center","background-size":"auto","background-attachment":"scroll","background-type":"","background-media":"","overlay-type":"","overlay-color":"","overlay-opacity":"","overlay-gradient":""}},"footnotes":""},"categories":[8],"tags":[17938,683,17937,6964],"class_list":["post-56379","post","type-post","status-publish","format-standard","has-post-thumbnail","hentry","category-noticias","tag-genero-no-binario","tag-ley-agnes","tag-manuel-carmona","tag-registro-civil-puebla"],"_links":{"self":[{"href":"https:\/\/losperiodistas.com.mx\/portal\/wp-json\/wp\/v2\/posts\/56379","targetHints":{"allow":["GET"]}}],"collection":[{"href":"https:\/\/losperiodistas.com.mx\/portal\/wp-json\/wp\/v2\/posts"}],"about":[{"href":"https:\/\/losperiodistas.com.mx\/portal\/wp-json\/wp\/v2\/types\/post"}],"author":[{"embeddable":true,"href":"https:\/\/losperiodistas.com.mx\/portal\/wp-json\/wp\/v2\/users\/1"}],"replies":[{"embeddable":true,"href":"https:\/\/losperiodistas.com.mx\/portal\/wp-json\/wp\/v2\/comments?post=56379"}],"version-history":[{"count":1,"href":"https:\/\/losperiodistas.com.mx\/portal\/wp-json\/wp\/v2\/posts\/56379\/revisions"}],"predecessor-version":[{"id":56381,"href":"https:\/\/losperiodistas.com.mx\/portal\/wp-json\/wp\/v2\/posts\/56379\/revisions\/56381"}],"wp:featuredmedia":[{"embeddable":true,"href":"https:\/\/losperiodistas.com.mx\/portal\/wp-json\/wp\/v2\/media\/56380"}],"wp:attachment":[{"href":"https:\/\/losperiodistas.com.mx\/portal\/wp-json\/wp\/v2\/media?parent=56379"}],"wp:term":[{"taxonomy":"category","embeddable":true,"href":"https:\/\/losperiodistas.com.mx\/portal\/wp-json\/wp\/v2\/categories?post=56379"},{"taxonomy":"post_tag","embeddable":true,"href":"https:\/\/losperiodistas.com.mx\/portal\/wp-json\/wp\/v2\/tags?post=56379"}],"curies":[{"name":"wp","href":"https:\/\/api.w.org\/{rel}","templated":true}]}}