{"id":56375,"date":"2023-08-09T06:52:23","date_gmt":"2023-08-09T11:52:23","guid":{"rendered":"http:\/\/losperiodistas.com.mx\/portal\/?p=56375"},"modified":"2023-08-09T06:52:25","modified_gmt":"2023-08-09T11:52:25","slug":"gallinas-goticas-estos-pollos-tienen-todo-de-color-negro-dw","status":"publish","type":"post","link":"https:\/\/losperiodistas.com.mx\/portal\/gallinas-goticas-estos-pollos-tienen-todo-de-color-negro-dw\/","title":{"rendered":"\u00abGallinas g\u00f3ticas\u00bb: estos pollos tienen todo de color negro | DW"},"content":{"rendered":"\n<p class=\"has-white-color has-text-color has-background has-medium-font-size\" style=\"background-color:#5c4545\">El ayam cemani, una apreciada raza de pollos indonesios, es el resultado de una mutaci\u00f3n gen\u00e9tica que produce un ave completamente negra, desde el pico hasta los huesos.<\/p>\n\n\n\n<p><\/p>\n\n\n\n<figure class=\"wp-block-image size-large is-style-default\"><img fetchpriority=\"high\" decoding=\"async\" width=\"1024\" height=\"448\" src=\"https:\/\/losperiodistas.com.mx\/portal\/wp-content\/uploads\/2023\/08\/66477175_1004-1024x448.jpg\" alt=\"\" class=\"wp-image-56376\" srcset=\"https:\/\/losperiodistas.com.mx\/portal\/wp-content\/uploads\/2023\/08\/66477175_1004-1024x448.jpg 1024w, https:\/\/losperiodistas.com.mx\/portal\/wp-content\/uploads\/2023\/08\/66477175_1004-300x131.jpg 300w, https:\/\/losperiodistas.com.mx\/portal\/wp-content\/uploads\/2023\/08\/66477175_1004-768x336.jpg 768w, https:\/\/losperiodistas.com.mx\/portal\/wp-content\/uploads\/2023\/08\/66477175_1004.jpg 1200w\" sizes=\"(max-width: 1024px) 100vw, 1024px\" \/><figcaption>El ayam cemani, una ave de color negro azabache cuyo estatus en Java y en el extranjero roza lo m\u00edstico. | <small>Imagen:\u00a0wiputra\/Pond5\/IMAGO<\/small><\/figcaption><\/figure>\n\n\n\n<p><\/p>\n\n\n\n<p class=\"has-vivid-red-color has-text-color has-medium-font-size\"><strong>DW<\/strong><\/p>\n\n\n\n<p>El ayam cemani, originario de Java (Indonesia), es una&nbsp;<a href=\"https:\/\/www.dw.com\/es\/el-mundo-est%C3%A1-en-el-antropoceno-y-huesos-de-pollo-lo-confirman\/a-66200028\">variante \u00fanica de pollo<\/a>&nbsp;reconocida por su intenso color negro. En la cultura javanesa, esta&nbsp;<a target=\"_blank\" href=\"https:\/\/corporate.dw.com\/es\/avistan-rara-ave-en-wisconsin-por-primera-vez-en-casi-dos-siglos\/a-66435656\" rel=\"noreferrer noopener\">ave<\/a>&nbsp;es venerada como s\u00edmbolo de estatus y buena suerte, y se utiliza en la medicina tradicional para curar dolencias. Por su parte, en Internet, esta majestuosa ave hipermelan\u00edstica es conocida por muchos nombres: entre otros, el \u00abpollo m\u00e1s hechizante del mundo\u00bb, el \u00abLamborghini de las aves de corral\u00bb, el \u00abpollo g\u00f3tico\u00bb y el \u00abp\u00e1jaro del Se\u00f1or Sith\u00bb, debido a su llamativo y raro aspecto.&nbsp;<\/p>\n\n\n\n<p>As\u00ed, el pollo es conocido por su rareza \u2013<a rel=\"noreferrer noopener\" target=\"_blank\" href=\"https:\/\/www.nationalgeographic.com\/animals\/article\/why-black-chickens-fibromelanosis\">seg\u00fan informa&nbsp;<em>National Geographic,<\/em><\/a>&nbsp;el cemani es quiz\u00e1 la \u00abcriatura m\u00e1s profundamente pigmentada\u00bb de la naturaleza\u2013, que se define por una mutaci\u00f3n gen\u00e9tica que lo hace completamente negro, desde las plumas, los tejidos y los \u00f3rganos hasta los huesos. Del mismo modo, la carne del pollo, por extensi\u00f3n, tiene el aspecto de haber sido \u00abmarinada en tinta de calamar\u00bb.&nbsp;&nbsp;<\/p>\n\n\n\n<p>Las excepciones a esta tendencia son, al parecer, la sangre y los huevos del cemani, que tienen tonalidades m\u00e1s t\u00edpicas.<\/p>\n\n\n\n<h2 class=\"wp-block-heading\"><strong>Fibromelanosis o hiperpigmentaci\u00f3n d\u00e9rmica<\/strong><\/h2>\n\n\n\n<p>Los cemani no son ni mucho menos las \u00fanicas aves negras del mundo, pero la mayor\u00eda de las aves de color m\u00e1s oscuro tienen la lengua rosada, los ojos marrones y las entra\u00f1as de color normal.&nbsp;<\/p>\n\n\n\n<p><a rel=\"noreferrer noopener\" target=\"_blank\" href=\"https:\/\/www.smithsonianmag.com\/smart-news\/chicken-breed-boasts-black-bones-muscles-and-organs-180973179\/\">Seg\u00fan<em>&nbsp;Smithsonian Magazine,<\/em><\/a>&nbsp;solo otras tres razas de gallinas \u2013la sueca Bohusl\u00e4n-Dals svarth\u00f6na, la vietnamita Black H&#8217;Mong y la Silkie, cuyo plumaje es blanco como la nieve\u2013 tienen tejidos negros bajo las plumas como la cemani, una enfermedad conocida en el&nbsp;<a href=\"https:\/\/www.dw.com\/es\/ciencia-la-vida-y-el-universo\/t-64857506\">lenguaje cient\u00edfico<\/a>&nbsp;como fibromelanosis o hiperpigmentaci\u00f3n d\u00e9rmica.&nbsp;<\/p>\n\n\n\n<p>Seg\u00fan&nbsp;<em>IFL Science<\/em>, esta condici\u00f3n pigmentaria se atribuye a una mutaci\u00f3n en el gen EDN3 que controla la prote\u00edna endotelina-3, crucial para la formaci\u00f3n de melanocitos y melanina. Esta intensa pigmentaci\u00f3n est\u00e1 presente en todas las fases de desarrollo del ave.&nbsp;<\/p>\n\n\n\n<figure class=\"wp-block-image size-large is-style-default\"><img decoding=\"async\" width=\"1024\" height=\"576\" src=\"https:\/\/losperiodistas.com.mx\/portal\/wp-content\/uploads\/2023\/08\/66477215_906-1024x576.jpeg\" alt=\"\" class=\"wp-image-56377\" srcset=\"https:\/\/losperiodistas.com.mx\/portal\/wp-content\/uploads\/2023\/08\/66477215_906-1024x576.jpeg 1024w, https:\/\/losperiodistas.com.mx\/portal\/wp-content\/uploads\/2023\/08\/66477215_906-300x169.jpeg 300w, https:\/\/losperiodistas.com.mx\/portal\/wp-content\/uploads\/2023\/08\/66477215_906-768x432.jpeg 768w, https:\/\/losperiodistas.com.mx\/portal\/wp-content\/uploads\/2023\/08\/66477215_906.jpeg 1110w\" sizes=\"(max-width: 1024px) 100vw, 1024px\" \/><figcaption>El Ayam cemani es quiz\u00e1 la \u00abcriatura m\u00e1s profundamente pigmentada\u00bb que existe en la naturaleza.<small>Imagen: Sergey Kohl\/Zoonar\/IMAGO<\/small><\/figcaption><\/figure>\n\n\n\n<p>Investigadores como Leif Andersson, genetista de la Universidad sueca de Uppsala que dirigi\u00f3 un estudio en 2011 sobre este inusual fen\u00f3meno, ha&nbsp;rastreado su origen hasta un ancestro \u00fanico. \u00abLo interesante es que todos los pollos con este fenotipo llevan exactamente la misma mutaci\u00f3n\u00bb, dijo Andersson a&nbsp;<em>Nautilus<\/em>. \u00abSugiere que algunos humanos vieron estas aves negras y se entusiasmaron con ellas, las guardaron y las vendieron y se extendieron por todo el mundo\u00bb, a\u00f1adi\u00f3.&nbsp;<\/p>\n\n\n\n<h2 class=\"wp-block-heading\"><strong>Significado m\u00e1s espiritual en Java<\/strong><\/h2>\n\n\n\n<p>Aunque son dif\u00edciles de conseguir en lugares como Estados Unidos debido a las restricciones a la importaci\u00f3n y a los altos costes \u2013<a rel=\"noreferrer noopener\" target=\"_blank\" href=\"https:\/\/www.vice.com\/en\/article\/vvxapx\/indonesias-jet-black-chickens-are-the-dark-side-of-poultry\">como se\u00f1ala&nbsp;<em>Vice,<\/em><\/a>&nbsp;el precio que se ped\u00eda por una pareja reproductora era de 2.000 d\u00f3lares hacia octubre de 2014\u2013, en Java, el cemani tiene un significado m\u00e1s espiritual.&nbsp;&nbsp;<\/p>\n\n\n\n<p><a rel=\"noreferrer noopener\" target=\"_blank\" href=\"https:\/\/theworld.org\/stories\/2016-10-06\/behold-most-bewitching-chicken-earth\">Seg\u00fan&nbsp;<em>GlobalPost,<\/em><\/a>&nbsp;el cemani en Java es alabado como una criatura m\u00e1gica con inmensos poderes curativos. \u00abCasi nadie los come\u00bb, dijo al medio un agricultor de 22 a\u00f1os. \u00abA la mayor\u00eda de la gente solo le interesa su sangre m\u00e1gica\u00bb.&nbsp;<\/p>\n\n\n\n<p>Veronika Kusumaryati, antrop\u00f3loga de la Universidad de Harvard, afirma que la raza se asociaba tradicionalmente con las \u00e9lites locales y la realeza. Utilizado en rituales ya en el siglo XII, el cemani actuaba como mensajero entre los reinos humano y sobrenatural.&nbsp;&nbsp;<\/p>\n\n\n\n<p>Como explica Kusumaryati a&nbsp;<em>Nautilus<\/em>, la tradici\u00f3n javanesa sostiene que \u00abel mundo est\u00e1 ocupado por esp\u00edritus, buenos y malos, cuyo poder puede movilizarse para ayudar a la gente a ganar poder, reputaci\u00f3n y riqueza. Para estos fines, uno debe ofrecer pollo cemani, ya que a los fantasmas y esp\u00edritus les encanta la carne y la sangre del pollo cemani\u00bb.&nbsp;<\/p>\n\n\n\n<p><em>Editado por Felipe Espinosa Wang.<\/em><\/p>\n\n\n\n<p>Fuente: <a href=\"https:\/\/www.dw.com\/es\/el-curioso-caso-de-la-gallina-g%C3%B3tica-estos-pollos-tienen-el-coraz%C3%B3n-el-pico-y-los-huesos-de-color-negro\/a-66477146\">https:\/\/www.dw.com\/es\/el-curioso-caso-de-la-gallina-g%C3%B3tica-estos-pollos-tienen-el-coraz%C3%B3n-el-pico-y-los-huesos-de-color-negro\/a-66477146<\/a><\/p>\n","protected":false},"excerpt":{"rendered":"<p>El ayam cemani, una apreciada raza de pollos indonesios, es el resultado de una mutaci\u00f3n gen\u00e9tica que produce un ave [&hellip;]<\/p>\n","protected":false},"author":1,"featured_media":56376,"comment_status":"open","ping_status":"open","sticky":false,"template":"","format":"standard","meta":{"site-sidebar-layout":"default","site-content-layout":"","ast-site-content-layout":"default","site-content-style":"default","site-sidebar-style":"default","ast-global-header-display":"","ast-banner-title-visibility":"","ast-main-header-display":"","ast-hfb-above-header-display":"","ast-hfb-below-header-display":"","ast-hfb-mobile-header-display":"","site-post-title":"","ast-breadcrumbs-content":"","ast-featured-img":"","footer-sml-layout":"","theme-transparent-header-meta":"","adv-header-id-meta":"","stick-header-meta":"","header-above-stick-meta":"","header-main-stick-meta":"","header-below-stick-meta":"","astra-migrate-meta-layouts":"default","ast-page-background-enabled":"default","ast-page-background-meta":{"desktop":{"background-color":"var(--ast-global-color-4)","background-image":"","background-repeat":"repeat","background-position":"center center","background-size":"auto","background-attachment":"scroll","background-type":"","background-media":"","overlay-type":"","overlay-color":"","overlay-opacity":"","overlay-gradient":""},"tablet":{"background-color":"","background-image":"","background-repeat":"repeat","background-position":"center center","background-size":"auto","background-attachment":"scroll","background-type":"","background-media":"","overlay-type":"","overlay-color":"","overlay-opacity":"","overlay-gradient":""},"mobile":{"background-color":"","background-image":"","background-repeat":"repeat","background-position":"center center","background-size":"auto","background-attachment":"scroll","background-type":"","background-media":"","overlay-type":"","overlay-color":"","overlay-opacity":"","overlay-gradient":""}},"ast-content-background-meta":{"desktop":{"background-color":"var(--ast-global-color-5)","background-image":"","background-repeat":"repeat","background-position":"center center","background-size":"auto","background-attachment":"scroll","background-type":"","background-media":"","overlay-type":"","overlay-color":"","overlay-opacity":"","overlay-gradient":""},"tablet":{"background-color":"var(--ast-global-color-5)","background-image":"","background-repeat":"repeat","background-position":"center center","background-size":"auto","background-attachment":"scroll","background-type":"","background-media":"","overlay-type":"","overlay-color":"","overlay-opacity":"","overlay-gradient":""},"mobile":{"background-color":"var(--ast-global-color-5)","background-image":"","background-repeat":"repeat","background-position":"center center","background-size":"auto","background-attachment":"scroll","background-type":"","background-media":"","overlay-type":"","overlay-color":"","overlay-opacity":"","overlay-gradient":""}},"footnotes":""},"categories":[8],"tags":[17934,17936,17935,10515],"class_list":["post-56375","post","type-post","status-publish","format-standard","has-post-thumbnail","hentry","category-noticias","tag-ayam-cemani","tag-fibromelanosis-o-hiperpigmentacion-dermica","tag-galls-negros","tag-indonesia"],"_links":{"self":[{"href":"https:\/\/losperiodistas.com.mx\/portal\/wp-json\/wp\/v2\/posts\/56375","targetHints":{"allow":["GET"]}}],"collection":[{"href":"https:\/\/losperiodistas.com.mx\/portal\/wp-json\/wp\/v2\/posts"}],"about":[{"href":"https:\/\/losperiodistas.com.mx\/portal\/wp-json\/wp\/v2\/types\/post"}],"author":[{"embeddable":true,"href":"https:\/\/losperiodistas.com.mx\/portal\/wp-json\/wp\/v2\/users\/1"}],"replies":[{"embeddable":true,"href":"https:\/\/losperiodistas.com.mx\/portal\/wp-json\/wp\/v2\/comments?post=56375"}],"version-history":[{"count":1,"href":"https:\/\/losperiodistas.com.mx\/portal\/wp-json\/wp\/v2\/posts\/56375\/revisions"}],"predecessor-version":[{"id":56378,"href":"https:\/\/losperiodistas.com.mx\/portal\/wp-json\/wp\/v2\/posts\/56375\/revisions\/56378"}],"wp:featuredmedia":[{"embeddable":true,"href":"https:\/\/losperiodistas.com.mx\/portal\/wp-json\/wp\/v2\/media\/56376"}],"wp:attachment":[{"href":"https:\/\/losperiodistas.com.mx\/portal\/wp-json\/wp\/v2\/media?parent=56375"}],"wp:term":[{"taxonomy":"category","embeddable":true,"href":"https:\/\/losperiodistas.com.mx\/portal\/wp-json\/wp\/v2\/categories?post=56375"},{"taxonomy":"post_tag","embeddable":true,"href":"https:\/\/losperiodistas.com.mx\/portal\/wp-json\/wp\/v2\/tags?post=56375"}],"curies":[{"name":"wp","href":"https:\/\/api.w.org\/{rel}","templated":true}]}}