{"id":56370,"date":"2023-08-09T06:33:41","date_gmt":"2023-08-09T11:33:41","guid":{"rendered":"http:\/\/losperiodistas.com.mx\/portal\/?p=56370"},"modified":"2023-08-09T06:33:43","modified_gmt":"2023-08-09T11:33:43","slug":"chilpancingo-narcoguerra-provoca-terror-y-paralisis-del-transporte-la-silla-rota","status":"publish","type":"post","link":"https:\/\/losperiodistas.com.mx\/portal\/chilpancingo-narcoguerra-provoca-terror-y-paralisis-del-transporte-la-silla-rota\/","title":{"rendered":"Chilpancingo: narcoguerra provoca terror y par\u00e1lisis del transporte | La Silla Rota"},"content":{"rendered":"\n<h2 class=\"has-pale-cyan-blue-background-color has-background has-medium-font-size wp-block-heading\">Se acumulan los ataques en contra del transporte p\u00fablico y taxis en Chilpancingo, Guerrero, donde se vive con miedo y ahora tampoco se tiene una movilidad para que los ciudadanos realicen sus actividades cotidianas<\/h2>\n\n\n\n<figure class=\"wp-block-image size-full is-style-default\"><img fetchpriority=\"high\" decoding=\"async\" width=\"960\" height=\"540\" src=\"https:\/\/losperiodistas.com.mx\/portal\/wp-content\/uploads\/2023\/08\/f960x540-474833_548908_0.jpeg\" alt=\"\" class=\"wp-image-56371\" srcset=\"https:\/\/losperiodistas.com.mx\/portal\/wp-content\/uploads\/2023\/08\/f960x540-474833_548908_0.jpeg 960w, https:\/\/losperiodistas.com.mx\/portal\/wp-content\/uploads\/2023\/08\/f960x540-474833_548908_0-300x169.jpeg 300w, https:\/\/losperiodistas.com.mx\/portal\/wp-content\/uploads\/2023\/08\/f960x540-474833_548908_0-768x432.jpeg 768w\" sizes=\"(max-width: 960px) 100vw, 960px\" \/><figcaption>Atatques contra transporte p\u00fablico en GuerreroCr\u00e9ditos: Fotos: Cuartoscuro<\/figcaption><\/figure>\n\n\n\n<p class=\"has-vivid-red-color has-text-color has-medium-font-size\"><strong>MARGENA DE LA O \/ LA SILLA ROTA<\/strong><\/p>\n\n\n\n<p>Desde hace casi un mes de manera cotidiana,&nbsp;en&nbsp;<strong>Chilpancingo<\/strong>, han atacado a&nbsp;<strong>choferes<\/strong>&nbsp;del&nbsp;<strong>transporte p\u00fablico<\/strong>&nbsp;y los han&nbsp;<strong>asesinado<\/strong>; esto ha tenido repercusiones:&nbsp;la&nbsp;<strong>par\u00e1lisis&nbsp;de la ciudad<\/strong>, porque&nbsp;la mayor\u00eda de sus habitantes depende de las camionetas&nbsp;<strong>Urvan colectivas<\/strong>&nbsp;y de los&nbsp;<strong>taxis<\/strong>.<\/p>\n\n\n\n<p class=\"has-cyan-bluish-gray-background-color has-background\"><strong>Lee m\u00e1s:\u00a0<a href=\"https:\/\/lasillarota.com\/estados\/2023\/8\/4\/ataque-armado-en-torneo-de-futbol-en-guerrero-deja-muertos-entre-ellos-un-lider-criminal-441390.html\">Ataque armado en torneo de futbol en Guerrero deja 3 muertos, entre ellos un l\u00edder criminal<\/a><\/strong><\/p>\n\n\n\n<p>Este martes es el segundo d\u00eda consecutivo que&nbsp;el servicio del&nbsp;<strong>transporte p\u00fablico<\/strong>&nbsp;est\u00e1 suspendido en un 80 por ciento, porque el lunes&nbsp;atacaron a balazos y asesinaron a tres choferes de la ruta Los \u00c1ngeles-Mercado, al oriente de la capital.<\/p>\n\n\n\n<h3 class=\"has-cyan-bluish-gray-background-color has-background wp-block-heading\">TE PODR\u00cdA INTERESAR<\/h3>\n\n\n\n<ul class=\"wp-block-list\"><li><a href=\"https:\/\/lasillarota.com\/estados\/2023\/8\/8\/no-para-la-violencia-en-guerrero-atacan-choferes-matan-441733.html\"><em>VIOLENCIA EN GUERRERO<\/em>No para la violencia en Guerrero: atacan a choferes y matan a 3<\/a><\/li><li><a href=\"https:\/\/lasillarota.com\/estados\/2023\/8\/7\/video-hombres-armados-ejecutan-transportistas-incendian-unidades-en-guerrero-441648.html\"><em>INSEGURIDAD<\/em>VIDEO | Hombres armados ejecutan a 3 transportistas e incendian unidades en Guerrero<\/a><\/li><\/ul>\n\n\n\n<p>Ninguna ruta para esa parte de la ciudad se observ\u00f3 que transitara durante el d\u00eda, porque, adem\u00e1s, la ciudad se vaci\u00f3. Los\u00a0ataques a los\u00a0<strong>transportistas<\/strong>\u00a0tambi\u00e9n provoca miedo y sicosis en la poblaci\u00f3n, ya que incluye la quema de unidades. El lunes quemaron la unidad 44 de la ruta Los \u00c1ngeles-Mercado.<\/p>\n\n\n\n<figure class=\"wp-block-image is-style-default\"><img decoding=\"async\" src=\"https:\/\/lasillarota.com\/u\/fotografias\/m\/2023\/8\/8\/f768x1-474837_474964_19.jpg\" alt=\"\"\/><figcaption>Ataques al transporte p\u00fablico en Guerrero (Cuartoscuro)<\/figcaption><\/figure>\n\n\n\n<p>No es la primera vez que ocurren hechos similares, de hecho\u00a0comenzaron desde el 8 de julio pasado cuando mataron, casi de forma simult\u00e1nea a cinco\u00a0<strong>taxistas<\/strong>\u00a0en\u00a0<strong>Chilpancingo<\/strong>\u00a0y Tixtla.<\/p>\n\n\n\n<p>Desde entonces la movilidad en la ciudad y para llegar a ella ha disminuido. Desde hace semanas las rutas for\u00e1neas cancelaron actividades.<\/p>\n\n\n\n<figure class=\"wp-block-image is-style-default\"><img decoding=\"async\" src=\"https:\/\/lasillarota.com\/u\/fotografias\/m\/2023\/8\/8\/f768x1-474838_474965_5050.jpg\" alt=\"\"\/><figcaption>Fuerzas federales cuidan ahora el transporte p\u00fablico en Guerrero (Cuartoscuro)<\/figcaption><\/figure>\n\n\n\n<h2 class=\"wp-block-heading\">Las rutas afectadas<\/h2>\n\n\n\n<p>Una de ellas es la que va hacia Tlacotepec, cabecera de Heliodoro Castillo, la Sierra de la zona Centro. Permanecen cerradas desde que el 10 de julio pasado hombres armados atacaron la base, ubicado en la colonia Morelos de la ciudad, donde hirieron a choferes y usuarios.<\/p>\n\n\n\n<p>Otra es la de la ruta hacia Tierra Colorada, cabecera de Juan R Escudero. Ah\u00ed hace unos d\u00edas en la colonia Ruffo Figueroa de&nbsp;<strong>Chilpancingo<\/strong>&nbsp;fue incendiado un&nbsp;<strong>taxi<\/strong>.<\/p>\n\n\n\n<figure class=\"wp-block-image is-style-default\"><img decoding=\"async\" src=\"https:\/\/lasillarota.com\/u\/fotografias\/m\/2023\/8\/8\/f768x1-474840_474967_5050.jpg\" alt=\"\"\/><figcaption>Fuerzas federales cuidan ahora el transporte p\u00fablico en Guerrero (Cuartoscuro)<\/figcaption><\/figure>\n\n\n\n<p>Tampoco funcionan con regularidad hacia el corredor del Circuito Azul, zona donde tienen presencia miembros del grupo criminal de Los Ardillos.<\/p>\n\n\n\n<p>Las acciones que anteceden y suceden a los ataques del 8 de julio en&nbsp;<strong>Chilpancingo<\/strong>&nbsp;contra los&nbsp;<strong>transportistas<\/strong>&nbsp;fueron atribuidas por el gobierno federal a Los Ardillos.<\/p>\n\n\n\n<h2 class=\"wp-block-heading\">La respuesta del grupo rival<\/h2>\n\n\n\n<p>Ahora, con el ataque a los&nbsp;<strong>transportistas<\/strong>&nbsp;de la ruta Mercado-Los \u00c1ngeles, el grupo criminal rival contest\u00f3.<\/p>\n\n\n\n<p>El lunes por la noche aparecieron un par de lonas en puentes peatonales ubicados al norte de la ciudad, firmadas por el grupo criminal Los Tlacos, donde mencionaron que esperaran a que las autoridades expulsaran a Los Ardillos de&nbsp;<strong>Chilpancingo<\/strong>, de lo contrario ellos \u00abvan a comenzar a actuar\u00bb.<\/p>\n\n\n\n<figure class=\"wp-block-image is-style-default\"><img decoding=\"async\" src=\"https:\/\/lasillarota.com\/u\/fotografias\/m\/2023\/8\/8\/f768x1-474839_474966_5050.jpg\" alt=\"\"\/><figcaption>Fuerzas federales cuidan ahora el transporte p\u00fablico en Guerrero (Cuartoscuro)<\/figcaption><\/figure>\n\n\n\n<p>Adem\u00e1s, \u00abpor cada carro que nos quemen ser\u00e1n 10 de ustedes\u201d, se le\u00eda en las lonas que minutos despu\u00e9s fueron retiradas por agentes policiacos.<\/p>\n\n\n\n<p>Con esto dejaron claro que en el ataque a&nbsp;<strong>transportistas<\/strong>&nbsp;est\u00e1n grupos criminales sin que las autoridades act\u00faen y los que quedan en medio son los trabajadores del volante.<\/p>\n\n\n\n<p>Un chofer del&nbsp;<strong>transporte p\u00fablico<\/strong>&nbsp;cont\u00f3 que sus l\u00edderes tuvieron una reuni\u00f3n con integrantes de la Comisi\u00f3n T\u00e9cnica de Transporte y Vialidad, la Secretar\u00eda General de Gobierno y la Secretar\u00eda de Seguridad P\u00fablica (SSP) para abordar el tema del transporte en&nbsp;<strong>Chilpancingo<\/strong>.<\/p>\n\n\n\n<p>Ah\u00ed decidieron que s\u00f3lo 20 por ciento de unidades laborar\u00edan este martes mientras no les garantizaran la seguridad y la par\u00e1lisis de movilidad en la capital guerrerense a\u00fan no se resuelve.<\/p>\n\n\n\n<p>Fuente: <a href=\"https:\/\/lasillarota.com\/estados\/2023\/8\/8\/chilpancingo-narcoguerra-provoca-terror-paralisis-del-transporte-441916.html\">https:\/\/lasillarota.com\/estados\/2023\/8\/8\/chilpancingo-narcoguerra-provoca-terror-paralisis-del-transporte-441916.html<\/a><\/p>\n","protected":false},"excerpt":{"rendered":"<p>Se acumulan los ataques en contra del transporte p\u00fablico y taxis en Chilpancingo, Guerrero, donde se vive con miedo y [&hellip;]<\/p>\n","protected":false},"author":1,"featured_media":56371,"comment_status":"open","ping_status":"open","sticky":false,"template":"","format":"standard","meta":{"site-sidebar-layout":"default","site-content-layout":"","ast-site-content-layout":"default","site-content-style":"default","site-sidebar-style":"default","ast-global-header-display":"","ast-banner-title-visibility":"","ast-main-header-display":"","ast-hfb-above-header-display":"","ast-hfb-below-header-display":"","ast-hfb-mobile-header-display":"","site-post-title":"","ast-breadcrumbs-content":"","ast-featured-img":"","footer-sml-layout":"","theme-transparent-header-meta":"","adv-header-id-meta":"","stick-header-meta":"","header-above-stick-meta":"","header-main-stick-meta":"","header-below-stick-meta":"","astra-migrate-meta-layouts":"default","ast-page-background-enabled":"default","ast-page-background-meta":{"desktop":{"background-color":"var(--ast-global-color-4)","background-image":"","background-repeat":"repeat","background-position":"center center","background-size":"auto","background-attachment":"scroll","background-type":"","background-media":"","overlay-type":"","overlay-color":"","overlay-opacity":"","overlay-gradient":""},"tablet":{"background-color":"","background-image":"","background-repeat":"repeat","background-position":"center center","background-size":"auto","background-attachment":"scroll","background-type":"","background-media":"","overlay-type":"","overlay-color":"","overlay-opacity":"","overlay-gradient":""},"mobile":{"background-color":"","background-image":"","background-repeat":"repeat","background-position":"center center","background-size":"auto","background-attachment":"scroll","background-type":"","background-media":"","overlay-type":"","overlay-color":"","overlay-opacity":"","overlay-gradient":""}},"ast-content-background-meta":{"desktop":{"background-color":"var(--ast-global-color-5)","background-image":"","background-repeat":"repeat","background-position":"center center","background-size":"auto","background-attachment":"scroll","background-type":"","background-media":"","overlay-type":"","overlay-color":"","overlay-opacity":"","overlay-gradient":""},"tablet":{"background-color":"var(--ast-global-color-5)","background-image":"","background-repeat":"repeat","background-position":"center center","background-size":"auto","background-attachment":"scroll","background-type":"","background-media":"","overlay-type":"","overlay-color":"","overlay-opacity":"","overlay-gradient":""},"mobile":{"background-color":"var(--ast-global-color-5)","background-image":"","background-repeat":"repeat","background-position":"center center","background-size":"auto","background-attachment":"scroll","background-type":"","background-media":"","overlay-type":"","overlay-color":"","overlay-opacity":"","overlay-gradient":""}},"footnotes":""},"categories":[8],"tags":[2589,7217,17782,17932],"class_list":["post-56370","post","type-post","status-publish","format-standard","has-post-thumbnail","hentry","category-noticias","tag-chilpancingo","tag-los-ardillos","tag-los-tlacos","tag-narcoguerra"],"_links":{"self":[{"href":"https:\/\/losperiodistas.com.mx\/portal\/wp-json\/wp\/v2\/posts\/56370","targetHints":{"allow":["GET"]}}],"collection":[{"href":"https:\/\/losperiodistas.com.mx\/portal\/wp-json\/wp\/v2\/posts"}],"about":[{"href":"https:\/\/losperiodistas.com.mx\/portal\/wp-json\/wp\/v2\/types\/post"}],"author":[{"embeddable":true,"href":"https:\/\/losperiodistas.com.mx\/portal\/wp-json\/wp\/v2\/users\/1"}],"replies":[{"embeddable":true,"href":"https:\/\/losperiodistas.com.mx\/portal\/wp-json\/wp\/v2\/comments?post=56370"}],"version-history":[{"count":1,"href":"https:\/\/losperiodistas.com.mx\/portal\/wp-json\/wp\/v2\/posts\/56370\/revisions"}],"predecessor-version":[{"id":56372,"href":"https:\/\/losperiodistas.com.mx\/portal\/wp-json\/wp\/v2\/posts\/56370\/revisions\/56372"}],"wp:featuredmedia":[{"embeddable":true,"href":"https:\/\/losperiodistas.com.mx\/portal\/wp-json\/wp\/v2\/media\/56371"}],"wp:attachment":[{"href":"https:\/\/losperiodistas.com.mx\/portal\/wp-json\/wp\/v2\/media?parent=56370"}],"wp:term":[{"taxonomy":"category","embeddable":true,"href":"https:\/\/losperiodistas.com.mx\/portal\/wp-json\/wp\/v2\/categories?post=56370"},{"taxonomy":"post_tag","embeddable":true,"href":"https:\/\/losperiodistas.com.mx\/portal\/wp-json\/wp\/v2\/tags?post=56370"}],"curies":[{"name":"wp","href":"https:\/\/api.w.org\/{rel}","templated":true}]}}