{"id":56367,"date":"2023-08-09T06:24:12","date_gmt":"2023-08-09T11:24:12","guid":{"rendered":"http:\/\/losperiodistas.com.mx\/portal\/?p=56367"},"modified":"2023-08-09T06:24:14","modified_gmt":"2023-08-09T11:24:14","slug":"dia-internacional-de-las-poblaciones-indigenas-diainternacionalde","status":"publish","type":"post","link":"https:\/\/losperiodistas.com.mx\/portal\/dia-internacional-de-las-poblaciones-indigenas-diainternacionalde\/","title":{"rendered":"D\u00eda Internacional de las Poblaciones Ind\u00edgenas\u00a0| DiaInternacionalDe"},"content":{"rendered":"\n<figure class=\"wp-block-image size-full is-style-default\"><img fetchpriority=\"high\" decoding=\"async\" width=\"900\" height=\"492\" src=\"https:\/\/losperiodistas.com.mx\/portal\/wp-content\/uploads\/2023\/08\/4fa53a_1ee42da3a21147bbb2717891a2a6065emv2.jpg\" alt=\"\" class=\"wp-image-56368\" srcset=\"https:\/\/losperiodistas.com.mx\/portal\/wp-content\/uploads\/2023\/08\/4fa53a_1ee42da3a21147bbb2717891a2a6065emv2.jpg 900w, https:\/\/losperiodistas.com.mx\/portal\/wp-content\/uploads\/2023\/08\/4fa53a_1ee42da3a21147bbb2717891a2a6065emv2-300x164.jpg 300w, https:\/\/losperiodistas.com.mx\/portal\/wp-content\/uploads\/2023\/08\/4fa53a_1ee42da3a21147bbb2717891a2a6065emv2-768x420.jpg 768w\" sizes=\"(max-width: 900px) 100vw, 900px\" \/><\/figure>\n\n\n\n<p><\/p>\n\n\n\n<p><\/p>\n\n\n\n<p class=\"has-vivid-red-color has-text-color has-medium-font-size\"><strong>REDACCI\u00d3N DIA INTERNACIONAL DE<\/strong><\/p>\n\n\n\n<p><strong>El 9 de agosto se celebra el D\u00eda Internacional de los Pueblos Ind\u00edgenas<\/strong>, proclamado por la Asamblea General de las Naciones Unidas (ONU).<\/p>\n\n\n\n<h2 class=\"wp-block-heading\" id=\"resTit_1\">\u00bfPor qu\u00e9 se eligi\u00f3 esta fecha para honrar a los pueblos ind\u00edgenas?<\/h2>\n\n\n\n<p>En esa fecha se conmemora la primera reuni\u00f3n que celebr\u00f3 el Grupo de Trabajo sobre las m\u00faltiples Poblaciones de pueblos originarios de la Subcomisi\u00f3n de Prevenci\u00f3n de Discriminaciones y Protecci\u00f3n a las Minor\u00edas, en 1982.<\/p>\n\n\n\n<figure class=\"wp-block-embed is-type-video is-provider-youtube wp-block-embed-youtube wp-embed-aspect-16-9 wp-has-aspect-ratio\"><div class=\"wp-block-embed__wrapper\">\n<iframe title=\"Indigenous Peoples: Agents of Change\" width=\"500\" height=\"281\" src=\"https:\/\/www.youtube.com\/embed\/emFSfc-wZq4?feature=oembed\" frameborder=\"0\" allow=\"accelerometer; autoplay; clipboard-write; encrypted-media; gyroscope; picture-in-picture; web-share\" referrerpolicy=\"strict-origin-when-cross-origin\" allowfullscreen><\/iframe>\n<\/div><\/figure>\n\n\n\n<p><\/p>\n\n\n\n<p>Son tan importantes porque practican culturas y formas \u00fanicas y valiosas de relacionarse con su entorno, y retienen rasgos sociales, culturales y pol\u00edticos que son muy diferentes a la sociedad globalizada.<\/p>\n\n\n\n<p>A lo largo de la historia, sus derechos han sido siempre violados. En la actualidad, se encuentran sin duda entre las poblaciones m\u00e1s vulnerables y perjudicadas del mundo. La comunidad internacional reconoce ahora que se necesitan medidas especiales para proteger sus derechos y mantener sus culturas y formas de vida.<\/p>\n\n\n\n<h2 class=\"wp-block-heading\" id=\"resTit_3\">Tema de 2023: Juventud Ind\u00edgena, agente de cambio hacia la autodeterminaci\u00f3n<\/h2>\n\n\n\n<p>El tema para el D\u00eda Mundial de las Poblaciones Ind\u00edgenas en 2023 es:&nbsp;<em><strong>\u00abJuventud Ind\u00edgena, agente de cambio hacia la autodeterminaci\u00f3n\u00bb<\/strong><\/em>. Un lema que nos invita a reflexionar sobre el papel crucial que los j\u00f3venes ind\u00edgenas desempe\u00f1an en la construcci\u00f3n de un mundo m\u00e1s justo y sostenible.<\/p>\n\n\n\n<p>Se reconoce la valiosa contribuci\u00f3n de los j\u00f3venes en la toma de decisiones, su dedicaci\u00f3n en la acci\u00f3n clim\u00e1tica y la b\u00fasqueda de justicia para sus comunidades. Adem\u00e1s, es importante su papel en mantener viva la cultura, tradiciones y contribuciones de sus ancestros.<\/p>\n\n\n\n<p><strong>Tendr\u00e1 lugar una conmemoraci\u00f3n virtual el 9 de agosto 2023<\/strong>, a las 09-10:30 am EST\/hora de Nueva York.<a href=\"https:\/\/social.desa.un.org\/issues\/indigenous-peoples\/events\/dia-internacional-de-los-pueblos-indigenas-2023?_gl=1*17t4e0d*_ga*MTUzNTAyMzI3MC4xNjU0MDkwMDE3*_ga_TK9BQL5X7Z*MTY5MDQwNDg0OS4yMS4xLjE2OTA0MDUzNDUuMC4wLjA.\" target=\"_blank\" rel=\"noreferrer noopener\"><strong>&nbsp;Puedes registrarte en este evento<\/strong><\/a>&nbsp;en el que los ponentes compartir\u00e1n sus conocimientos y experiencia sobre el papel de los j\u00f3venes dentro de sus comunidades ind\u00edgenas. Estar\u00e1 traducido al espa\u00f1ol.<\/p>\n\n\n\n<h2 class=\"wp-block-heading\" id=\"resTit_4\">Tema de 2022: El papel de las mujeres ind\u00edgenas en la preservaci\u00f3n y transmisi\u00f3n del conocimiento tradicional<\/h2>\n\n\n\n<figure class=\"wp-block-image is-style-default\"><img decoding=\"async\" src=\"https:\/\/www.diainternacionalde.com\/imagenes\/dias\/agosto\/08-09_dia-internacional-indigenas_m.jpg\" alt=\"Mujeres ind\u00edgenas\" title=\"Mujeres ind\u00edgenas\"\/><figcaption>Mujeres ind\u00edgenas<\/figcaption><\/figure>\n\n\n\n<p>Las mujeres juegan un importante papel en la transmisi\u00f3n del conocimiento de los pueblos ind\u00edgenas y las pr\u00e1cticas tradicionales. Con su rol colectivo sobre todos los aspectos de la vida de la comunidad, ellas cuidan los recursos naturales, defienden las tierras y reivindican los derechos de las comunidades ind\u00edgenas en todo en mundo.Han logrado avances peque\u00f1os pero muy importantes en algunas comunidades y son l\u00edderes a nivel local y nacional, defienden su cultura y sus derechos.<\/p>\n\n\n\n<p>A\u00fan as\u00ed hay que actuar para defenderlas porque a pesar del papel de cuidadoras, guardianas del conocimiento y l\u00edderes, las mujeres ind\u00edgenas sufren discriminaci\u00f3n por su situaci\u00f3n socioecon\u00f3mica, por g\u00e9nero o \u00e9tnia. La realidad es que est\u00e1n muy poco representadas.<\/p>\n\n\n\n<h2 class=\"wp-block-heading\" id=\"resTit_5\">Decenio de las Lenguas Ind\u00edgenas 2022 &#8211; 2032<\/h2>\n\n\n\n<p>En 2022 comenz\u00f3 el&nbsp;<strong>Decenio de las Lenguas Ind\u00edgenas 2022-2032<\/strong>, ya que se encuentran en peligro de desaparecer. Muchas de ellas no se ense\u00f1an en las escuelas.<\/p>\n\n\n\n<h2 class=\"wp-block-heading\" id=\"resTit_6\">Temas de a\u00f1os anteriores<\/h2>\n\n\n\n<ul class=\"wp-block-list\"><li><strong>2021:\u00a0<\/strong>No dejar a nadie atr\u00e1s: los pueblos ind\u00edgenas y un nuevo contrato social.<\/li><li><strong>2020:\u00a0<\/strong>Covid-19 y la resiliencia de los pueblos ind\u00edgenas.<\/li><li><strong>2019:<\/strong>\u00a0Las lenguas ind\u00edgenas.<\/li><li><strong>2018<\/strong>: Migraci\u00f3n y desplazamientos de los Pueblos Ind\u00edgenas.<\/li><li><strong>2017<\/strong>: 10\u00ba Aniversario de la Declaraci\u00f3n de la ONU sobre los Derechos de los Pueblos Ind\u00edgenas.<\/li><li><strong>2016<\/strong>: Derecho de los pueblos ind\u00edgenas a la educaci\u00f3n.<\/li><li><strong>2015<\/strong>: Agenda despu\u00e9s de 2015: Garantizar la salud y el bienestar de los pueblos ind\u00edgenas.<\/li><li><strong>2014<\/strong>: Acortando las diferencias: aplicaci\u00f3n de los derechos de los pueblos ind\u00edgenas.<\/li><li><strong>2013<\/strong>: Pueblos ind\u00edgenas construyendo alianzas: En honor a los tratados, acuerdos, y otros arreglos constructivos.<\/li><li><strong>2012<\/strong>: Medios de comunicaci\u00f3n ind\u00edgenas: empoderando las Voces Ind\u00edgenas.<\/li><li><strong>2011<\/strong>: Dise\u00f1os ind\u00edgenas: celebrando nuestras historias y culturas, creando nuestro propio futuro.<\/li><li><strong>2010<\/strong>: Celebrar la producci\u00f3n de cine ind\u00edgena.<\/li><li><strong>2009<\/strong>: Los Pueblos Ind\u00edgenas y VIH\/SIDA.<\/li><li><strong>2008<\/strong>: La reconciliaci\u00f3n entre Pueblos Ind\u00edgenas y Estados.<\/li><li><strong>2007<\/strong>: La urgente necesidad de preservar las lenguas ind\u00edgenas.<\/li><li><strong>2006<\/strong>: Alianza para la acci\u00f3n y la dignidad.<\/li><li><strong>2005<\/strong>: La causa de los pueblos ind\u00edgenas es nuestra causa.<\/li><li><strong>2004<\/strong>: Decenio Internacional de los Pueblos Ind\u00edgenas del Mundo.<\/li><\/ul>\n\n\n\n<p>Fuente: <a href=\"https:\/\/www.diainternacionalde.com\/ficha\/dia-internacional-poblaciones-indigenas\">https:\/\/www.diainternacionalde.com\/ficha\/dia-internacional-poblaciones-indigenas<\/a><\/p>\n","protected":false},"excerpt":{"rendered":"<p>REDACCI\u00d3N DIA INTERNACIONAL DE El 9 de agosto se celebra el D\u00eda Internacional de los Pueblos Ind\u00edgenas, proclamado por la [&hellip;]<\/p>\n","protected":false},"author":1,"featured_media":56368,"comment_status":"open","ping_status":"open","sticky":false,"template":"","format":"standard","meta":{"site-sidebar-layout":"default","site-content-layout":"","ast-site-content-layout":"default","site-content-style":"default","site-sidebar-style":"default","ast-global-header-display":"","ast-banner-title-visibility":"","ast-main-header-display":"","ast-hfb-above-header-display":"","ast-hfb-below-header-display":"","ast-hfb-mobile-header-display":"","site-post-title":"","ast-breadcrumbs-content":"","ast-featured-img":"","footer-sml-layout":"","theme-transparent-header-meta":"","adv-header-id-meta":"","stick-header-meta":"","header-above-stick-meta":"","header-main-stick-meta":"","header-below-stick-meta":"","astra-migrate-meta-layouts":"default","ast-page-background-enabled":"default","ast-page-background-meta":{"desktop":{"background-color":"var(--ast-global-color-4)","background-image":"","background-repeat":"repeat","background-position":"center center","background-size":"auto","background-attachment":"scroll","background-type":"","background-media":"","overlay-type":"","overlay-color":"","overlay-opacity":"","overlay-gradient":""},"tablet":{"background-color":"","background-image":"","background-repeat":"repeat","background-position":"center center","background-size":"auto","background-attachment":"scroll","background-type":"","background-media":"","overlay-type":"","overlay-color":"","overlay-opacity":"","overlay-gradient":""},"mobile":{"background-color":"","background-image":"","background-repeat":"repeat","background-position":"center center","background-size":"auto","background-attachment":"scroll","background-type":"","background-media":"","overlay-type":"","overlay-color":"","overlay-opacity":"","overlay-gradient":""}},"ast-content-background-meta":{"desktop":{"background-color":"var(--ast-global-color-5)","background-image":"","background-repeat":"repeat","background-position":"center center","background-size":"auto","background-attachment":"scroll","background-type":"","background-media":"","overlay-type":"","overlay-color":"","overlay-opacity":"","overlay-gradient":""},"tablet":{"background-color":"var(--ast-global-color-5)","background-image":"","background-repeat":"repeat","background-position":"center center","background-size":"auto","background-attachment":"scroll","background-type":"","background-media":"","overlay-type":"","overlay-color":"","overlay-opacity":"","overlay-gradient":""},"mobile":{"background-color":"var(--ast-global-color-5)","background-image":"","background-repeat":"repeat","background-position":"center center","background-size":"auto","background-attachment":"scroll","background-type":"","background-media":"","overlay-type":"","overlay-color":"","overlay-opacity":"","overlay-gradient":""}},"footnotes":""},"categories":[8],"tags":[17930,17931,17928,17927,17929,177],"class_list":["post-56367","post","type-post","status-publish","format-standard","has-post-thumbnail","hentry","category-noticias","tag-diapueblosindigenas","tag-lenguasindigenas","tag-pueblosindigenas","tag-somosindigenas","tag-soyindigena","tag-onu"],"_links":{"self":[{"href":"https:\/\/losperiodistas.com.mx\/portal\/wp-json\/wp\/v2\/posts\/56367","targetHints":{"allow":["GET"]}}],"collection":[{"href":"https:\/\/losperiodistas.com.mx\/portal\/wp-json\/wp\/v2\/posts"}],"about":[{"href":"https:\/\/losperiodistas.com.mx\/portal\/wp-json\/wp\/v2\/types\/post"}],"author":[{"embeddable":true,"href":"https:\/\/losperiodistas.com.mx\/portal\/wp-json\/wp\/v2\/users\/1"}],"replies":[{"embeddable":true,"href":"https:\/\/losperiodistas.com.mx\/portal\/wp-json\/wp\/v2\/comments?post=56367"}],"version-history":[{"count":1,"href":"https:\/\/losperiodistas.com.mx\/portal\/wp-json\/wp\/v2\/posts\/56367\/revisions"}],"predecessor-version":[{"id":56369,"href":"https:\/\/losperiodistas.com.mx\/portal\/wp-json\/wp\/v2\/posts\/56367\/revisions\/56369"}],"wp:featuredmedia":[{"embeddable":true,"href":"https:\/\/losperiodistas.com.mx\/portal\/wp-json\/wp\/v2\/media\/56368"}],"wp:attachment":[{"href":"https:\/\/losperiodistas.com.mx\/portal\/wp-json\/wp\/v2\/media?parent=56367"}],"wp:term":[{"taxonomy":"category","embeddable":true,"href":"https:\/\/losperiodistas.com.mx\/portal\/wp-json\/wp\/v2\/categories?post=56367"},{"taxonomy":"post_tag","embeddable":true,"href":"https:\/\/losperiodistas.com.mx\/portal\/wp-json\/wp\/v2\/tags?post=56367"}],"curies":[{"name":"wp","href":"https:\/\/api.w.org\/{rel}","templated":true}]}}