{"id":56358,"date":"2023-08-09T06:02:01","date_gmt":"2023-08-09T11:02:01","guid":{"rendered":"http:\/\/losperiodistas.com.mx\/portal\/?p=56358"},"modified":"2023-08-09T06:02:03","modified_gmt":"2023-08-09T11:02:03","slug":"tres-medios-de-comunicacion-concentraron-mas-del-28-del-presupuesto-a-publicidad-oficial-en-2022-animal-politico","status":"publish","type":"post","link":"https:\/\/losperiodistas.com.mx\/portal\/tres-medios-de-comunicacion-concentraron-mas-del-28-del-presupuesto-a-publicidad-oficial-en-2022-animal-politico\/","title":{"rendered":"Tres medios de comunicaci\u00f3n concentraron m\u00e1s del 28% del presupuesto a publicidad oficial en 2022 | Animal Pol\u00edtico"},"content":{"rendered":"\n<p class=\"has-background has-medium-font-size\" style=\"background-color:#76f9de\">La organizaci\u00f3n Art\u00edculo 19 public\u00f3 que en 2022, el gobierno de AMLO gast\u00f3 menos en publicidad oficial y que 680 millones de pesos se concentraron en tres medios<\/p>\n\n\n\n<div class=\"wp-block-image is-style-default\"><figure class=\"aligncenter size-full\"><img fetchpriority=\"high\" decoding=\"async\" width=\"600\" height=\"400\" src=\"https:\/\/losperiodistas.com.mx\/portal\/wp-content\/uploads\/2023\/08\/medios-comunicacion-presupuesto-publicidad-oficial-2022-AMLO-600x400-1.jpg\" alt=\"\" class=\"wp-image-56359\" srcset=\"https:\/\/losperiodistas.com.mx\/portal\/wp-content\/uploads\/2023\/08\/medios-comunicacion-presupuesto-publicidad-oficial-2022-AMLO-600x400-1.jpg 600w, https:\/\/losperiodistas.com.mx\/portal\/wp-content\/uploads\/2023\/08\/medios-comunicacion-presupuesto-publicidad-oficial-2022-AMLO-600x400-1-300x200.jpg 300w\" sizes=\"(max-width: 600px) 100vw, 600px\" \/><figcaption>Los medios que recibieron m\u00e1s dinero por publicidad oficial en 2022 fueron: Televisa, TV Azteca y La Jornada, sumando conjuntamente 683 millones de pesos, lo que representa el 28.10% del presupuesto ejercido | Fotos: Cuartoscuro<\/figcaption><\/figure><\/div>\n\n\n\n<p class=\"has-vivid-red-color has-text-color has-medium-font-size\"><strong>REDACCI\u00d3N ANIMAL POL\u00cdTICO<\/strong><\/p>\n\n\n\n<p>Tres medios de comunicaci\u00f3n,<strong><a href=\"https:\/\/www.animalpolitico.com\/2021\/08\/disparidad-publicidad-oficial-televisa-azteca-jornada\" target=\"_blank\" rel=\"noreferrer noopener\">Televisa, TV Azteca y La Jornada<\/a>, concentraron m\u00e1s del 28% del&nbsp;<a href=\"https:\/\/www.animalpolitico.com\/2022\/08\/gobierno-amlo-gasta-menos-publicidad-oficial-malas-practicas\" target=\"_blank\" rel=\"noreferrer noopener\">presupuesto de la publicidad oficial<\/a>&nbsp;en 2022<\/strong>, destinado por el gobierno del presidente Andr\u00e9s Manuel L\u00f3pez Obrador (AMLO), de acuerdo con la organizaci\u00f3n&nbsp;<strong>Art\u00edculo 19<\/strong>.&nbsp;<\/p>\n\n\n\n<p>El informe \u201cLa publicidad oficial en 2022: menos gasto, misma opacidad\u201d de Art\u00edculo 19 se\u00f1ala que durante 2022, el&nbsp;<strong>Gobierno Federal gast\u00f3 menos recursos en publicidad oficial<\/strong>&nbsp;que en a\u00f1os anteriores pues de los 3,182 millones de pesos destinados, s\u00f3lo ejerci\u00f3 76.44% (2,432 millones).&nbsp;<\/p>\n\n\n\n<p>De esta cifra,\u00a0<strong>las televisoras y el peri\u00f3dico concentraron m\u00e1s del 28%<\/strong>\u00a0del total, con m\u00e1s de 680 millones de pesos.<\/p>\n\n\n\n<p>Por estos elementos, la organizaci\u00f3n explic\u00f3 que el gobierno mantiene tres tendencias:<\/p>\n\n\n\n<ul class=\"wp-block-list\"><li>Subejercicio del gasto y reducci\u00f3n del presupuesto<\/li><li>Concentraci\u00f3n del gasto en unos cuantos medios<\/li><li>Falta de criterios en la asignaci\u00f3n de los recursos<\/li><\/ul>\n\n\n\n<h2 class=\"wp-block-heading\"><strong>Televisa, TV Azteca y La Jornada, quienes recibieron m\u00e1s recursos por publicidad oficial&nbsp;<\/strong><\/h2>\n\n\n\n<p>En 2022, la&nbsp;<strong>publicidad oficial<\/strong>&nbsp;se concentr\u00f3 en tres medios de comunicaci\u00f3n que, seg\u00fan&nbsp;<a href=\"https:\/\/www.animalpolitico.com\/analisis\/organizaciones\/altoparlante\/continuan-malas-practicas-en-publicidad-oficial\" target=\"_blank\" rel=\"noreferrer noopener\"><strong>Art\u00edculo 19<\/strong><\/a>, afecta directamente a la pluralidad de la informaci\u00f3n y la libertad de expresi\u00f3n.&nbsp;<\/p>\n\n\n\n<p>Y es que en ese a\u00f1o se registr\u00f3 que un total de 450 medios recibieron recursos de publicidad oficial pero la distribuci\u00f3n result\u00f3 desigual, ya que<strong>&nbsp;10 de ellos acapararon el 52.88% del presupuesto<\/strong>, representando mil 283 millones de pesos, mientras que el resto, 440 medios, obtuvo el 47.12% que equivale a 1,145 millones de pesos.&nbsp;<\/p>\n\n\n\n<p>\u201cLa marcada diferencia en la asignaci\u00f3n de recursos deja entrever la concentraci\u00f3n medi\u00e1tica y limita la diversidad de voces y puntos de vista que se promueven en el panorama informativo del pa\u00eds\u201d.&nbsp;<\/p>\n\n\n\n<figure class=\"wp-block-image is-style-default\" id=\"attachment_1312182\"><a href=\"https:\/\/www.seedtag.com\/?utm_source=seedtag_publisher&amp;utm_medium=seedtag_tag&amp;utm_campaign=tag\" target=\"_blank\" rel=\"noreferrer noopener\"><img decoding=\"async\" src=\"https:\/\/ap-cdn.sfo3.cdn.digitaloceanspaces.com\/uploads\/2023\/08\/informe-publicidad-oficial-2022-amlo-600x400.jpg\" alt=\"Medios que concentran presupuesto de publicidad oficial.\" class=\"wp-image-1312182\"\/><\/a><figcaption>Medios que concentran presupuesto de publicidad oficial.<\/figcaption><\/figure>\n\n\n\n<p>Entre los otros siete medios que recibieron m\u00e1s publicidad oficial se encuentra la Organizaci\u00f3n Editorial Acuario, de Tabasco y propiedad de Grupo Cant\u00f3n, que recibi\u00f3 un monto de 56 millones de pesos.&nbsp;<\/p>\n\n\n\n<p>O la Compa\u00f1\u00eda Editora del Mayab (peri\u00f3dico Por Esto), que recibi\u00f3 53.75 millones de pesos y que es propiedad de Mario Renato Men\u00e9ndez Rodr\u00edguez.&nbsp;<\/p>\n\n\n\n<p><strong>Art\u00edculo 19<\/strong>&nbsp;destac\u00f3 que la concentraci\u00f3n en un reducido n\u00famero de<strong>&nbsp;medios de comunicaci\u00f3n<\/strong>&nbsp;afecta negativamente la pluralidad medi\u00e1tica y la libertad de expresi\u00f3n, adem\u00e1s de que puede llevar a un menor acceso a informaci\u00f3n, y con ello afectar el derecho de la sociedad a estar informada y tomar decisiones fundamentadas.&nbsp;<\/p>\n\n\n\n<p>\u201cPor ello, es necesario impulsar una distribuci\u00f3n m\u00e1s equitativa y transparente de los recursos p\u00fablicos destinados a la comunicaci\u00f3n social, con el fin de fomentar la diversidad informativa y garantizar el acceso a una informaci\u00f3n plural y objetiva para toda la ciudadan\u00eda\u201d, se\u00f1alaron.&nbsp;<\/p>\n\n\n\n<h2 class=\"wp-block-heading\"><strong>Gobierno de AMLO sigue reduciendo gasto en publicidad oficial<\/strong><\/h2>\n\n\n\n<p>Art\u00edculo 19 resalt\u00f3 el&nbsp;<strong>subejercicio en el&nbsp;<a href=\"https:\/\/www.animalpolitico.com\/2022\/04\/25-publicidad-oficial-seguridad-social-periodistas-amlo\" target=\"_blank\" rel=\"noreferrer noopener\">gasto de publicidad oficial<\/a><\/strong>&nbsp;pues para 2022, el gobierno ten\u00eda un presupuesto aprobado de 3,182 millones de pesos pero al finalizar el a\u00f1o s\u00f3lo se ejercieron 2,432.&nbsp;<\/p>\n\n\n\n<p>Al mismo tiempo, el gobierno est\u00e1 asignando cada vez menos recursos para la publicidad oficial, esto comparando que en 2019 se asign\u00f3 un monto de 5,932 millones de pesos, en comparaci\u00f3n con 2022 donde destinaron 3,181 millones, una diferencia de 2,751 millones.&nbsp;<\/p>\n\n\n\n<p>\u201cEl subejercicio en el presupuesto de publicidad oficial, y en general en el gasto p\u00fablico, puede tener impactos negativos, pues se limita la capacidad de los medios de comunicaci\u00f3n para acceder a dinero que les permita mantener su operaci\u00f3n y brindar informaci\u00f3n relevante y diversa a la sociedad\u201d, se\u00f1alaron.<\/p>\n\n\n\n<p>La organizaci\u00f3n record\u00f3 que la&nbsp;<strong>publicidad oficial es una fuente importante de ingresos para muchos medios<\/strong>, especialmente para aquellos independientes o de menor tama\u00f1o y la falta de acceso a estos recursos puede poner en riesgo su viabilidad econ\u00f3mica y su capacidad para realizar una cobertura period\u00edstica completa.&nbsp;<\/p>\n\n\n\n<p>Los subejercicios en el presupuesto tambi\u00e9n impactan en la falta de transparencia y rendici\u00f3n de cuentas, debilita la confianza en las instituciones y puede dar lugar a posibles malversaciones o malas pr\u00e1cticas en el manejo.&nbsp;<\/p>\n\n\n\n<h2 class=\"wp-block-heading\"><strong>Dependencias que m\u00e1s gastan en publicidad oficial&nbsp;<\/strong><\/h2>\n\n\n\n<p>El informe tambi\u00e9n destaca que de 109 dependencias del Gobierno Federal que ejercieron recursos en el 2022 sobre publicidad oficial,&nbsp;<strong>10 de ellas concentraron el 81.67% del presupuesto<\/strong>, equivalente a mil 985 millones de pesos.&nbsp;<\/p>\n\n\n\n<p>Mientras que las 99 restantes utilizaron el 18.33% restante: \u201cesta notable disparidad en la distribuci\u00f3n de recursos refleja que la concentraci\u00f3n de la inversi\u00f3n publicitaria en un reducido grupo es una tendencia sistem\u00e1tica\u201d.&nbsp;<\/p>\n\n\n\n<p>Las&nbsp;<strong>dependencias que m\u00e1s gastaron<\/strong>&nbsp;fueron: el Instituto Mexicano del Seguro Social (<strong>IMSS<\/strong>), la Loter\u00eda Nacional para la Asistencia P\u00fablica (<strong>Lotenal<\/strong>) y el Secretariado Ejecutivo del Sistema Nacional de Seguridad P\u00fablica (<strong>SESNSP<\/strong>).<\/p>\n\n\n\n<p>Acerca de c\u00f3mo se est\u00e1 ejerciendo el presupuesto, el \u201c<strong>gasto decembrino<\/strong>\u201d ha sido una constante durante el gobierno de L\u00f3pez Obrador, pues la mayor proporci\u00f3n de los recursos se ejecutan en diciembre:&nbsp;<\/p>\n\n\n\n<ul class=\"wp-block-list\"><li>en 2019, el 83.82% del presupuesto total se gast\u00f3 en diciembre<\/li><li>en 2020, fue el 69.06% del presupuesto<\/li><li>en 2021, el 77.06% de los recursos se gastaron tambi\u00e9n en diciembre.<\/li><li>y en diciembre de 2022, la tendencia persisti\u00f3 con un leve descenso: el 67.46%<\/li><\/ul>\n\n\n\n<p>\u201cEjercer el gasto en el \u00faltimo mes del a\u00f1o plantea interrogantes sobre la planificaci\u00f3n y la transparencia en el uso de los recursos p\u00fablicos asignados a publicidad oficial, as\u00ed como en la rendici\u00f3n de cuentas, por lo que es necesario dar seguimiento para asegurar que sean utilizados de manera \u00f3ptima y distribuidos de forma adecuada\u201d.&nbsp;<\/p>\n\n\n\n<figure class=\"wp-block-image is-style-default\" id=\"attachment_1312184\"><img decoding=\"async\" src=\"https:\/\/ap-cdn.sfo3.cdn.digitaloceanspaces.com\/uploads\/2023\/08\/Dependencias-montos-de-publicidad-oficial-600x400.jpg\" alt=\"Dependencias que m\u00e1s gastaron en publicidad oficial en 2022.\" class=\"wp-image-1312184\"\/><figcaption>Dependencias que m\u00e1s gastaron en publicidad oficial en 2022.<\/figcaption><\/figure>\n\n\n\n<p><strong>Art\u00edculo 19<\/strong>&nbsp;recomend\u00f3 a las autoridades&nbsp;<strong>apegarse a los est\u00e1ndares de libertad de expresi\u00f3n y derecho a la informaci\u00f3n<\/strong>, as\u00ed como conducirse con transparencia y equidad.<\/p>\n\n\n\n<p>Asimismo, por la proximidad de las elecciones 2024, es necesario que no haya opacidad, arbitrariedad y desigualdad en el manejo y distribuci\u00f3n del presupuesto de publicidad oficial.<\/p>\n\n\n\n<p>Fuente: <a href=\"https:\/\/www.animalpolitico.com\/politica\/medios-comunicacion-presupuesto-publicidad-oficial-2022-articulo-19\">https:\/\/www.animalpolitico.com\/politica\/medios-comunicacion-presupuesto-publicidad-oficial-2022-articulo-19<\/a><\/p>\n","protected":false},"excerpt":{"rendered":"<p>La organizaci\u00f3n Art\u00edculo 19 public\u00f3 que en 2022, el gobierno de AMLO gast\u00f3 menos en publicidad oficial y que 680 [&hellip;]<\/p>\n","protected":false},"author":1,"featured_media":56359,"comment_status":"open","ping_status":"open","sticky":false,"template":"","format":"standard","meta":{"site-sidebar-layout":"default","site-content-layout":"","ast-site-content-layout":"default","site-content-style":"default","site-sidebar-style":"default","ast-global-header-display":"","ast-banner-title-visibility":"","ast-main-header-display":"","ast-hfb-above-header-display":"","ast-hfb-below-header-display":"","ast-hfb-mobile-header-display":"","site-post-title":"","ast-breadcrumbs-content":"","ast-featured-img":"","footer-sml-layout":"","theme-transparent-header-meta":"","adv-header-id-meta":"","stick-header-meta":"","header-above-stick-meta":"","header-main-stick-meta":"","header-below-stick-meta":"","astra-migrate-meta-layouts":"default","ast-page-background-enabled":"default","ast-page-background-meta":{"desktop":{"background-color":"var(--ast-global-color-4)","background-image":"","background-repeat":"repeat","background-position":"center center","background-size":"auto","background-attachment":"scroll","background-type":"","background-media":"","overlay-type":"","overlay-color":"","overlay-opacity":"","overlay-gradient":""},"tablet":{"background-color":"","background-image":"","background-repeat":"repeat","background-position":"center center","background-size":"auto","background-attachment":"scroll","background-type":"","background-media":"","overlay-type":"","overlay-color":"","overlay-opacity":"","overlay-gradient":""},"mobile":{"background-color":"","background-image":"","background-repeat":"repeat","background-position":"center center","background-size":"auto","background-attachment":"scroll","background-type":"","background-media":"","overlay-type":"","overlay-color":"","overlay-opacity":"","overlay-gradient":""}},"ast-content-background-meta":{"desktop":{"background-color":"var(--ast-global-color-5)","background-image":"","background-repeat":"repeat","background-position":"center center","background-size":"auto","background-attachment":"scroll","background-type":"","background-media":"","overlay-type":"","overlay-color":"","overlay-opacity":"","overlay-gradient":""},"tablet":{"background-color":"var(--ast-global-color-5)","background-image":"","background-repeat":"repeat","background-position":"center center","background-size":"auto","background-attachment":"scroll","background-type":"","background-media":"","overlay-type":"","overlay-color":"","overlay-opacity":"","overlay-gradient":""},"mobile":{"background-color":"var(--ast-global-color-5)","background-image":"","background-repeat":"repeat","background-position":"center center","background-size":"auto","background-attachment":"scroll","background-type":"","background-media":"","overlay-type":"","overlay-color":"","overlay-opacity":"","overlay-gradient":""}},"footnotes":""},"categories":[8],"tags":[17916,1384,17917,17918,17919,12268],"class_list":["post-56358","post","type-post","status-publish","format-standard","has-post-thumbnail","hentry","category-noticias","tag-4t-propaganda","tag-articulo-19","tag-comunicacion-amlo","tag-la-jornada","tag-mwedios-privilegiados-por-morena","tag-tv-azteca"],"_links":{"self":[{"href":"https:\/\/losperiodistas.com.mx\/portal\/wp-json\/wp\/v2\/posts\/56358","targetHints":{"allow":["GET"]}}],"collection":[{"href":"https:\/\/losperiodistas.com.mx\/portal\/wp-json\/wp\/v2\/posts"}],"about":[{"href":"https:\/\/losperiodistas.com.mx\/portal\/wp-json\/wp\/v2\/types\/post"}],"author":[{"embeddable":true,"href":"https:\/\/losperiodistas.com.mx\/portal\/wp-json\/wp\/v2\/users\/1"}],"replies":[{"embeddable":true,"href":"https:\/\/losperiodistas.com.mx\/portal\/wp-json\/wp\/v2\/comments?post=56358"}],"version-history":[{"count":1,"href":"https:\/\/losperiodistas.com.mx\/portal\/wp-json\/wp\/v2\/posts\/56358\/revisions"}],"predecessor-version":[{"id":56360,"href":"https:\/\/losperiodistas.com.mx\/portal\/wp-json\/wp\/v2\/posts\/56358\/revisions\/56360"}],"wp:featuredmedia":[{"embeddable":true,"href":"https:\/\/losperiodistas.com.mx\/portal\/wp-json\/wp\/v2\/media\/56359"}],"wp:attachment":[{"href":"https:\/\/losperiodistas.com.mx\/portal\/wp-json\/wp\/v2\/media?parent=56358"}],"wp:term":[{"taxonomy":"category","embeddable":true,"href":"https:\/\/losperiodistas.com.mx\/portal\/wp-json\/wp\/v2\/categories?post=56358"},{"taxonomy":"post_tag","embeddable":true,"href":"https:\/\/losperiodistas.com.mx\/portal\/wp-json\/wp\/v2\/tags?post=56358"}],"curies":[{"name":"wp","href":"https:\/\/api.w.org\/{rel}","templated":true}]}}