{"id":56355,"date":"2023-08-09T05:45:03","date_gmt":"2023-08-09T10:45:03","guid":{"rendered":"http:\/\/losperiodistas.com.mx\/portal\/?p=56355"},"modified":"2023-08-09T05:45:06","modified_gmt":"2023-08-09T10:45:06","slug":"unicef-en-haiti-casi-3-millones-de-ninos-necesitan-ayuda-humanitaria-vatican-news","status":"publish","type":"post","link":"https:\/\/losperiodistas.com.mx\/portal\/unicef-en-haiti-casi-3-millones-de-ninos-necesitan-ayuda-humanitaria-vatican-news\/","title":{"rendered":"UNICEF en Hait\u00ed: \u201cCasi 3 millones de ni\u00f1os necesitan ayuda humanitaria\u00bb | Vatican News"},"content":{"rendered":"\n<p class=\"has-luminous-vivid-amber-background-color has-background has-medium-font-size\">En su \u00faltimo informe respecto la situaci\u00f3n de los ni\u00f1os y ni\u00f1as en Hait\u00ed, UNICEF presenta cifras desoladoras \u00abcasi la mitad de la poblaci\u00f3nd haitiana necesita ayuda humanitaria\u00bb. Reafirma su compromiso de ayuda y apoyo a las familias y ciudadanos del pa\u00eds.<\/p>\n\n\n\n<div class=\"wp-block-image is-style-default\"><figure class=\"aligncenter size-large\"><img fetchpriority=\"high\" decoding=\"async\" width=\"1024\" height=\"576\" src=\"https:\/\/losperiodistas.com.mx\/portal\/wp-content\/uploads\/2023\/08\/cq5dam.thumbnail.cropped.1500.844-1-1024x576.jpeg\" alt=\"\" class=\"wp-image-56356\" srcset=\"https:\/\/losperiodistas.com.mx\/portal\/wp-content\/uploads\/2023\/08\/cq5dam.thumbnail.cropped.1500.844-1-1024x576.jpeg 1024w, https:\/\/losperiodistas.com.mx\/portal\/wp-content\/uploads\/2023\/08\/cq5dam.thumbnail.cropped.1500.844-1-300x169.jpeg 300w, https:\/\/losperiodistas.com.mx\/portal\/wp-content\/uploads\/2023\/08\/cq5dam.thumbnail.cropped.1500.844-1-768x432.jpeg 768w, https:\/\/losperiodistas.com.mx\/portal\/wp-content\/uploads\/2023\/08\/cq5dam.thumbnail.cropped.1500.844-1.jpeg 1500w\" sizes=\"(max-width: 1024px) 100vw, 1024px\" \/><figcaption>La escasez de alimentos ilustrada por la desnutrici\u00f3n en el Hospital Fontaine de Puerto Pr\u00edncipe, Hait\u00ed\u00a0<\/figcaption><\/figure><\/div>\n\n\n\n<p class=\"has-vivid-red-color has-text-color has-medium-font-size\"><strong>MAR\u00cdA CAMPRODR\u00d3N \/ VATICAN NEWS<\/strong><\/p>\n\n\n\n<p>Son 5,2 millones de personas, del total de 11,5 millones de habitantes, que necesitan ayuda humanitaria en Hait\u00ed. En otras palabras, casi la mitad de la poblaci\u00f3n haitiana vive bajo la pobreza, la hambruna y la violencia.&nbsp;<\/p>\n\n\n\n<h2 class=\"wp-block-heading\">Miedo y complejidad&nbsp;<\/h2>\n\n\n\n<p>As\u00ed lo informa UNICEF en su \u00faltimo informe, publicado este martes 8 de agosto, donde tambi\u00e9n describen la situaci\u00f3n como \u201ccatastr\u00f3fica\u201d. De los m\u00e1s de 5 millones de haitianos v\u00edctimas de la violencia continuada, 3 millones son ni\u00f1os. Lo que es lo mismo, 3 de cada 5 personas con necesidad de ayuda humanitaria, son ni\u00f1os.<\/p>\n\n\n\n<p>El comunicado destaca un \u201caumento de la violencia, los saqueos, los bloques de carreteras y la omnipresencia de grupos armados\u201d respecto al a\u00f1o anterior, factores que incrementan el entorno \u201cde miedo y complejidad\u201d en el pa\u00eds y entre sus ciudadanos. Este contexto incluye ataques sistem\u00e1ticos a escuelas, sistemas sanitarios \u201cal borde del colapso\u201d, violencia sexual y secuestros. En los primeros 6 meses de este 2023, ya hay \u201caproximadamente 300 casos confirmados\u201d de secuestros.<\/p>\n\n\n\n<h2 class=\"wp-block-heading\">Las mujeres y los ni\u00f1os \u201cno son moneda de cambio\u201d<\/h2>\n\n\n\n<p>Gary Conille, director regional de UNICEF para Am\u00e9rica Latina y el Caribe, manifiesta la \u201cinaceptabilidad\u201d de la situaci\u00f3n actual: \u201clas mujeres y los ni\u00f1os no son mercanc\u00edas. No son moneda de cambio. Nunca deber\u00edan estar expuestos a una violencia tan inimaginable. El aumento de los secuestros es extremadamente preocupante, y amenaza tanto a la poblaci\u00f3n de Hait\u00ed como a quienes est\u00e1n all\u00ed para ayudarles\u00bb.<\/p>\n\n\n\n<p>Por su parte UNICEF \u201cest\u00e1 firmemente comprometido a proporcionar ayuda y apoyo a los ni\u00f1os de Hait\u00ed\u201d, suministrando \u201casistencia vital, garantizando el acceso a la atenci\u00f3n m\u00e9dica, apoyo psicosocial y espacios seguros donde los ni\u00f1os puedan comenzar el proceso de curaci\u00f3n y recuperaci\u00f3n\u201d.<\/p>\n\n\n\n<p>Fuente: <a href=\"https:\/\/www.vaticannews.va\/es\/mundo\/news\/2023-08\/unicef-haiti-3-millones-ninos-necesitan-ayuda-humanitaria.html\">https:\/\/www.vaticannews.va\/es\/mundo\/news\/2023-08\/unicef-haiti-3-millones-ninos-necesitan-ayuda-humanitaria.html<\/a><\/p>\n","protected":false},"excerpt":{"rendered":"<p>En su \u00faltimo informe respecto la situaci\u00f3n de los ni\u00f1os y ni\u00f1as en Hait\u00ed, UNICEF presenta cifras desoladoras \u00abcasi la [&hellip;]<\/p>\n","protected":false},"author":1,"featured_media":56356,"comment_status":"open","ping_status":"open","sticky":false,"template":"","format":"standard","meta":{"site-sidebar-layout":"default","site-content-layout":"","ast-site-content-layout":"default","site-content-style":"default","site-sidebar-style":"default","ast-global-header-display":"","ast-banner-title-visibility":"","ast-main-header-display":"","ast-hfb-above-header-display":"","ast-hfb-below-header-display":"","ast-hfb-mobile-header-display":"","site-post-title":"","ast-breadcrumbs-content":"","ast-featured-img":"","footer-sml-layout":"","theme-transparent-header-meta":"","adv-header-id-meta":"","stick-header-meta":"","header-above-stick-meta":"","header-main-stick-meta":"","header-below-stick-meta":"","astra-migrate-meta-layouts":"default","ast-page-background-enabled":"default","ast-page-background-meta":{"desktop":{"background-color":"var(--ast-global-color-4)","background-image":"","background-repeat":"repeat","background-position":"center center","background-size":"auto","background-attachment":"scroll","background-type":"","background-media":"","overlay-type":"","overlay-color":"","overlay-opacity":"","overlay-gradient":""},"tablet":{"background-color":"","background-image":"","background-repeat":"repeat","background-position":"center center","background-size":"auto","background-attachment":"scroll","background-type":"","background-media":"","overlay-type":"","overlay-color":"","overlay-opacity":"","overlay-gradient":""},"mobile":{"background-color":"","background-image":"","background-repeat":"repeat","background-position":"center center","background-size":"auto","background-attachment":"scroll","background-type":"","background-media":"","overlay-type":"","overlay-color":"","overlay-opacity":"","overlay-gradient":""}},"ast-content-background-meta":{"desktop":{"background-color":"var(--ast-global-color-5)","background-image":"","background-repeat":"repeat","background-position":"center center","background-size":"auto","background-attachment":"scroll","background-type":"","background-media":"","overlay-type":"","overlay-color":"","overlay-opacity":"","overlay-gradient":""},"tablet":{"background-color":"var(--ast-global-color-5)","background-image":"","background-repeat":"repeat","background-position":"center center","background-size":"auto","background-attachment":"scroll","background-type":"","background-media":"","overlay-type":"","overlay-color":"","overlay-opacity":"","overlay-gradient":""},"mobile":{"background-color":"var(--ast-global-color-5)","background-image":"","background-repeat":"repeat","background-position":"center center","background-size":"auto","background-attachment":"scroll","background-type":"","background-media":"","overlay-type":"","overlay-color":"","overlay-opacity":"","overlay-gradient":""}},"footnotes":""},"categories":[8],"tags":[4793,17914,17915,11813],"class_list":["post-56355","post","type-post","status-publish","format-standard","has-post-thumbnail","hentry","category-noticias","tag-haiti-2","tag-hambruna-violencia","tag-ninos-haitianos","tag-pobreza"],"_links":{"self":[{"href":"https:\/\/losperiodistas.com.mx\/portal\/wp-json\/wp\/v2\/posts\/56355","targetHints":{"allow":["GET"]}}],"collection":[{"href":"https:\/\/losperiodistas.com.mx\/portal\/wp-json\/wp\/v2\/posts"}],"about":[{"href":"https:\/\/losperiodistas.com.mx\/portal\/wp-json\/wp\/v2\/types\/post"}],"author":[{"embeddable":true,"href":"https:\/\/losperiodistas.com.mx\/portal\/wp-json\/wp\/v2\/users\/1"}],"replies":[{"embeddable":true,"href":"https:\/\/losperiodistas.com.mx\/portal\/wp-json\/wp\/v2\/comments?post=56355"}],"version-history":[{"count":1,"href":"https:\/\/losperiodistas.com.mx\/portal\/wp-json\/wp\/v2\/posts\/56355\/revisions"}],"predecessor-version":[{"id":56357,"href":"https:\/\/losperiodistas.com.mx\/portal\/wp-json\/wp\/v2\/posts\/56355\/revisions\/56357"}],"wp:featuredmedia":[{"embeddable":true,"href":"https:\/\/losperiodistas.com.mx\/portal\/wp-json\/wp\/v2\/media\/56356"}],"wp:attachment":[{"href":"https:\/\/losperiodistas.com.mx\/portal\/wp-json\/wp\/v2\/media?parent=56355"}],"wp:term":[{"taxonomy":"category","embeddable":true,"href":"https:\/\/losperiodistas.com.mx\/portal\/wp-json\/wp\/v2\/categories?post=56355"},{"taxonomy":"post_tag","embeddable":true,"href":"https:\/\/losperiodistas.com.mx\/portal\/wp-json\/wp\/v2\/tags?post=56355"}],"curies":[{"name":"wp","href":"https:\/\/api.w.org\/{rel}","templated":true}]}}