{"id":56338,"date":"2023-08-08T21:11:56","date_gmt":"2023-08-09T02:11:56","guid":{"rendered":"http:\/\/losperiodistas.com.mx\/portal\/?p=56338"},"modified":"2023-08-08T21:12:01","modified_gmt":"2023-08-09T02:12:01","slug":"nuevos-libros-de-la-sep-el-que-hace-la-clase-es-el-docente-el-libro-es-un-apoyo-ehm","status":"publish","type":"post","link":"https:\/\/losperiodistas.com.mx\/portal\/nuevos-libros-de-la-sep-el-que-hace-la-clase-es-el-docente-el-libro-es-un-apoyo-ehm\/","title":{"rendered":"Nuevos libros de la SEP: \u00abel que hace la clase es el docente, el libro es un apoyo\u00bb EHM"},"content":{"rendered":"\n<h2 class=\"has-light-green-cyan-background-color has-background has-medium-font-size wp-block-heading\">Los nuevos libros de la SEP fueron elaborados por m\u00e1s de mil 900 profesores y expertos, afirm\u00f3 este martes Leticia Ram\u00edrez<\/h2>\n\n\n\n<div class=\"wp-block-image\"><figure class=\"aligncenter size-full\"><img fetchpriority=\"high\" decoding=\"async\" width=\"960\" height=\"540\" src=\"https:\/\/losperiodistas.com.mx\/portal\/wp-content\/uploads\/2023\/08\/f960x540-780554_854629_0.jpeg\" alt=\"\" class=\"wp-image-56339\" srcset=\"https:\/\/losperiodistas.com.mx\/portal\/wp-content\/uploads\/2023\/08\/f960x540-780554_854629_0.jpeg 960w, https:\/\/losperiodistas.com.mx\/portal\/wp-content\/uploads\/2023\/08\/f960x540-780554_854629_0-300x169.jpeg 300w, https:\/\/losperiodistas.com.mx\/portal\/wp-content\/uploads\/2023\/08\/f960x540-780554_854629_0-768x432.jpeg 768w\" sizes=\"(max-width: 960px) 100vw, 960px\" \/><figcaption><em>La titular de la SEP explic\u00f3 a detalle lo relacionado con los libros de texto gratuitos.Cr\u00e9ditos: Especial.<\/em><\/figcaption><\/figure><\/div>\n\n\n\n<p class=\"has-vivid-red-color has-text-color has-medium-font-size\"><strong>DIANA MABEL GONZ\u00c1LEZ SALGADO \/ EL HERALDO DE M\u00c9XICO<\/strong><\/p>\n\n\n\n<p>El ciclo escolar 2023-2024 de educaci\u00f3n b\u00e1sica en M\u00e9xico est\u00e1 a punto de comenzar, pero la pol\u00e9mica que rodea a los libros de texto gratuitos que se repartir\u00e1n en este regreso a clases no para, por ello el Gobierno federal instaur\u00f3 conferencias de prensa vespertinas las cuales son impartidas por la titular de la Secretar\u00eda de Educaci\u00f3n P\u00fablica (SEP), Leticia Ram\u00edrez, y comenzaron martes 8 de agosto, tres semanas antes de que los estudiantes vuelvan a las aulas.\u00a0<\/p>\n\n\n\n<p>En ese mismo tenor, Marx Arriaga, encargado del dise\u00f1o y elaboraci\u00f3n de los nuevos Libros de Texto, inform\u00f3 que m\u00e1s de 1900 profesores y expertos participaron en la elaboraci\u00f3n de los contenidos, para los cuales se realizaron 32 asambleas nacionales y se consult\u00f3 a las familias alrededor de M\u00e9xico. El trabajo final fueron 33 libros, los cuales se entregar\u00e1n en las pr\u00f3ximas semanas. Cabe se\u00f1alar que dichas audiencias se pueden ver en YouTube.<\/p>\n\n\n\n<figure class=\"wp-block-embed is-type-rich is-provider-twitter wp-block-embed-twitter\"><div class=\"wp-block-embed__wrapper\">\n<blockquote class=\"twitter-tweet\" data-width=\"500\" data-dnt=\"true\"><p lang=\"es\" dir=\"ltr\">Te invitamos a la Conferencia encabezada por la secretaria <a href=\"https:\/\/twitter.com\/Letamaya?ref_src=twsrc%5Etfw\">@Letamaya<\/a> en compa\u00f1\u00eda de especialistas para hablar sobre los Nuevos Libros de Texto Gratuitos, por la Escuela P\u00fablica y Humanista.<a href=\"https:\/\/twitter.com\/hashtag\/LibrosQueTransforman?src=hash&amp;ref_src=twsrc%5Etfw\">#LibrosQueTransforman<\/a><a href=\"https:\/\/twitter.com\/hashtag\/EducarParaTransformar?src=hash&amp;ref_src=twsrc%5Etfw\">#EducarParaTransformar<\/a><br><br>\u00a1Acomp\u00e1\u00f1anos!\ud83d\udcfa <a href=\"https:\/\/t.co\/N2lBRWXzxW\">https:\/\/t.co\/N2lBRWXzxW<\/a><\/p>&mdash; SEP M\u00e9xico (@SEP_mx) <a href=\"https:\/\/twitter.com\/SEP_mx\/status\/1689053880485584896?ref_src=twsrc%5Etfw\">August 8, 2023<\/a><\/blockquote><script async src=\"https:\/\/platform.twitter.com\/widgets.js\" charset=\"utf-8\"><\/script>\n<\/div><\/figure>\n\n\n\n<p>Arriaga agreg\u00f3 que si hay m\u00e1s de 20 errores es culpa del director general, no de los editores, pues \u201cellos hicieron un excelente trabajo\u201d. Adem\u00e1s compar\u00f3 los errores que los libros de texto gratuitos actuales tienen con los que se han registrado en a\u00f1os pasados.\u00a0<\/p>\n\n\n\n<h2 class=\"wp-block-heading\"><strong>\u00bfPor qu\u00e9 hay menos matem\u00e1ticas?<\/strong><\/h2>\n\n\n\n<p>Max Arriaga se\u00f1al\u00f3 que era necesario \u201cun giro de tuerca\u201d en los libros de texto\u00a0 y agreg\u00f3 que la educaci\u00f3n en M\u00e9xico vive una transici\u00f3n de la epistemolog\u00eda a un conocimiento activo. Por ello las matem\u00e1ticas no se deben ense\u00f1ar con los modelos tradicionales, sino mediante una pedagog\u00eda cr\u00edtica. Justificando as\u00ed que el material de dicha asignatura haya pasado de 200 a 20 p\u00e1ginas.\u00a0<\/p>\n\n\n\n<p>Es de recordar que este tema es uno de los m\u00e1s criticados en esta nueva edici\u00f3n de libros de texto gratuitos, pues tanto la sociedad como los expertos consideran que las matem\u00e1ticas son una materia fundamental que se usa a la largo de toda la vida, no solo escolar.&nbsp;<\/p>\n\n\n\n<figure class=\"wp-block-image\"><img decoding=\"async\" src=\"https:\/\/heraldodemexico.com.mx\/u\/fotografias\/m\/2023\/8\/8\/f768x1-780596_780723_42.jpeg\" alt=\"\"\/><figcaption>Con argumentos se defendi\u00f3 la edici\u00f3n de los textos. Foto: especial.&nbsp;<\/figcaption><\/figure>\n\n\n\n<h2 class=\"wp-block-heading\"><strong>La participaci\u00f3n de los maestros<\/strong><\/h2>\n\n\n\n<p>Sin duda los profesores son parte fundamental de la educaci\u00f3n en el pa\u00eds, por ello se preparan constantemente para enfrentar los retos que enfrentan en su labor docente, as\u00ed lo se\u00f1al\u00f3 la secretaria de Educaci\u00f3n, Leticia Ram\u00edrez en la conferencia de prensa.\u00a0<\/p>\n\n\n\n<blockquote class=\"wp-block-quote is-layout-flow wp-block-quote-is-layout-flow\"><p>\u201cLos maestros son profesionales de la educaci\u00f3n y hay una actualizaci\u00f3n permanente, por lo que hay que adaptarse a las nuevas realidades\u201d, se\u00f1al\u00f3 Ram\u00edrez.&nbsp;<\/p><\/blockquote>\n\n\n\n<p>Por ello dijo que la formaci\u00f3n continua de profesores es fundamental para que estos se adapten a los nuevos libros y el plan de estudio, para que comprendan los proyectos y planes de estudios. Se agreg\u00f3 que \u201cel que hace la clase es el docente, el libro es un apoyo\u201d.\u00a0<\/p>\n\n\n\n<p>Fuente: <a href=\"https:\/\/heraldodemexico.com.mx\/nacional\/2023\/8\/8\/nuevos-libros-de-la-sep-el-que-hace-la-clase-es-el-docente-el-libro-es-un-apoyo-528753.html\">https:\/\/heraldodemexico.com.mx\/nacional\/2023\/8\/8\/nuevos-libros-de-la-sep-el-que-hace-la-clase-es-el-docente-el-libro-es-un-apoyo-528753.html<\/a><\/p>\n","protected":false},"excerpt":{"rendered":"<p>Los nuevos libros de la SEP fueron elaborados por m\u00e1s de mil 900 profesores y expertos, afirm\u00f3 este martes Leticia [&hellip;]<\/p>\n","protected":false},"author":1,"featured_media":56339,"comment_status":"open","ping_status":"open","sticky":false,"template":"","format":"standard","meta":{"site-sidebar-layout":"default","site-content-layout":"","ast-site-content-layout":"default","site-content-style":"default","site-sidebar-style":"default","ast-global-header-display":"","ast-banner-title-visibility":"","ast-main-header-display":"","ast-hfb-above-header-display":"","ast-hfb-below-header-display":"","ast-hfb-mobile-header-display":"","site-post-title":"","ast-breadcrumbs-content":"","ast-featured-img":"","footer-sml-layout":"","theme-transparent-header-meta":"","adv-header-id-meta":"","stick-header-meta":"","header-above-stick-meta":"","header-main-stick-meta":"","header-below-stick-meta":"","astra-migrate-meta-layouts":"default","ast-page-background-enabled":"default","ast-page-background-meta":{"desktop":{"background-color":"var(--ast-global-color-4)","background-image":"","background-repeat":"repeat","background-position":"center center","background-size":"auto","background-attachment":"scroll","background-type":"","background-media":"","overlay-type":"","overlay-color":"","overlay-opacity":"","overlay-gradient":""},"tablet":{"background-color":"","background-image":"","background-repeat":"repeat","background-position":"center center","background-size":"auto","background-attachment":"scroll","background-type":"","background-media":"","overlay-type":"","overlay-color":"","overlay-opacity":"","overlay-gradient":""},"mobile":{"background-color":"","background-image":"","background-repeat":"repeat","background-position":"center center","background-size":"auto","background-attachment":"scroll","background-type":"","background-media":"","overlay-type":"","overlay-color":"","overlay-opacity":"","overlay-gradient":""}},"ast-content-background-meta":{"desktop":{"background-color":"var(--ast-global-color-5)","background-image":"","background-repeat":"repeat","background-position":"center center","background-size":"auto","background-attachment":"scroll","background-type":"","background-media":"","overlay-type":"","overlay-color":"","overlay-opacity":"","overlay-gradient":""},"tablet":{"background-color":"var(--ast-global-color-5)","background-image":"","background-repeat":"repeat","background-position":"center center","background-size":"auto","background-attachment":"scroll","background-type":"","background-media":"","overlay-type":"","overlay-color":"","overlay-opacity":"","overlay-gradient":""},"mobile":{"background-color":"var(--ast-global-color-5)","background-image":"","background-repeat":"repeat","background-position":"center center","background-size":"auto","background-attachment":"scroll","background-type":"","background-media":"","overlay-type":"","overlay-color":"","overlay-opacity":"","overlay-gradient":""}},"footnotes":""},"categories":[8],"tags":[17911,17912,17779,3422],"class_list":["post-56338","post","type-post","status-publish","format-standard","has-post-thumbnail","hentry","category-noticias","tag-conocimiento-activo","tag-epistemologia","tag-libros-de-texto","tag-sep"],"_links":{"self":[{"href":"https:\/\/losperiodistas.com.mx\/portal\/wp-json\/wp\/v2\/posts\/56338","targetHints":{"allow":["GET"]}}],"collection":[{"href":"https:\/\/losperiodistas.com.mx\/portal\/wp-json\/wp\/v2\/posts"}],"about":[{"href":"https:\/\/losperiodistas.com.mx\/portal\/wp-json\/wp\/v2\/types\/post"}],"author":[{"embeddable":true,"href":"https:\/\/losperiodistas.com.mx\/portal\/wp-json\/wp\/v2\/users\/1"}],"replies":[{"embeddable":true,"href":"https:\/\/losperiodistas.com.mx\/portal\/wp-json\/wp\/v2\/comments?post=56338"}],"version-history":[{"count":1,"href":"https:\/\/losperiodistas.com.mx\/portal\/wp-json\/wp\/v2\/posts\/56338\/revisions"}],"predecessor-version":[{"id":56340,"href":"https:\/\/losperiodistas.com.mx\/portal\/wp-json\/wp\/v2\/posts\/56338\/revisions\/56340"}],"wp:featuredmedia":[{"embeddable":true,"href":"https:\/\/losperiodistas.com.mx\/portal\/wp-json\/wp\/v2\/media\/56339"}],"wp:attachment":[{"href":"https:\/\/losperiodistas.com.mx\/portal\/wp-json\/wp\/v2\/media?parent=56338"}],"wp:term":[{"taxonomy":"category","embeddable":true,"href":"https:\/\/losperiodistas.com.mx\/portal\/wp-json\/wp\/v2\/categories?post=56338"},{"taxonomy":"post_tag","embeddable":true,"href":"https:\/\/losperiodistas.com.mx\/portal\/wp-json\/wp\/v2\/tags?post=56338"}],"curies":[{"name":"wp","href":"https:\/\/api.w.org\/{rel}","templated":true}]}}